{"id":365549,"date":"2025-09-04T11:21:12","date_gmt":"2025-09-04T11:21:12","guid":{"rendered":"https:\/\/www.europesays.com\/fr\/365549\/"},"modified":"2025-09-04T11:21:12","modified_gmt":"2025-09-04T11:21:12","slug":"la-construction-du-nouveau-samu-smur-commence","status":"publish","type":"post","link":"https:\/\/www.europesays.com\/fr\/365549\/","title":{"rendered":"La construction du nouveau Samu-Smur commence"},"content":{"rendered":"<p>La premi\u00e8re pierre symbolique du futur b\u00e2timent du Samu-Smur du centre hospitalier universitaire Grenoble Alpes a \u00e9t\u00e9 pos\u00e9e, en pr\u00e9sence notamment du ministre de la Sant\u00e9, Yannick Neuder.<\/p>\n<p>&gt;\u00ab\u00a0Au centre de r\u00e9ception des appels, la salle est trop petite, elle est ancienne, d\u00e9plore Amaury Serafin, assistant de r\u00e9gulation m\u00e9dicale (ARM) superviseur. Il y a du bruit.\u00a0\u00bb Alors, il attend avec impatience le nouveau b\u00e2timent du Samu-Smur du centre hospitalier universitaire Grenoble Alpes (Chuga) qui verra le jour en 2027, pour un co\u00fbt de 16\u00a0millions d\u2019euros. Le 28\u00a0ao\u00fbt, la premi\u00e8re pierre, symbolique, a \u00e9t\u00e9 pos\u00e9e, en pr\u00e9sence notamment du ministre de la Sant\u00e9, Yannick Neuder. <\/p>\n<p><img fetchpriority=\"high\" decoding=\"async\" width=\"1024\" height=\"683\" src=\"https:\/\/www.europesays.com\/fr\/wp-content\/uploads\/2025\/09\/Samu-visite-du-ministre-de-la-sante1-1024x683.jpg\" alt=\"\" class=\"wp-image-4710933\"  \/><\/p>\n<p>\u00ab\u00a0C\u2019est une double pression, d\u00e9j\u00e0 vis-\u00e0-vis de la communaut\u00e9 des soignants, souligne l\u2019Is\u00e9rois. Il est important de s\u2019assurer que leurs conditions de travail donnent envie de pouvoir s\u2019occuper des autres. On doit travailler collectivement \u00e0 ces conditions d\u2019attractivit\u00e9. Et puis, c\u2019est une pression vis-\u00e0-vis des patients. La sant\u00e9 est au c\u0153ur des pr\u00e9occupations des Fran\u00e7ais.\u00a0\u00bb<\/p>\n<p>\u00ab\u00a0Un h\u00f4pital qui avance\u00a0\u00bb<\/p>\n<p>Sur une surface de 4\u00a0100\u00a0m2 \u2014 le b\u00e2timent actuel fait environ 2\u00a0600\u00a0m2 \u2014 le nouvel espace accueillera le service mobile d\u2019urgence et de r\u00e9animation (Smur), avec un garage de 14 ambulances, le service ambulances du Chuga, le centre de r\u00e9ception et de r\u00e9gulation des appels, le service d\u2019acc\u00e8s aux soins, l\u2019unit\u00e9 risques collectifs et situations exceptionnelles et le service de secours en montagne. Il h\u00e9bergera \u00e9galement la cellule d\u2019urgence m\u00e9dico-psychologique et possiblement le service d\u2019acc\u00e8s aux soins psychiatriques, si la candidature grenobloise est retenue. <\/p>\n<p>Enfin, le nouveau b\u00e2timent servira de lieu de formation des ARM et de centre d\u2019enseignement des soins d\u2019urgence. \u00ab\u00a0Ce projet est le symbole d\u2019un h\u00f4pital qui avance\u00a0\u00bb, appr\u00e9cie Monique Sorrentino, directrice g\u00e9n\u00e9rale du Chuga. Et cela malgr\u00e9 un contexte, national et local, \u00ab\u00a0difficile\u00a0\u00bb, selon les mots du chef de service du Samu-Smur 38, Guillaume Debaty, \u00e9voquant les r\u00e9gulations des urgences. <\/p>\n<p><img loading=\"lazy\" decoding=\"async\" width=\"1024\" height=\"683\" src=\"https:\/\/www.europesays.com\/fr\/wp-content\/uploads\/2025\/09\/Samu-visite-du-ministre-de-la-sante8-1024x683.jpg\" alt=\"\" class=\"wp-image-4710934\"  \/><\/p>\n<p>\u00c9ric Piolle, maire de Grenoble et pr\u00e9sident du conseil de surveillance du Chuga, a r\u00e9sum\u00e9 la situation\u00a0: \u00ab\u00a0C\u2019est un temps de joie collectif de poser cette premi\u00e8re pierre, mais elle ne nous extrait pas de la crise de la sant\u00e9.\u00a0\u00bb<\/p>\n","protected":false},"excerpt":{"rendered":"La premi\u00e8re pierre symbolique du futur b\u00e2timent du Samu-Smur du centre hospitalier universitaire Grenoble Alpes a \u00e9t\u00e9 pos\u00e9e,&hellip;\n","protected":false},"author":2,"featured_media":365550,"comment_status":"","ping_status":"","sticky":false,"template":"","format":"standard","meta":{"footnotes":""},"categories":[9566],"tags":[1111,11,2430,1777,674,1011,27,2731,12,25],"class_list":{"0":"post-365549","1":"post","2":"type-post","3":"status-publish","4":"format-standard","5":"has-post-thumbnail","7":"category-grenoble","8":"tag-actu","9":"tag-actualites","10":"tag-auvergne-rhone-alpes","11":"tag-eu","12":"tag-europe","13":"tag-fr","14":"tag-france","15":"tag-grenoble","16":"tag-news","17":"tag-republique-francaise"},"share_on_mastodon":{"url":"https:\/\/pubeurope.com\/@fr\/115145768071365603","error":""},"_links":{"self":[{"href":"https:\/\/www.europesays.com\/fr\/wp-json\/wp\/v2\/posts\/365549","targetHints":{"allow":["GET"]}}],"collection":[{"href":"https:\/\/www.europesays.com\/fr\/wp-json\/wp\/v2\/posts"}],"about":[{"href":"https:\/\/www.europesays.com\/fr\/wp-json\/wp\/v2\/types\/post"}],"author":[{"embeddable":true,"href":"https:\/\/www.europesays.com\/fr\/wp-json\/wp\/v2\/users\/2"}],"replies":[{"embeddable":true,"href":"https:\/\/www.europesays.com\/fr\/wp-json\/wp\/v2\/comments?post=365549"}],"version-history":[{"count":0,"href":"https:\/\/www.europesays.com\/fr\/wp-json\/wp\/v2\/posts\/365549\/revisions"}],"wp:featuredmedia":[{"embeddable":true,"href":"https:\/\/www.europesays.com\/fr\/wp-json\/wp\/v2\/media\/365550"}],"wp:attachment":[{"href":"https:\/\/www.europesays.com\/fr\/wp-json\/wp\/v2\/media?parent=365549"}],"wp:term":[{"taxonomy":"category","embeddable":true,"href":"https:\/\/www.europesays.com\/fr\/wp-json\/wp\/v2\/categories?post=365549"},{"taxonomy":"post_tag","embeddable":true,"href":"https:\/\/www.europesays.com\/fr\/wp-json\/wp\/v2\/tags?post=365549"}],"curies":[{"name":"wp","href":"https:\/\/api.w.org\/{rel}","templated":true}]}}