{"id":365551,"date":"2025-09-04T11:22:18","date_gmt":"2025-09-04T11:22:18","guid":{"rendered":"https:\/\/www.europesays.com\/fr\/365551\/"},"modified":"2025-09-04T11:22:18","modified_gmt":"2025-09-04T11:22:18","slug":"accord-local-non-reconduit-christophe-ferrari-fustige-la-decision","status":"publish","type":"post","link":"https:\/\/www.europesays.com\/fr\/365551\/","title":{"rendered":"Accord local non reconduit : Christophe Ferrari fustige la d\u00e9cision"},"content":{"rendered":"<p>C\u2019est avec une amer\u00adtume \u00e0 peine voi\u00adl\u00e9e que Christophe Ferrari s\u2019est fendu, le 3 sep\u00adtembre 2025, d\u2019un com\u00admu\u00adni\u00adqu\u00e9 o\u00f9 trans\u00adpa\u00adra\u00eet \u00e9ga\u00adle\u00adment son aga\u00adce\u00adment. Le pr\u00e9\u00adsident de <a href=\"https:\/\/www.grenoblealpesmetropole.fr\/\" target=\"_blank\" rel=\"noopener nofollow\">Grenoble-Alpes M\u00e9tropole<\/a> qui a <a href=\"https:\/\/www.placegrenet.fr\/2025\/07\/18\/christophe-ferrari-president-de-grenoble-alpes-metropole-ecrit-a-ses-administres-pour-les-10-ans-de-la-metropole\/656333\" target=\"_blank\" rel=\"noopener nofollow\">c\u00e9l\u00e9\u00adbr\u00e9 les 10 ans<\/a> de l\u2019in\u00adter\u00adcom\u00admu\u00adna\u00adlit\u00e9, y fus\u00adtige la d\u00e9ci\u00adsion de la majo\u00adrit\u00e9 \u00e9co\u00adlo\u00adgiste d\u2019\u00c9ric Piolle de ne pas recon\u00adduire l\u2019accord local de repr\u00e9\u00adsen\u00adta\u00adti\u00advit\u00e9 au sein du conseil m\u00e9tro\u00adpo\u00adli\u00adtain au-del\u00e0 de 2025. Une d\u00e9ci\u00adsion jug\u00e9e \u00ab\u00a0bru\u00adtale\u00a0\u00bb, por\u00adteuse d\u2019un d\u00e9s\u00ad\u00e9qui\u00adlibre ins\u00adti\u00adtu\u00adtion\u00adnel et d\u2019un affai\u00adblis\u00adse\u00adment de la d\u00e9mo\u00adcra\u00adtie inter\u00adcom\u00admu\u00adnale, au d\u00e9tri\u00adment des villes moyennes de l\u2019agglom\u00e9ration.<\/p>\n<p>En effet, depuis plus de dix ans, l\u2019accord local per\u00admet\u00adtait de cor\u00adri\u00adger les d\u00e9s\u00ad\u00e9qui\u00adlibres d\u00e9mo\u00adgra\u00adphiques en offrant un second si\u00e8ge m\u00e9tro\u00adpo\u00adli\u00adtain \u00e0 neuf com\u00admunes de taille inter\u00adm\u00e9\u00addiaire comme Claix, Vizille ou encore La Tronche. Un dis\u00adpo\u00adsi\u00adtif qui consti\u00adtuait pour Christophe Ferrari \u00ab\u00a0une brique fon\u00adda\u00admen\u00adtale de la coop\u00e9\u00adra\u00adtion inter\u00adcom\u00admu\u00adnale, essence m\u00eame de la M\u00e9tropole \u00bb.<\/p>\n<p><a href=\"https:\/\/www.europesays.com\/fr\/wp-content\/uploads\/2025\/09\/Accord-local-Grenoble-Alpes-Metropole-\u00a9-Morgane-Poulet-Place-Grenet-scaled.jpg\"><img fetchpriority=\"high\" decoding=\"async\" aria-describedby=\"caption-attachment-639081\" class=\"wp-image-639081 size-full\" src=\"data:image\/svg+xml,%3Csvg%20xmlns=\" http:=\"\" alt=\"Les repr\u00e9sentants des neuf communes concern\u00e9es par l'accord local de Grenoble Alpes M\u00e9tropole \u00a9 Morgane Poulet - Place Gre'net.\" width=\"2048\" height=\"1040\" data-lazy- data-lazy- data-lazy-src=\"https:\/\/www.europesays.com\/fr\/wp-content\/uploads\/2025\/09\/Accord-local-Grenoble-Alpes-Metropole-\u00a9-Morgane-Poulet-Place-Grenet-scaled.jpg\"\/><\/a><\/p>\n<p id=\"caption-attachment-639081\" class=\"wp-caption-text\">Les \u00e9lus de Claix, Dom\u00e8ne, Gi\u00e8res, La Tronche, Saint-Martin-le-Vinoux, Seyssins, Varces-Alli\u00e8res-et-Risset, Vif et Vizille s\u2019\u00e9\u00adtaient inqui\u00e9\u00adt\u00e9s de l\u2019a\u00adve\u00adnir de Grenoble Alpes M\u00e9tropole. \u00a9 Morgane Poulet \u2013 Place Gre\u2019net.<\/p>\n<p>En prin\u00adcipe, la Ville de Grenoble avait jusqu\u2019au 31 ao\u00fbt 2025 pour main\u00adte\u00adnir ou refu\u00adser la recon\u00adduc\u00adtion de cet accord. \u00ab\u00a0Je prends acte du fait que la majo\u00adrit\u00e9 muni\u00adci\u00adpale men\u00e9e par \u00c9ric Piolle n\u2019ait pas recon\u00adsi\u00add\u00e9r\u00e9 la d\u00e9ci\u00adsion bru\u00adtale, <a href=\"https:\/\/www.placegrenet.fr\/2024\/10\/25\/nous-sommes-tous-consternes-a-grenoble-alpes-metropole-incomprehension-face-a-la-decision-du-maire-de-grenoble-de-rompre-laccord-local-du-conseil-metropolitain\/639088\" target=\"_blank\" rel=\"noopener nofollow\">prise \u00e0 l\u2019automne der\u00adnier<\/a>, d\u2019y mettre fin et le d\u00e9plore pro\u00adfon\u00add\u00e9\u00adment\u00a0\u00bb, affirme le pr\u00e9\u00adsident, esti\u00admant que le refus gre\u00adno\u00adblois fra\u00adgi\u00adlise l\u2019\u00e9quilibre entre la ville-centre et ses voisines.<\/p>\n<p>Dans ce jeu \u00e0 somme quasi nulle \u2013 un v\u00e9ri\u00adtable \u00ab\u00a0hold-up\u00a0\u00bb, <a href=\"https:\/\/www.placegrenet.fr\/2024\/11\/14\/fin-de-laccord-local-un-hold-up-pour-le-president-de-la-metropole-christophe-ferrari\/640208\" target=\"_blank\" rel=\"noopener nofollow\">avait-il d\u00e9clar\u00e9<\/a> \u2013 tous y laissent des plumes. De fait, Grenoble gagne peu et les com\u00admunes perdent beau\u00adcoup car la jus\u00adti\u00adfi\u00adca\u00adtion avan\u00adc\u00e9e par la capi\u00adtale des Alpes \u2013 ren\u00adfor\u00adcer sa propre repr\u00e9\u00adsen\u00adta\u00adti\u00advit\u00e9 \u2013 ne tient pas, assure le pr\u00e9\u00adsident de la M\u00e9tro. Certes, la ville-centre gagne un si\u00e8ge sup\u00adpl\u00e9\u00admen\u00adtaire mais neuf com\u00admunes en perdent autant.<\/p>\n","protected":false},"excerpt":{"rendered":"C\u2019est avec une amer\u00adtume \u00e0 peine voi\u00adl\u00e9e que Christophe Ferrari s\u2019est fendu, le 3 sep\u00adtembre 2025, d\u2019un com\u00admu\u00adni\u00adqu\u00e9&hellip;\n","protected":false},"author":2,"featured_media":365552,"comment_status":"","ping_status":"","sticky":false,"template":"","format":"standard","meta":{"footnotes":""},"categories":[9566],"tags":[1111,11,2430,1777,674,1011,27,2731,12,25],"class_list":{"0":"post-365551","1":"post","2":"type-post","3":"status-publish","4":"format-standard","5":"has-post-thumbnail","7":"category-grenoble","8":"tag-actu","9":"tag-actualites","10":"tag-auvergne-rhone-alpes","11":"tag-eu","12":"tag-europe","13":"tag-fr","14":"tag-france","15":"tag-grenoble","16":"tag-news","17":"tag-republique-francaise"},"share_on_mastodon":{"url":"https:\/\/pubeurope.com\/@fr\/115145771823582908","error":""},"_links":{"self":[{"href":"https:\/\/www.europesays.com\/fr\/wp-json\/wp\/v2\/posts\/365551","targetHints":{"allow":["GET"]}}],"collection":[{"href":"https:\/\/www.europesays.com\/fr\/wp-json\/wp\/v2\/posts"}],"about":[{"href":"https:\/\/www.europesays.com\/fr\/wp-json\/wp\/v2\/types\/post"}],"author":[{"embeddable":true,"href":"https:\/\/www.europesays.com\/fr\/wp-json\/wp\/v2\/users\/2"}],"replies":[{"embeddable":true,"href":"https:\/\/www.europesays.com\/fr\/wp-json\/wp\/v2\/comments?post=365551"}],"version-history":[{"count":0,"href":"https:\/\/www.europesays.com\/fr\/wp-json\/wp\/v2\/posts\/365551\/revisions"}],"wp:featuredmedia":[{"embeddable":true,"href":"https:\/\/www.europesays.com\/fr\/wp-json\/wp\/v2\/media\/365552"}],"wp:attachment":[{"href":"https:\/\/www.europesays.com\/fr\/wp-json\/wp\/v2\/media?parent=365551"}],"wp:term":[{"taxonomy":"category","embeddable":true,"href":"https:\/\/www.europesays.com\/fr\/wp-json\/wp\/v2\/categories?post=365551"},{"taxonomy":"post_tag","embeddable":true,"href":"https:\/\/www.europesays.com\/fr\/wp-json\/wp\/v2\/tags?post=365551"}],"curies":[{"name":"wp","href":"https:\/\/api.w.org\/{rel}","templated":true}]}}