{"id":365553,"date":"2025-09-04T11:23:10","date_gmt":"2025-09-04T11:23:10","guid":{"rendered":"https:\/\/www.europesays.com\/fr\/365553\/"},"modified":"2025-09-04T11:23:10","modified_gmt":"2025-09-04T11:23:10","slug":"jeunes-saints-leurs-citations-en-signets-a-offrir","status":"publish","type":"post","link":"https:\/\/www.europesays.com\/fr\/365553\/","title":{"rendered":"Jeunes saints, leurs citations en signets \u00e0 offrir !"},"content":{"rendered":"<p style=\"text-align: justify\">A l\u2019occasion de la canonisation des jeunes Carlo Acutis et Pier Giorgio Frassati, nous vous proposons des signets-souvenir \u00e0 glisser comme marque page dans un livre, \u00e0 offrir autour de soi, \u00e0 laisser sur une table au fond de l\u2019\u00e9glise,..<\/p>\n<p style=\"text-align: justify\">Les saints avaient de belles mani\u00e8res d\u2019exprimer leur foi, leur esp\u00e9rance et la fa\u00e7on d\u2019aimer leur prochain. Vous trouverez au dos de ces signets des phrases inspirantes pour notre quotidien !<\/p>\n<p>Ces signets peuvent \u00eatre t\u00e9l\u00e9charg\u00e9s sans mod\u00e9ration et \u00eatre imprim\u00e9s, plastifi\u00e9s, d\u00e9coup\u00e9s et partag\u00e9s \u00e0 volont\u00e9 !<\/p>\n","protected":false},"excerpt":{"rendered":"A l\u2019occasion de la canonisation des jeunes Carlo Acutis et Pier Giorgio Frassati, nous vous proposons des signets-souvenir&hellip;\n","protected":false},"author":2,"featured_media":365554,"comment_status":"","ping_status":"","sticky":false,"template":"","format":"standard","meta":{"footnotes":""},"categories":[2821],"tags":[1111,11,829,1777,674,1011,27,12,584,25],"class_list":{"0":"post-365553","1":"post","2":"type-post","3":"status-publish","4":"format-standard","5":"has-post-thumbnail","7":"category-rennes","8":"tag-actu","9":"tag-actualites","10":"tag-bretagne","11":"tag-eu","12":"tag-europe","13":"tag-fr","14":"tag-france","15":"tag-news","16":"tag-rennes","17":"tag-republique-francaise"},"share_on_mastodon":{"url":"https:\/\/pubeurope.com\/@fr\/115145775766802369","error":""},"_links":{"self":[{"href":"https:\/\/www.europesays.com\/fr\/wp-json\/wp\/v2\/posts\/365553","targetHints":{"allow":["GET"]}}],"collection":[{"href":"https:\/\/www.europesays.com\/fr\/wp-json\/wp\/v2\/posts"}],"about":[{"href":"https:\/\/www.europesays.com\/fr\/wp-json\/wp\/v2\/types\/post"}],"author":[{"embeddable":true,"href":"https:\/\/www.europesays.com\/fr\/wp-json\/wp\/v2\/users\/2"}],"replies":[{"embeddable":true,"href":"https:\/\/www.europesays.com\/fr\/wp-json\/wp\/v2\/comments?post=365553"}],"version-history":[{"count":0,"href":"https:\/\/www.europesays.com\/fr\/wp-json\/wp\/v2\/posts\/365553\/revisions"}],"wp:featuredmedia":[{"embeddable":true,"href":"https:\/\/www.europesays.com\/fr\/wp-json\/wp\/v2\/media\/365554"}],"wp:attachment":[{"href":"https:\/\/www.europesays.com\/fr\/wp-json\/wp\/v2\/media?parent=365553"}],"wp:term":[{"taxonomy":"category","embeddable":true,"href":"https:\/\/www.europesays.com\/fr\/wp-json\/wp\/v2\/categories?post=365553"},{"taxonomy":"post_tag","embeddable":true,"href":"https:\/\/www.europesays.com\/fr\/wp-json\/wp\/v2\/tags?post=365553"}],"curies":[{"name":"wp","href":"https:\/\/api.w.org\/{rel}","templated":true}]}}