{"id":365555,"date":"2025-09-04T11:24:12","date_gmt":"2025-09-04T11:24:12","guid":{"rendered":"https:\/\/www.europesays.com\/fr\/365555\/"},"modified":"2025-09-04T11:24:12","modified_gmt":"2025-09-04T11:24:12","slug":"une-seance-pleine-en-quatre-minutes-incroyable-engouement-pour-la-venue-dorelsan-dans-cette-petite-commune-pres-de-rennes","status":"publish","type":"post","link":"https:\/\/www.europesays.com\/fr\/365555\/","title":{"rendered":"Une s\u00e9ance \u00ab pleine en quatre minutes \u00bb : incroyable engouement pour la venue d\u2019Orelsan dans cette petite commune pr\u00e8s de Rennes"},"content":{"rendered":"<p>Article r\u00e9serv\u00e9 aux abonn\u00e9s<\/p>\n<p>Le 04 septembre 2025 \u00e0 12h30<\/p>\n<p class=\"tlg-h5\">Quel est le point commun entre Caen, Bordeaux, Lyon et Vern-sur-Seiche, pr\u00e8s de Rennes\u00a0? En octobre, toutes ces villes accueilleront en avant-premi\u00e8re de \u00ab\u00a0Yoro\u00ef\u00a0\u00bb, le prochain film du chanteur Orelsan. Il fera \u00e9tape au Cin\u00e9ville mardi 14\u00a0octobre.<\/p>\n<p><img fetchpriority=\"high\" decoding=\"async\" src=\"https:\/\/www.europesays.com\/fr\/wp-content\/uploads\/2025\/09\/68b96a7d7dea9ee5c1036fbb.1.jpeg\" width=\"960\" height=\"600\" class=\"web_golden_xl\" loading=\"eager\" alt=\"Le rappeur Orelsan, ici aux Vieilles Charrues en 2018, a mis en vente ses disques d'or pour reverser les sommes au personnel soignant.\"\/>Le rappeur Orelsan, ici aux Vieilles Charrues en 2018, a mis en vente ses disques d&rsquo;or pour reverser les sommes au personnel soignant. (Photo Jonathan Konitz)<\/p>\n","protected":false},"excerpt":{"rendered":"Article r\u00e9serv\u00e9 aux abonn\u00e9s Le 04 septembre 2025 \u00e0 12h30 Quel est le point commun entre Caen, Bordeaux,&hellip;\n","protected":false},"author":2,"featured_media":365556,"comment_status":"","ping_status":"","sticky":false,"template":"","format":"standard","meta":{"footnotes":""},"categories":[2821],"tags":[1111,11,829,3173,1777,674,1011,27,848,12,584,25],"class_list":{"0":"post-365555","1":"post","2":"type-post","3":"status-publish","4":"format-standard","5":"has-post-thumbnail","7":"category-rennes","8":"tag-actu","9":"tag-actualites","10":"tag-bretagne","11":"tag-culture-a-rennes","12":"tag-eu","13":"tag-europe","14":"tag-fr","15":"tag-france","16":"tag-ille-et-vilaine","17":"tag-news","18":"tag-rennes","19":"tag-republique-francaise"},"share_on_mastodon":{"url":"https:\/\/pubeurope.com\/@fr\/115145780126009044","error":""},"_links":{"self":[{"href":"https:\/\/www.europesays.com\/fr\/wp-json\/wp\/v2\/posts\/365555","targetHints":{"allow":["GET"]}}],"collection":[{"href":"https:\/\/www.europesays.com\/fr\/wp-json\/wp\/v2\/posts"}],"about":[{"href":"https:\/\/www.europesays.com\/fr\/wp-json\/wp\/v2\/types\/post"}],"author":[{"embeddable":true,"href":"https:\/\/www.europesays.com\/fr\/wp-json\/wp\/v2\/users\/2"}],"replies":[{"embeddable":true,"href":"https:\/\/www.europesays.com\/fr\/wp-json\/wp\/v2\/comments?post=365555"}],"version-history":[{"count":0,"href":"https:\/\/www.europesays.com\/fr\/wp-json\/wp\/v2\/posts\/365555\/revisions"}],"wp:featuredmedia":[{"embeddable":true,"href":"https:\/\/www.europesays.com\/fr\/wp-json\/wp\/v2\/media\/365556"}],"wp:attachment":[{"href":"https:\/\/www.europesays.com\/fr\/wp-json\/wp\/v2\/media?parent=365555"}],"wp:term":[{"taxonomy":"category","embeddable":true,"href":"https:\/\/www.europesays.com\/fr\/wp-json\/wp\/v2\/categories?post=365555"},{"taxonomy":"post_tag","embeddable":true,"href":"https:\/\/www.europesays.com\/fr\/wp-json\/wp\/v2\/tags?post=365555"}],"curies":[{"name":"wp","href":"https:\/\/api.w.org\/{rel}","templated":true}]}}