{"id":365557,"date":"2025-09-04T11:25:11","date_gmt":"2025-09-04T11:25:11","guid":{"rendered":"https:\/\/www.europesays.com\/fr\/365557\/"},"modified":"2025-09-04T11:25:11","modified_gmt":"2025-09-04T11:25:11","slug":"cedh-condamne-la-france-pour-lacunes-sur-le-consentement-dans-une-affaire-de-sm","status":"publish","type":"post","link":"https:\/\/www.europesays.com\/fr\/365557\/","title":{"rendered":"CEDH condamne la France pour lacunes sur le consentement dans une affaire de S&#038;M"},"content":{"rendered":"<p>Publi\u00e94. septembre 2025, 11:40<\/p>\n<p>Meurthe-et-Moselle: Le pharmacien imposait une relation sadomasochiste \u00e0 sa coll\u00e8gue<\/p>\n<p>La France a \u00e9t\u00e9 condamn\u00e9e par la CEDH, pour les \u00ablacunes\u00bb de son cadre juridique relatif au consentement, apr\u00e8s une affaire \u00e0 l&rsquo;h\u00f4pital de Briey.<\/p>\n<p><img loading=\"lazy\" decoding=\"async\" src=\"https:\/\/www.europesays.com\/fr\/wp-content\/uploads\/2025\/09\/52d8479c-ff0c-4004-bb00-75a309538de4.png\" alt=\"La victime \u00e9tait pr\u00e9paratrice en pharmacie \u00e0 l'h\u00f4pital de Briey en 2010, quand elle a entam\u00e9 une relation sadomasochiste avec un chef de service.\" title=\"La victime \u00e9tait pr\u00e9paratrice en pharmacie \u00e0 l'h\u00f4pital de Briey en 2010, quand elle a entam\u00e9 une relation sadomasochiste avec un chef de service.\"  width=\"1200\" height=\"661\"\/><\/p>\n<p>La victime \u00e9tait pr\u00e9paratrice en pharmacie \u00e0 l&rsquo;h\u00f4pital de Briey en 2010, quand elle a entam\u00e9 une relation sadomasochiste avec un chef de service.<\/p>\n<p>Capture d&rsquo;\u00e9cran Google Maps<\/p>\n<p>Dans un arr\u00eat rendu jeudi, la Cour europ\u00e9enne des droits de l&rsquo;homme consid\u00e8re que la France \u00aba manqu\u00e9 \u00e0 ses obligations positives, qui lui imposaient d&rsquo;instaurer des dispositions incriminant et r\u00e9primant les actes sexuels non consentis et de les appliquer de fa\u00e7on effective\u00bb. Elle dit qu&rsquo;il y a eu violation des articles 3 et 8 de la Convention europ\u00e9enne des droits de l&rsquo;homme, touchant \u00e0 l&rsquo;interdiction de la torture et au droit au respect de la vie priv\u00e9e.<\/p>\n<p>La France devra verser \u00e0 la requ\u00e9rante, E.A., 20 000 euros au titre du dommage moral et 1 503,77 euros pour ses frais de justice. Celle-ci, identifi\u00e9e par ses initiales pour prot\u00e9ger son anonymat, n\u00e9e en 1983, \u00e9tait pr\u00e9paratrice en pharmacie \u00e0 l&rsquo;h\u00f4pital de Briey (Meurthe-et-Moselle) en 2010, quand elle a entam\u00e9 une relation sadomasochiste avec un chef de service, K.B., n\u00e9 en 1967.<\/p>\n<p>Elle a port\u00e9 plainte en 2013 pour \u00abviol avec torture et actes de barbarie par une personne abusant de son autorit\u00e9\u00bb, \u00abviolences physiques et psychologiques\u00bb et \u00abharc\u00e8lement et agression sexuels\u00bb.<\/p>\n<p>\u00abLes lacunes du cadre juridique\u00bb<\/p>\n<p>Mais le pr\u00e9venu, condamn\u00e9 en premi\u00e8re instance pour violences volontaires et harc\u00e8lement sexuel, a \u00e9t\u00e9 totalement relax\u00e9 en 2021 par la cour d&rsquo;appel de Nancy, les juges estimant que comme les deux protagonistes avaient sign\u00e9 un contrat \u00abma\u00eetre\/chienne\u00bb r\u00e9gissant leur relation, celle-ci \u00e9tait consentie. Ayant \u00e9puis\u00e9 les voies de recours en France, la plaignante a saisi la CEDH.<\/p>\n<p>Celle-ci lui a donn\u00e9 raison, pointant du doigt les \u00ablacunes du cadre juridique\u00bb ainsi que \u00abdes d\u00e9faillances rencontr\u00e9es lors de sa mise en \u0153uvre\u00bb, citant \u00abl&rsquo;exclusion des atteintes sexuelles d\u00e9nonc\u00e9es par E.A. du cadre de l&rsquo;enqu\u00eate\u00bb, le \u00abcaract\u00e8re parcellaire des investigations\u00bb, \u00abla dur\u00e9e excessive de la proc\u00e9dure\u00bb, et les \u00abconditions dans lesquelles le consentement d&rsquo;E.A. a \u00e9t\u00e9 appr\u00e9ci\u00e9 par les juridictions\u00bb.<\/p>\n<p>La cour r\u00e9affirme dans cet arr\u00eat que \u00able consentement doit traduire la libre volont\u00e9 d&rsquo;avoir une relation sexuelle d\u00e9termin\u00e9e, au moment o\u00f9 elle intervient et en tenant compte de ses circonstances\u00bb. \u00abD\u00e8s lors, aucune forme d&rsquo;engagement pass\u00e9 \u2013 y compris sous la forme d&rsquo;un contrat \u00e9crit \u2013 n&rsquo;est susceptible de caract\u00e9riser un consentement actuel \u00e0 une pratique sexuelle d\u00e9termin\u00e9e, le consentement \u00e9tant par nature r\u00e9vocable\u00bb, souligne la cour.<\/p>\n<p>Une audience \u00abcauchemardesque\u00bb<\/p>\n<p>La cour a donn\u00e9 raison aux avocates de la requ\u00e9rante qui r\u00e9clamaient que la France soit condamn\u00e9e pour la \u00abvictimisation secondaire\u00bb de leur cliente, c&rsquo;est-\u00e0-dire le fait de s&rsquo;\u00eatre sentie trait\u00e9e elle-m\u00eame comme fautive, du fait de questions d\u00e9plac\u00e9es ou de remarques culpabilisantes lors de la proc\u00e9dure.<\/p>\n<p>En opposant \u00e0 E.A. la signature d&rsquo;un contrat pass\u00e9 avec son sup\u00e9rieur, \u00abla cour d&rsquo;appel de Nancy l&rsquo;a expos\u00e9e \u00e0 une forme de victimisation secondaire, un tel raisonnement \u00e9tant \u00e0 la fois culpabilisant, stigmatisant et de nature \u00e0 dissuader les victimes de violences sexuelles de faire valoir leurs droits devant les tribunaux\u00bb, tacle la CEDH.<\/p>\n<p>Cette audience en appel \u00abest d\u00e9crite par l&rsquo;avocate, mais aussi par mes coll\u00e8gues comme cauchemardesque\u00bb, t\u00e9moigne Nina Bonhomme Janotto, juriste \u00e0 l&rsquo;Association europ\u00e9enne contre les violences faites aux femmes au travail (AVFT), partie civile dans l&rsquo;affaire. \u00abC&rsquo;\u00e9tait une mise au pilori\u00bb, insiste-t-elle.<\/p>\n<p>Une proposition de loi en cours d&rsquo;examen<\/p>\n<p>Avant l&rsquo;annonce de cet arr\u00eat, l&rsquo;avocate de la plaignante, Me Marjolaine Vignola, esp\u00e9rait qu&rsquo;une condamnation puisse \u00abmotiver le gouvernement fran\u00e7ais \u00e0 rendre effective une loi qui soit plus protectrice des femmes\u00bb et pousser les juges \u00e0 \u00abam\u00e9liorer leur interpr\u00e9tation de la loi\u00bb. \u00abCe qui est profond\u00e9ment en jeu dans cette d\u00e9cision de la CEDH, c&rsquo;est la d\u00e9finition du viol\u00bb, expose Nina Bonhomme Janotto.<\/p>\n<p>En droit fran\u00e7ais, le viol est d\u00e9fini comme une p\u00e9n\u00e9tration impos\u00e9e par \u00abviolence, contrainte, menace ou surprise\u00bb. Une proposition de loi en cours d&rsquo;examen au Parlement vise \u00e0 modifier cette formulation, d\u00e9finissant le viol comme \u00abtout acte sexuel non consenti\u00bb et le consentement comme \u00ablibre et \u00e9clair\u00e9, sp\u00e9cifique, pr\u00e9alable et r\u00e9vocable\u00bb.<\/p>\n<p>De cette fa\u00e7on, comme c&rsquo;est d\u00e9j\u00e0 le cas en Espagne ou en Su\u00e8de, il ne reviendrait plus aux victimes de prouver la contrainte, mais aux mis en cause de d\u00e9montrer que le rapport \u00e9tait consenti.<\/p>\n<p>Tu nous suis d\u00e9j\u00e0 sur WhatsApp?<\/p>\n<p>Abonne-toi \u00e0 notre cha\u00eene, active la petite \ud83d\udd14 et tu recevras un <strong>r\u00e9cap de l&rsquo;actu<\/strong> chaque jour en <strong>d\u00e9but de soir\u00e9e<\/strong>.<\/p>\n<p>(afp\/pp)<\/p>\n","protected":false},"excerpt":{"rendered":"Publi\u00e94. septembre 2025, 11:40 Meurthe-et-Moselle: Le pharmacien imposait une relation sadomasochiste \u00e0 sa coll\u00e8gue La France a \u00e9t\u00e9&hellip;\n","protected":false},"author":2,"featured_media":365558,"comment_status":"","ping_status":"","sticky":false,"template":"","format":"standard","meta":{"footnotes":""},"categories":[2820],"tags":[1111,11,1777,674,1011,27,775,12,25,640],"class_list":{"0":"post-365557","1":"post","2":"type-post","3":"status-publish","4":"format-standard","5":"has-post-thumbnail","7":"category-strasbourg","8":"tag-actu","9":"tag-actualites","10":"tag-eu","11":"tag-europe","12":"tag-fr","13":"tag-france","14":"tag-grand-est","15":"tag-news","16":"tag-republique-francaise","17":"tag-strasbourg"},"share_on_mastodon":{"url":"https:\/\/pubeurope.com\/@fr\/115145783767479769","error":""},"_links":{"self":[{"href":"https:\/\/www.europesays.com\/fr\/wp-json\/wp\/v2\/posts\/365557","targetHints":{"allow":["GET"]}}],"collection":[{"href":"https:\/\/www.europesays.com\/fr\/wp-json\/wp\/v2\/posts"}],"about":[{"href":"https:\/\/www.europesays.com\/fr\/wp-json\/wp\/v2\/types\/post"}],"author":[{"embeddable":true,"href":"https:\/\/www.europesays.com\/fr\/wp-json\/wp\/v2\/users\/2"}],"replies":[{"embeddable":true,"href":"https:\/\/www.europesays.com\/fr\/wp-json\/wp\/v2\/comments?post=365557"}],"version-history":[{"count":0,"href":"https:\/\/www.europesays.com\/fr\/wp-json\/wp\/v2\/posts\/365557\/revisions"}],"wp:featuredmedia":[{"embeddable":true,"href":"https:\/\/www.europesays.com\/fr\/wp-json\/wp\/v2\/media\/365558"}],"wp:attachment":[{"href":"https:\/\/www.europesays.com\/fr\/wp-json\/wp\/v2\/media?parent=365557"}],"wp:term":[{"taxonomy":"category","embeddable":true,"href":"https:\/\/www.europesays.com\/fr\/wp-json\/wp\/v2\/categories?post=365557"},{"taxonomy":"post_tag","embeddable":true,"href":"https:\/\/www.europesays.com\/fr\/wp-json\/wp\/v2\/tags?post=365557"}],"curies":[{"name":"wp","href":"https:\/\/api.w.org\/{rel}","templated":true}]}}