{"id":365559,"date":"2025-09-04T11:26:10","date_gmt":"2025-09-04T11:26:10","guid":{"rendered":"https:\/\/www.europesays.com\/fr\/365559\/"},"modified":"2025-09-04T11:26:10","modified_gmt":"2025-09-04T11:26:10","slug":"pierre-jakubowicz-horizons-officialise-sa-candidature","status":"publish","type":"post","link":"https:\/\/www.europesays.com\/fr\/365559\/","title":{"rendered":"Pierre Jakubowicz (Horizons) officialise sa candidature"},"content":{"rendered":"<p>            Par<br \/>\n        <strong><br \/>\n            <a href=\"https:\/\/actu.fr\/auteur\/ivan-capecchi\" title=\"Consulter tous les articles de Ivan CAPECCHI\" rel=\"nofollow noopener\" target=\"_blank\">Ivan CAPECCHI<\/a><br \/>\n        <\/strong><\/p>\n<p>        Publi\u00e9 le<\/p>\n<p>            4 sept. 2025 \u00e0 13h01        <\/p>\n<p>Ce jeudi, le conseiller municipal d\u2019opposition (Horizons), <a href=\"https:\/\/actu.fr\/grand-est\/strasbourg_67482\/municipales-2026-pierre-jakubowicz-pose-les-bases-d-un-programme-d-alternance-pour-strasbourg_61882468.html\" rel=\"nofollow noopener\" target=\"_blank\">Pierre Jakubowicz<\/a>, officialise sa candidature pour les <a href=\"https:\/\/actu.fr\/tag\/municipales-2026\" rel=\"nofollow noopener\" target=\"_blank\">\u00e9lections municipales de 2026<\/a> \u00e0 <strong>Strasbourg<\/strong>.<\/p>\n<p>Pierre Jakubowicz, instigateur du mouvement \u00ab\u00a0Strasbourg on y croit !\u00a0\u00bb<\/p>\n<p class=\" wall-content\">Il y a un an, Pierre Jakubowicz lan\u00e7ait son mouvement \u00ab\u00a0Strasbourg on y croit !\u00a0\u00bb, compos\u00e9 de <strong>25 d\u00e9l\u00e9gu\u00e9s de quartier<\/strong> dont le r\u00f4le est de faire remonter les attentes du terrain, et ce \u00e0 partir de deux questions : \u00ab\u00a0Quelles sont vos attentes pour la ville et pour votre quartier ?\u00a0\u00bb.<\/p>\n<p class=\" wall-content\">Depuis, le mouvement revendique avoir r\u00e9colt\u00e9 <strong>pr\u00e8s de 10 000 contributions<\/strong>, lesquelles doivent d\u00e9boucher sur un programme.<\/p>\n<p>Des personnalit\u00e9s politiques en soutien<\/p>\n<p class=\" wall-content\">A ce stade, plusieurs personnalit\u00e9s politiques ont apport\u00e9 leur <strong>soutien au mouvement<\/strong>, \u00e0 l\u2019instar des conseill\u00e8res d\u2019Alsace <strong>Anne Reymann et Anne Tenenbaum<\/strong>, aupr\u00e8s de qui M. Jakubowicz avait par exemple pr\u00e9sent\u00e9 son <a href=\"https:\/\/actu.fr\/grand-est\/strasbourg_67482\/strasbourg-retour-du-tram-sur-l-avenue-des-vosges-ce-contre-projet-veut-rebattre-les-cartes_60351210.html\" rel=\"nofollow noopener\" target=\"_blank\">contre-projet de tram nord<\/a>, mais aussi son homologue <strong>Rebecca Breitman (MoDem)<\/strong> ou encore des membres du parti Renaissance, tels que <strong>Nicolas Matt<\/strong> ou <strong>Bruno Studer<\/strong>.<\/p>\n<p class=\" wall-content\">Personnalisez votre actualit\u00e9 en ajoutant vos villes et m\u00e9dias en favori avec <a href=\"https:\/\/moncompte.actu.fr\" title=\"D\u00e9couvez Mon Actu\" rel=\"nofollow noopener\" data-trk=\"{&quot;cta&quot;:{&quot;action&quot;:&quot;https:\\\/\\\/moncompte.actu.fr&quot;,&quot;category&quot;:&quot;mon compte&quot;,&quot;from&quot;:&quot;article footer&quot;,&quot;name&quot;:&quot;Mon actu&quot;,&quot;type&quot;:&quot;cta&quot;}}\" target=\"_blank\">Mon Actu<\/a>.<\/p>\n","protected":false},"excerpt":{"rendered":"Par Ivan CAPECCHI Publi\u00e9 le 4 sept. 2025 \u00e0 13h01 Ce jeudi, le conseiller municipal d\u2019opposition (Horizons), Pierre&hellip;\n","protected":false},"author":2,"featured_media":365560,"comment_status":"","ping_status":"","sticky":false,"template":"","format":"standard","meta":{"footnotes":""},"categories":[2820],"tags":[1111,11,4188,1777,674,1011,27,775,12,316,25,640],"class_list":{"0":"post-365559","1":"post","2":"type-post","3":"status-publish","4":"format-standard","5":"has-post-thumbnail","7":"category-strasbourg","8":"tag-actu","9":"tag-actualites","10":"tag-elections-municipales","11":"tag-eu","12":"tag-europe","13":"tag-fr","14":"tag-france","15":"tag-grand-est","16":"tag-news","17":"tag-politique","18":"tag-republique-francaise","19":"tag-strasbourg"},"share_on_mastodon":{"url":"https:\/\/pubeurope.com\/@fr\/115145787662847482","error":""},"_links":{"self":[{"href":"https:\/\/www.europesays.com\/fr\/wp-json\/wp\/v2\/posts\/365559","targetHints":{"allow":["GET"]}}],"collection":[{"href":"https:\/\/www.europesays.com\/fr\/wp-json\/wp\/v2\/posts"}],"about":[{"href":"https:\/\/www.europesays.com\/fr\/wp-json\/wp\/v2\/types\/post"}],"author":[{"embeddable":true,"href":"https:\/\/www.europesays.com\/fr\/wp-json\/wp\/v2\/users\/2"}],"replies":[{"embeddable":true,"href":"https:\/\/www.europesays.com\/fr\/wp-json\/wp\/v2\/comments?post=365559"}],"version-history":[{"count":0,"href":"https:\/\/www.europesays.com\/fr\/wp-json\/wp\/v2\/posts\/365559\/revisions"}],"wp:featuredmedia":[{"embeddable":true,"href":"https:\/\/www.europesays.com\/fr\/wp-json\/wp\/v2\/media\/365560"}],"wp:attachment":[{"href":"https:\/\/www.europesays.com\/fr\/wp-json\/wp\/v2\/media?parent=365559"}],"wp:term":[{"taxonomy":"category","embeddable":true,"href":"https:\/\/www.europesays.com\/fr\/wp-json\/wp\/v2\/categories?post=365559"},{"taxonomy":"post_tag","embeddable":true,"href":"https:\/\/www.europesays.com\/fr\/wp-json\/wp\/v2\/tags?post=365559"}],"curies":[{"name":"wp","href":"https:\/\/api.w.org\/{rel}","templated":true}]}}