{"id":365561,"date":"2025-09-04T11:27:17","date_gmt":"2025-09-04T11:27:17","guid":{"rendered":"https:\/\/www.europesays.com\/fr\/365561\/"},"modified":"2025-09-04T11:27:17","modified_gmt":"2025-09-04T11:27:17","slug":"les-fresques-de-villefranche-sur-mer-un-chef-doeuvre-hors-du-temps-tout-pres-de-nice","status":"publish","type":"post","link":"https:\/\/www.europesays.com\/fr\/365561\/","title":{"rendered":"les fresques de Villefranche-sur-Mer, un chef-d\u2019\u0153uvre hors du temps tout pr\u00e8s de Nice"},"content":{"rendered":"<p><strong>Artiste polymorphe, Jean Cocteau a\u00a0laiss\u00e9 un h\u00e9ritage sur la C\u00f4te d\u2019Azur. \u00c0\u00a0Villefranche-\u200bsur-\u200bMer notamment, o\u00f9 l\u2019on retrouve la chapelle Saint-\u200bPierre. Un charmant \u00e9difice magnifi\u00e9 de fresques n\u00e9es de l\u2019ima\u00adgi\u00adnation de ce peintre et po\u00e8te comptant parmi les plus \u00e9m\u00e9rites.<\/strong><\/p>\n<p>\u00c0 l\u2019image de Pablo Picasso, Marc Chagall, Henri Matisse\u00a0ou encore Pierre-\u200bAuguste Renoir, il fait partie des plus grands artistes ayant illumin\u00e9 la C\u00f4te d\u2019Azur en son temps. Aujourd\u2019hui, le travail de Jean Cocteau s\u2019admire en de nombreux sites locaux. Il faut dire qu\u2019il s\u2019agissait du refuge pr\u00e9f\u00e9r\u00e9 de ce Parisien de naissance.<\/p>\n<p>N\u00e9 en 1889, le futur acad\u00e9\u00admicien (depuis 1955), a\u00a0fait connais\u00adsance avec le littoral azur\u00e9en en 1911, \u00e0\u00a0l\u2019occasion d\u2019un s\u00e9jour \u00e0\u00a0l\u2019h\u00f4tel du Cap, vers Menton. Mais il ne deviendra sa v\u00e9ritable desti\u00adnation phare qu\u2019en 1923, \u00e9tant alors son principal lieu de vill\u00e9\u00adgiature, gardant une relation privi\u00adl\u00e9gi\u00e9e avec ce terri\u00adtoire qui lui fournira toute la cr\u00e9ativit\u00e9 dont il avait besoin.<\/p>\n<blockquote class=\"instagram-media\" data-instgrm-permalink=\"https:\/\/www.instagram.com\/p\/B03iwF6gTbl\/?utm_source=ig_embed&amp;utm_campaign=loading\" data-instgrm-version=\"14\" style=\" background:#FFF; border:0; border-radius:3px; box-shadow:0 0 1px 0 rgba(0,0,0,0.5),0 1px 10px 0 rgba(0,0,0,0.15); margin: 1px; max-width:540px; min-width:326px; padding:0; width:99.375%; width:-webkit-calc(100% - 2px); width:calc(100% - 2px);\"\/>\n<p>\u00c0 Villefranche-\u200bsur-\u200bMer notamment, il laisse une trace ind\u00e9l\u00e9bile. Particuli\u00e8rement \u00e0\u00a0travers la ravis\u00adsante <a href=\"https:\/\/nicepresse.com\/photos-tout-pres-de-nice-cette-incroyable-chapelle-vaut-vraiment-le-detour\/\" rel=\"nofollow noopener\" target=\"_blank\">chapelle Saint-\u200bPierre<\/a>. Un bel \u00e9difice de style roman con\u00e7u au XVIe si\u00e8cle par une confr\u00e9rie de p\u00eacheurs. Le tout est red\u00e9cor\u00e9 dans les ann\u00e9es 1950. Cocteau, lui, inter\u00adviendra en 1957 pour orner l\u2019\u00e9ta\u00adblis\u00adsement religieux.<\/p>\n<p>D\u00e9coration sobre m\u00ealant abstrait et figuration<\/p>\n<blockquote class=\"instagram-media\" data-instgrm-permalink=\"https:\/\/www.instagram.com\/p\/0Od3P4LvNC\/?utm_source=ig_embed&amp;utm_campaign=loading\" data-instgrm-version=\"14\" style=\" background:#FFF; border:0; border-radius:3px; box-shadow:0 0 1px 0 rgba(0,0,0,0.5),0 1px 10px 0 rgba(0,0,0,0.15); margin: 1px; max-width:540px; min-width:326px; padding:0; width:99.375%; width:-webkit-calc(100% - 2px); width:calc(100% - 2px);\"\/>\n<p>Il le fera par amiti\u00e9 pour les p\u00eacheurs du village, alors propri\u00e9\u00adtaires des murs. Pour ce faire, il choisira une approche sobre, sans ornement. On y\u00a0retrouve de l\u2019abs\u00adtrait (d\u00e9cors g\u00e9om\u00e9\u00adtriques) et de la figuration (person\u00adnages). Et apr\u00e8s une ann\u00e9e de travaux, la petite \u00e9glise est inaugur\u00e9e avec son nouvel apparat. On y\u00a0remarque surtout des sc\u00e8nes bibliques ou de la vie m\u00e9diterran\u00e9enne.<\/p>\n<p>Ici la repr\u00e9\u00adsen\u00adtation de l\u2019ap\u00f4tre Pierre marchant sur l\u2019eau sous le regard du Christ, puis la citadelle de Villefranche au-\u200bdessus d\u2019un ange, sans oublier les dessins de diff\u00e9\u00adrents poissons. Un panorama tr\u00e8s \u00e9clectique.<\/p>\n<p><a href=\"https:\/\/anneedelamer.nice.fr\/\" rel=\"nofollow noopener\" target=\"_blank\"><img loading=\"lazy\" decoding=\"async\" width=\"300\" height=\"300\" src=\"data:image\/svg+xml,%3Csvg%20xmlns=\" http:=\"\" alt=\"\" class=\"wp-image-235449\" data-lazy-src=\"https:\/\/www.europesays.com\/fr\/wp-content\/uploads\/2025\/04\/IMG_1416-2.png\"\/><\/a><\/p>\n<blockquote class=\"instagram-media\" data-instgrm-permalink=\"https:\/\/www.instagram.com\/p\/CaYVBabLIlB\/?utm_source=ig_embed&amp;utm_campaign=loading\" data-instgrm-version=\"14\" style=\" background:#FFF; border:0; border-radius:3px; box-shadow:0 0 1px 0 rgba(0,0,0,0.5),0 1px 10px 0 rgba(0,0,0,0.15); margin: 1px; max-width:540px; min-width:326px; padding:0; width:99.375%; width:-webkit-calc(100% - 2px); width:calc(100% - 2px);\"\/>\n<p>Concernant les couleurs, le gris est dominant, affubl\u00e9 d\u2019un blanc rehaussant et illuminant le tout. Un peu de bleu \u00e9galement,\u00a0en arri\u00e8re-\u200bplan, pour symbo\u00adliser le ciel et la mer. L\u2019ensemble adopte alors un aspect pastel. La contem\u00adplation du tableau nous renvoie une image de l\u00e9g\u00e8ret\u00e9 et d\u2019all\u00e9\u00adgresse, pour une immersion totale.<\/p>\n<p>Des mariages y\u00a0sont encore organis\u00e9s<\/p>\n<p>Pr\u00e9cisons qu\u2019il est toujours possible de se marier sous cette vo\u00fbte embellie par une farandole de cr\u00e9atures sacr\u00e9es ou marines. Mais \u00e0\u00a0la condition d\u2019avoir dans sa famille un p\u00eacheur venant de la commune ville\u00adfran\u00adchoise, de Beaulieu-\u200bsur-\u200bMer ou de Saint-Jean-Cap-Ferrat.<\/p>\n<p>Comme Picasso \u00e0\u00a0Vallauris et <a href=\"https:\/\/nicepresse.com\/pres-de-nice-cest-une-grande-fierte-pour-la-cote-dazur-cette-superbe-chapelle-oeuvre-de-matisse-sera-bientot-classee-au-patrimoine-national\/\" rel=\"nofollow noopener\" target=\"_blank\">Matisse \u00e0\u00a0Vence<\/a>, Jean Cocteau a\u00a0pareillement investi un lieu sacr\u00e9. Et m\u00eame deux, avec la <a href=\"https:\/\/nicepresse.com\/spiritualite-et-art-dans-le-var-la-derniere-oeuvre-dun-genie-francais-presque-secrete-se-devoile-en-provence-alpes-cote-dazur\/\" rel=\"nofollow noopener\" target=\"_blank\">chapelle Notre-\u200bDame-\u200bde-\u200bJ\u00e9rusalem\u00a0\u00e0\u00a0Fr\u00e9jus<\/a>, juste avant sa mort. Un ouvrage achev\u00e9 post-\u200bmortem, avec des croquis laiss\u00e9s derri\u00e8re lui.<\/p>\n<p>Mais l\u2019artiste est surtout tr\u00e8s li\u00e9 \u00e0\u00a0Menton, o\u00f9 l\u2019on admire la salle des mariages de l\u2019h\u00f4tel de ville. Il existe aussi un mus\u00e9e en son honneur, Le Bastion, qu\u2019il d\u00e9couvre en\u00a01957.\u00a0<\/p>\n<p>\t<script async src=\"\/\/www.instagram.com\/embed.js\"><\/script><\/p>\n","protected":false},"excerpt":{"rendered":"Artiste polymorphe, Jean Cocteau a\u00a0laiss\u00e9 un h\u00e9ritage sur la C\u00f4te d\u2019Azur. \u00c0\u00a0Villefranche-\u200bsur-\u200bMer notamment, o\u00f9 l\u2019on retrouve la chapelle&hellip;\n","protected":false},"author":2,"featured_media":365562,"comment_status":"","ping_status":"","sticky":false,"template":"","format":"standard","meta":{"footnotes":""},"categories":[2819],"tags":[1111,11,1777,674,1011,27,12,2401,882,25],"class_list":{"0":"post-365561","1":"post","2":"type-post","3":"status-publish","4":"format-standard","5":"has-post-thumbnail","7":"category-nice","8":"tag-actu","9":"tag-actualites","10":"tag-eu","11":"tag-europe","12":"tag-fr","13":"tag-france","14":"tag-news","15":"tag-nice","16":"tag-provence-alpes-cote-dazur","17":"tag-republique-francaise"},"share_on_mastodon":{"url":"https:\/\/pubeurope.com\/@fr\/115145791576773010","error":""},"_links":{"self":[{"href":"https:\/\/www.europesays.com\/fr\/wp-json\/wp\/v2\/posts\/365561","targetHints":{"allow":["GET"]}}],"collection":[{"href":"https:\/\/www.europesays.com\/fr\/wp-json\/wp\/v2\/posts"}],"about":[{"href":"https:\/\/www.europesays.com\/fr\/wp-json\/wp\/v2\/types\/post"}],"author":[{"embeddable":true,"href":"https:\/\/www.europesays.com\/fr\/wp-json\/wp\/v2\/users\/2"}],"replies":[{"embeddable":true,"href":"https:\/\/www.europesays.com\/fr\/wp-json\/wp\/v2\/comments?post=365561"}],"version-history":[{"count":0,"href":"https:\/\/www.europesays.com\/fr\/wp-json\/wp\/v2\/posts\/365561\/revisions"}],"wp:featuredmedia":[{"embeddable":true,"href":"https:\/\/www.europesays.com\/fr\/wp-json\/wp\/v2\/media\/365562"}],"wp:attachment":[{"href":"https:\/\/www.europesays.com\/fr\/wp-json\/wp\/v2\/media?parent=365561"}],"wp:term":[{"taxonomy":"category","embeddable":true,"href":"https:\/\/www.europesays.com\/fr\/wp-json\/wp\/v2\/categories?post=365561"},{"taxonomy":"post_tag","embeddable":true,"href":"https:\/\/www.europesays.com\/fr\/wp-json\/wp\/v2\/tags?post=365561"}],"curies":[{"name":"wp","href":"https:\/\/api.w.org\/{rel}","templated":true}]}}