{"id":365565,"date":"2025-09-04T11:30:24","date_gmt":"2025-09-04T11:30:24","guid":{"rendered":"https:\/\/www.europesays.com\/fr\/365565\/"},"modified":"2025-09-04T11:30:24","modified_gmt":"2025-09-04T11:30:24","slug":"pourquoi-une-greve-massive-est-incertaine-malgre-une-profonde-colere","status":"publish","type":"post","link":"https:\/\/www.europesays.com\/fr\/365565\/","title":{"rendered":"pourquoi une gr\u00e8ve massive est incertaine, malgr\u00e9 une profonde col\u00e8re"},"content":{"rendered":"<p>                         <img loading=\"lazy\" decoding=\"async\" src=\"https:\/\/www.europesays.com\/fr\/wp-content\/uploads\/2025\/09\/69fd44e_upload-1-1g4acvwmoldt-20250902nrc0496.jpg\" alt=\"Lors d\u2019une assembl\u00e9e g\u00e9n\u00e9rale du mouvement Bloquons tout \u00e0 l\u2019\u00eelot Tison, \u00e0 Poitiers, le 1\u1d49\u02b3\u00a0septembre\u00a02025.\"   width=\"664\" height=\"443\"\/>    Lors d\u2019une assembl\u00e9e g\u00e9n\u00e9rale du mouvement Bloquons tout \u00e0 l\u2019\u00eelot Tison, \u00e0 Poitiers, le 1\u1d49\u02b3\u00a0septembre\u00a02025.  MATHIEU HERDUIN\/LA NOUVELLE REPUBLIQUE\/MAXPPP                 <\/p>\n<p class=\"article__paragraph  \">Elle aime rappeler qu\u2019elle \u00ab\u00a0\u00e9tait l\u00e0\u00a0\u00bb quand Le Fouquet\u2019s a br\u00fbl\u00e9. C\u2019\u00e9tait le 16\u00a0mars\u00a02019, un \u00ab\u00a0acte\u00a0\u00bb particuli\u00e8rement chaotique et violent des \u00ab\u00a0gilets jaunes\u00a0\u00bb sur les Champs-Elys\u00e9es. Elle manifestait alors tous les samedis \u00e0 Paris, avec une chasuble jaune fluo.<\/p>\n<p class=\"article__paragraph  \">Six ans apr\u00e8s, Sylvie, 61\u00a0ans, est toujours assistante dentaire (elle a demand\u00e9 que son nom ne soit pas mentionn\u00e9). Elle est toujours abonn\u00e9e \u00e0 la page Facebook d\u2019Eric Drouet, figure des \u00ab\u00a0gilets jaunes\u00a0\u00bb. Mais, depuis peu, elle suit aussi assid\u00fbment le compte Instagram \u00ab\u00a0Le grand r\u00e9veil 2025\u00a0\u00bb qui appelle \u00ab\u00a0le peuple\u00a0\u00bb \u00e0 \u00ab\u00a0arr\u00eater le pays\u00a0\u00bb le 10\u00a0septembre. Il comptait d\u00e9but septembre pr\u00e8s de 81\u00a0000\u00a0abonn\u00e9s.<\/p>\n<p class=\"article__paragraph  \">Un succ\u00e8s qui ne l\u2019\u00e9tonne gu\u00e8re. \u00ab\u00a0Les gens sont tellement en col\u00e8re\u2026 Comment peut-on nous retirer deux jours f\u00e9ri\u00e9s alors qu\u2019on travaille tous comme des malades\u00a0?, s\u2019indigne-t-elle. M.\u00a0Bayrou, je crois qu\u2019il ne se rend pas compte que les Fran\u00e7ais travaillent beaucoup\u00a0! Moi, je les croise d\u00e8s 6\u00a0h\u00a005 sur le quai du Transilien, et parfois je vois les m\u00eames dans le train du retour \u00e0\u00a020\u00a0heures, ils sont tous comme moi, HS. Alors quand on peut avoir un jour f\u00e9ri\u00e9, on y tient\u00a0! C\u2019est vraiment vexant\u2026 D\u00e9j\u00e0 qu\u2019ils ont repouss\u00e9 ma retraite\u2026\u00a0\u00bb<\/p>\n<p class=\"reading-mode-only \"><strong>Il vous reste 87.95% de cet article \u00e0 lire. La suite est r\u00e9serv\u00e9e aux abonn\u00e9s.<\/strong><\/p>\n","protected":false},"excerpt":{"rendered":"Lors d\u2019une assembl\u00e9e g\u00e9n\u00e9rale du mouvement Bloquons tout \u00e0 l\u2019\u00eelot Tison, \u00e0 Poitiers, le 1\u1d49\u02b3\u00a0septembre\u00a02025. MATHIEU HERDUIN\/LA NOUVELLE&hellip;\n","protected":false},"author":2,"featured_media":365566,"comment_status":"","ping_status":"","sticky":false,"template":"","format":"standard","meta":{"footnotes":""},"categories":[2818],"tags":[1111,11,1777,674,1011,27,766,12,2636,25],"class_list":{"0":"post-365565","1":"post","2":"type-post","3":"status-publish","4":"format-standard","5":"has-post-thumbnail","7":"category-nantes","8":"tag-actu","9":"tag-actualites","10":"tag-eu","11":"tag-europe","12":"tag-fr","13":"tag-france","14":"tag-nantes","15":"tag-news","16":"tag-pays-de-la-loire","17":"tag-republique-francaise"},"share_on_mastodon":{"url":"https:\/\/pubeurope.com\/@fr\/115145803986100078","error":""},"_links":{"self":[{"href":"https:\/\/www.europesays.com\/fr\/wp-json\/wp\/v2\/posts\/365565","targetHints":{"allow":["GET"]}}],"collection":[{"href":"https:\/\/www.europesays.com\/fr\/wp-json\/wp\/v2\/posts"}],"about":[{"href":"https:\/\/www.europesays.com\/fr\/wp-json\/wp\/v2\/types\/post"}],"author":[{"embeddable":true,"href":"https:\/\/www.europesays.com\/fr\/wp-json\/wp\/v2\/users\/2"}],"replies":[{"embeddable":true,"href":"https:\/\/www.europesays.com\/fr\/wp-json\/wp\/v2\/comments?post=365565"}],"version-history":[{"count":0,"href":"https:\/\/www.europesays.com\/fr\/wp-json\/wp\/v2\/posts\/365565\/revisions"}],"wp:featuredmedia":[{"embeddable":true,"href":"https:\/\/www.europesays.com\/fr\/wp-json\/wp\/v2\/media\/365566"}],"wp:attachment":[{"href":"https:\/\/www.europesays.com\/fr\/wp-json\/wp\/v2\/media?parent=365565"}],"wp:term":[{"taxonomy":"category","embeddable":true,"href":"https:\/\/www.europesays.com\/fr\/wp-json\/wp\/v2\/categories?post=365565"},{"taxonomy":"post_tag","embeddable":true,"href":"https:\/\/www.europesays.com\/fr\/wp-json\/wp\/v2\/tags?post=365565"}],"curies":[{"name":"wp","href":"https:\/\/api.w.org\/{rel}","templated":true}]}}