{"id":365569,"date":"2025-09-04T11:32:10","date_gmt":"2025-09-04T11:32:10","guid":{"rendered":"https:\/\/www.europesays.com\/fr\/365569\/"},"modified":"2025-09-04T11:32:10","modified_gmt":"2025-09-04T11:32:10","slug":"la-nouvelle-saison-des-musicales-du-bouscat-presentee-ce-samedi-a-bordeaux","status":"publish","type":"post","link":"https:\/\/www.europesays.com\/fr\/365569\/","title":{"rendered":"La nouvelle saison des Musicales du Bouscat pr\u00e9sent\u00e9e ce samedi \u00e0 Bordeaux"},"content":{"rendered":"<p>Association pr\u00e9sid\u00e9e par Jacques Mouton, l\u2019Acad\u00e9mie Bach propose depuis longtemps des concerts de musique classique. Pour sa prochaine saison, avec \u00ab\u00a0Les Musicales du Bouscat\u00a0\u00bb, sa directrice artistique, Aude Marchand, et son codirecteur artistique, Thomas Quinquenel (tous deux membres de l\u2019Orchestre national de Bordeaux Aquitaine), offrent un programme pour le moins original et vari\u00e9\u00a0: un duo clavecin violon, de la musique de chambre avec piano, un quatuor \u00e0 cordes, un quintette \u00e0 vent et un trio violon, accord\u00e9on, violoncelle.<\/p>\n<p>Au programme<\/p>\n<p>Ainsi, dimanche 12\u00a0octobre \u00e0 16 heures \u00e0 l\u2019Ermitage-Compostelle, la saison sera ouverte par Sophie de Bardonn\u00e8che (violon) et Justin Taylor (clavecin). Dans leur concert, \u00ab\u00a0Destin\u00e9es\u00a0\u00bb, ils rendront hommage \u00e0 dix compositrices fran\u00e7aises de l\u2019\u00e9poque baroque. Vendredi 28\u00a0novembre \u00e0 20\u00a0h\u00a030 \u00e0 l\u2019Ermitage-Compostelle, la pianiste Jodyline Gallavardin, accompagn\u00e9e par Aude Marchand, violoniste, Sarah Chenaf, altiste, et Mich\u00e8le Pierre, violoncelliste, aura carte blanche\u00a0!<\/p>\n<p>Mardi 27\u00a0janvier 2026 \u00e0 20\u00a0h\u00a030 \u00e0 l\u2019Ermitage-Compostelle, Agate, quatuor \u00e0 cordes, sera, par sa passion, au rendez-vous des interpr\u00e9tations engag\u00e9es. Mardi 21\u00a0avril \u00e0 20\u00a0h\u00a030 en l\u2019\u00e9glise Sainte-Clotilde, Thomas Quinquenel (basson), dans un quintette \u00e0 vent, emportera le public avec un programme dansant et original aux c\u00f4t\u00e9s des musiciens de l\u2019Orchestre national de Bordeaux Aquitaine et de l\u2019Orchestre de chambre de Paris.<\/p>\n<p>Enfin, lundi 11\u00a0mai, \u00e0 20\u00a0h\u00a030, en l\u2019\u00e9glise Sainte-Clotilde, le concert de cl\u00f4ture sera propos\u00e9 par le trio \u00c9vea (violon, accord\u00e9on et violoncelle), pour un beau voyage \u00e0 travers les si\u00e8cles et les continents.<\/p>\n<p>\u00c0 noter, cette nouvelle saison des Musicales du Bouscat sera pr\u00e9sent\u00e9e par la directrice artistique, Aude Marchand, samedi 6\u00a0septembre \u00e0 17 heures \u00e0 La Machine \u00e0 musique, 15, rue du Parlement Sainte-Catherine \u00e0 Bordeaux. \u00c0 cette occasion, elle proposera un interm\u00e8de musical.<\/p>\n<p>Acad\u00e9mie Bach, 25, rue Castillon, au Bouscat. Plus de renseignements\u00a0: www.academiebach.com\u00a0; contact@academiebach.com. T\u00e9l\u00e9phone\u00a0: 06\u00a019\u00a064\u00a067\u00a038.<\/p>\n","protected":false},"excerpt":{"rendered":"Association pr\u00e9sid\u00e9e par Jacques Mouton, l\u2019Acad\u00e9mie Bach propose depuis longtemps des concerts de musique classique. Pour sa prochaine&hellip;\n","protected":false},"author":2,"featured_media":365570,"comment_status":"","ping_status":"","sticky":false,"template":"","format":"standard","meta":{"footnotes":""},"categories":[2817],"tags":[1111,11,1997,1777,674,1011,27,12,2219,25],"class_list":{"0":"post-365569","1":"post","2":"type-post","3":"status-publish","4":"format-standard","5":"has-post-thumbnail","7":"category-bordeaux","8":"tag-actu","9":"tag-actualites","10":"tag-bordeaux","11":"tag-eu","12":"tag-europe","13":"tag-fr","14":"tag-france","15":"tag-news","16":"tag-nouvelle-aquitaine","17":"tag-republique-francaise"},"share_on_mastodon":{"url":"https:\/\/pubeurope.com\/@fr\/115145811193463802","error":""},"_links":{"self":[{"href":"https:\/\/www.europesays.com\/fr\/wp-json\/wp\/v2\/posts\/365569","targetHints":{"allow":["GET"]}}],"collection":[{"href":"https:\/\/www.europesays.com\/fr\/wp-json\/wp\/v2\/posts"}],"about":[{"href":"https:\/\/www.europesays.com\/fr\/wp-json\/wp\/v2\/types\/post"}],"author":[{"embeddable":true,"href":"https:\/\/www.europesays.com\/fr\/wp-json\/wp\/v2\/users\/2"}],"replies":[{"embeddable":true,"href":"https:\/\/www.europesays.com\/fr\/wp-json\/wp\/v2\/comments?post=365569"}],"version-history":[{"count":0,"href":"https:\/\/www.europesays.com\/fr\/wp-json\/wp\/v2\/posts\/365569\/revisions"}],"wp:featuredmedia":[{"embeddable":true,"href":"https:\/\/www.europesays.com\/fr\/wp-json\/wp\/v2\/media\/365570"}],"wp:attachment":[{"href":"https:\/\/www.europesays.com\/fr\/wp-json\/wp\/v2\/media?parent=365569"}],"wp:term":[{"taxonomy":"category","embeddable":true,"href":"https:\/\/www.europesays.com\/fr\/wp-json\/wp\/v2\/categories?post=365569"},{"taxonomy":"post_tag","embeddable":true,"href":"https:\/\/www.europesays.com\/fr\/wp-json\/wp\/v2\/tags?post=365569"}],"curies":[{"name":"wp","href":"https:\/\/api.w.org\/{rel}","templated":true}]}}