{"id":365571,"date":"2025-09-04T11:33:09","date_gmt":"2025-09-04T11:33:09","guid":{"rendered":"https:\/\/www.europesays.com\/fr\/365571\/"},"modified":"2025-09-04T11:33:09","modified_gmt":"2025-09-04T11:33:09","slug":"ma-decision-est-prise-mais-le-moment-nest-pas-encore-venu","status":"publish","type":"post","link":"https:\/\/www.europesays.com\/fr\/365571\/","title":{"rendered":"\u00ab\u00a0ma d\u00e9cision est prise, mais le moment n\u2019est pas encore venu\u00a0\u00bb"},"content":{"rendered":"<p>Dans cet esprit, en voulant se placer au-dessus de la m\u00eal\u00e9e \u00e9lectorale qui promet d\u2019\u00eatre rugueuse d\u2019ici au 15\u00a0mars 2026, il a eu beau jeu de commenter <a href=\"https:\/\/www.sudouest.fr\/elections\/municipales\/gironde\/bordeaux\/municipales-a-bordeaux-cazenave-et-siarri-s-allient-contre-un-projet-localiste-et-decroissant-ce-n-est-pas-un-accord-d-appareil-25776608.php\" target=\"_blank\" rel=\"follow nofollow noopener\">le rapprochement annonc\u00e9 dans \u00ab\u00a0Sud Ouest\u00a0\u00bb<\/a> de ses opposants Alexandra Siarri et Thomas Cazenave comme \u00ab\u00a0un non-\u00e9v\u00e9nement, qui ne m\u00e9rite pas de commentaire de ma part\u00a0\u00bb. Une petite pique quand m\u00eame au passage, au sujet de \u00ab\u00a0ces candidats macronistes qui parlent du d\u00e9clin de Bordeaux alors que c\u2019est le pouvoir en place qui a men\u00e9 le pays dans l\u2019impasse avec des choix hasardeux\u00a0\u00bb.<\/p>\n<p>Comme il n\u2019\u00e9tait s\u00fbrement pas anodin qu\u2019il insiste, dans son discours g\u00e9n\u00e9ral sur une \u00ab\u00a0Ville de Bordeaux ouverte et qui rayonne\u00a0\u00bb comme une r\u00e9ponse indirecte \u00e0 la volont\u00e9 annonc\u00e9e de Thomas Cazenave et Alexandra Siarri d\u2019une \u00ab\u00a0ville en mouvement avec une vision audacieuse de l\u2019\u00e9conomie\u00a0\u00bb.<\/p>\n<p>La pr\u00e9occupation climatique<\/p>\n<p>Pierre Hurmic a, lui, voulu battre en br\u00e8che l\u2019id\u00e9e d\u2019 \u00ab\u00a0\u00e9colos qui ne s\u2019int\u00e9ressent pas \u00e0 l\u2019\u00e9conomie\u00a0\u00bb. Mais il a toujours associ\u00e9 son action \u00e9conomique au sujet du r\u00e9chauffement climatique. C\u2019\u00e9tait l\u2019essentiel du d\u00e9but de son propos liminaire. Le maire a eu beau jeu, l\u00e0 aussi, de rappeler \u00ab\u00a0l\u2019\u00e9t\u00e9 de tous les dangers\u00a0\u00bb que nous venons de vivre avec un pic de temp\u00e9rature de 41,6 degr\u00e9s le 11\u00a0ao\u00fbt et \u00ab\u00a0vingt jours cumul\u00e9s de canicules en trois \u00e9pisodes en juin, juillet et ao\u00fbt\u00a0\u00bb.<\/p>\n<p>Le lancement id\u00e9al pour d\u00e9rouler tout ce que la Ville a entrepris, selon lui, pour \u00ab\u00a0r\u00e9pondre \u00e0 cette situation d\u2019urgence \u00e0 l\u2019\u00e9chelle de la commune\u00a0\u00bb, \u00ab\u00a0cet important travail de pr\u00e9vention avec des \u00e9quipes pr\u00eates \u00e0 accompagner les premiers touch\u00e9s, les plus d\u00e9munis. Nous n\u2019avons pas \u00e9t\u00e9 pris au d\u00e9pourvu\u00a0\u00bb.<\/p>\n<p>Dans son discours de rentr\u00e9e puis au fil des questions des journalistes, le maire n\u2019a eu de cesse de d\u00e9rouler toutes les actions, \u00e9videmment positives selon lui de sa politique dans un large \u00e9ventail de sujets\u00a0: la mobilit\u00e9, l\u2019\u00e9ducation, les \u00e9quipements sportifs, le logement, l\u2019\u00e9conomie, la culture, la propret\u00e9 ou la s\u00e9curit\u00e9.<\/p>\n<p>M\u00e9fiance<\/p>\n<p>\u00c0 ce sujet, comme pr\u00e9sident du Forum fran\u00e7ais de la s\u00e9curit\u00e9 urbaine, il a dit toute sa m\u00e9fiance \u00e0 la volont\u00e9 du ministre de l\u2019Int\u00e9rieur Bruno Retailleau (\u00bbqui ne sera peut-\u00eatre plus en poste lundi\u00a0\u00bb) d\u2019\u00e9largir les pr\u00e9rogatives de la police municipale. \u00ab\u00a0Nous sommes extr\u00eamement m\u00e9fiants sur la fa\u00e7on de l\u2019\u00c9tat de vouloir une nouvelle fois se d\u00e9gager de ses pr\u00e9rogatives, m\u00eame r\u00e9galiennes\u00a0\u00bb.<\/p>\n<p>Car, s\u2019il n\u2019est pas officiellement en campagne, Pierre Hurmic a voulu se pr\u00e9senter en maire \u00ab\u00a0au travail\u00a0\u00bb qui fait avancer les projets\u00a0: \u00ab\u00a0En d\u00e9but de mandat, on annonce\u00a0; \u00e0 la fin, on r\u00e9alise.\u00a0\u00bb Avec sa philosophie personnelle de l\u2019action publique qu\u2019il a r\u00e9sum\u00e9e dans une derni\u00e8re pique\u00a0: \u00ab\u00a0Faire de la politique, ce n\u2019est pas construire un grand stade\u00a0\u00bb.<\/p>\n","protected":false},"excerpt":{"rendered":"Dans cet esprit, en voulant se placer au-dessus de la m\u00eal\u00e9e \u00e9lectorale qui promet d\u2019\u00eatre rugueuse d\u2019ici au&hellip;\n","protected":false},"author":2,"featured_media":365572,"comment_status":"","ping_status":"","sticky":false,"template":"","format":"standard","meta":{"footnotes":""},"categories":[2817],"tags":[1111,11,1997,1777,674,1011,27,12,2219,25],"class_list":{"0":"post-365571","1":"post","2":"type-post","3":"status-publish","4":"format-standard","5":"has-post-thumbnail","7":"category-bordeaux","8":"tag-actu","9":"tag-actualites","10":"tag-bordeaux","11":"tag-eu","12":"tag-europe","13":"tag-fr","14":"tag-france","15":"tag-news","16":"tag-nouvelle-aquitaine","17":"tag-republique-francaise"},"share_on_mastodon":{"url":"https:\/\/pubeurope.com\/@fr\/115145815088961929","error":""},"_links":{"self":[{"href":"https:\/\/www.europesays.com\/fr\/wp-json\/wp\/v2\/posts\/365571","targetHints":{"allow":["GET"]}}],"collection":[{"href":"https:\/\/www.europesays.com\/fr\/wp-json\/wp\/v2\/posts"}],"about":[{"href":"https:\/\/www.europesays.com\/fr\/wp-json\/wp\/v2\/types\/post"}],"author":[{"embeddable":true,"href":"https:\/\/www.europesays.com\/fr\/wp-json\/wp\/v2\/users\/2"}],"replies":[{"embeddable":true,"href":"https:\/\/www.europesays.com\/fr\/wp-json\/wp\/v2\/comments?post=365571"}],"version-history":[{"count":0,"href":"https:\/\/www.europesays.com\/fr\/wp-json\/wp\/v2\/posts\/365571\/revisions"}],"wp:featuredmedia":[{"embeddable":true,"href":"https:\/\/www.europesays.com\/fr\/wp-json\/wp\/v2\/media\/365572"}],"wp:attachment":[{"href":"https:\/\/www.europesays.com\/fr\/wp-json\/wp\/v2\/media?parent=365571"}],"wp:term":[{"taxonomy":"category","embeddable":true,"href":"https:\/\/www.europesays.com\/fr\/wp-json\/wp\/v2\/categories?post=365571"},{"taxonomy":"post_tag","embeddable":true,"href":"https:\/\/www.europesays.com\/fr\/wp-json\/wp\/v2\/tags?post=365571"}],"curies":[{"name":"wp","href":"https:\/\/api.w.org\/{rel}","templated":true}]}}