{"id":365573,"date":"2025-09-04T11:34:10","date_gmt":"2025-09-04T11:34:10","guid":{"rendered":"https:\/\/www.europesays.com\/fr\/365573\/"},"modified":"2025-09-04T11:34:10","modified_gmt":"2025-09-04T11:34:10","slug":"un-homme-de-35-ans-recherche-par-la-police","status":"publish","type":"post","link":"https:\/\/www.europesays.com\/fr\/365573\/","title":{"rendered":"un homme de 35 ans recherch\u00e9 par la police"},"content":{"rendered":"<p>            Par<br \/>\n        <strong><br \/>\n            <a href=\"https:\/\/actu.fr\/auteur\/mareva-laville-actu-fr\" title=\"Consulter tous les articles de Mar\u00e9va Laville\" rel=\"nofollow noopener\" target=\"_blank\">Mar\u00e9va Laville<\/a><br \/>\n        <\/strong><\/p>\n<p>        Publi\u00e9 le<\/p>\n<p>            4 sept. 2025 \u00e0 13h09        <\/p>\n<p>Un homme d\u2019une trentaine d\u2019ann\u00e9es est recherch\u00e9 par la police de <a href=\"http:\/\/www.actu.fr\/toulouse\" rel=\"nofollow noopener\" target=\"_blank\"><strong>Toulouse<\/strong><\/a>, qui vient de publier, ce jeudi 4\u00a0septembre, une alerte pour<strong> disparition inqui\u00e9tante<\/strong> de personne majeure.<\/p>\n<p>Disparu depuis une semaine<\/p>\n<p class=\" wall-content\"><strong>Beauna Chhun, 35\u00a0ans,<\/strong> a disparu des radars depuis jeudi 28\u00a0ao\u00fbt 2025. Sa derni\u00e8re apparition aurait eu lieu dans le secteur de <strong>Toulouse-Bagatelle.<\/strong><\/p>\n<p class=\" wall-content\">Pour le reconna\u00eetre, la police de Toulouse d\u00e9crit un homme aux <strong>yeux et cheveux courts<\/strong> <strong>noirs<\/strong>, d\u2019<strong>1m81<\/strong> et de corpulence <strong>mince<\/strong>. Il porte habituellement un <strong>sweat-shirt gris<\/strong> \u00e0 capuche.<\/p>\n<p class=\" wall-content\">\n<p><strong>Si vous avez des informations, contactez les enqu\u00eates de Toulouse aux\u2009: 05\u200936\u200947\u200968\u200910, 05\u200936\u200947\u200968\u200955, 05 36 67 57, 05\u200936\u200947\u200967\u200987.<\/strong><\/p>\n<p class=\" wall-content\">Personnalisez votre actualit\u00e9 en ajoutant vos villes et m\u00e9dias en favori avec <a href=\"https:\/\/moncompte.actu.fr\" title=\"D\u00e9couvez Mon Actu\" rel=\"nofollow noopener\" data-trk=\"{&quot;cta&quot;:{&quot;action&quot;:&quot;https:\\\/\\\/moncompte.actu.fr&quot;,&quot;category&quot;:&quot;mon compte&quot;,&quot;from&quot;:&quot;article footer&quot;,&quot;name&quot;:&quot;Mon actu&quot;,&quot;type&quot;:&quot;cta&quot;}}\" target=\"_blank\">Mon Actu<\/a>.<\/p>\n","protected":false},"excerpt":{"rendered":"Par Mar\u00e9va Laville Publi\u00e9 le 4 sept. 2025 \u00e0 13h09 Un homme d\u2019une trentaine d\u2019ann\u00e9es est recherch\u00e9 par&hellip;\n","protected":false},"author":2,"featured_media":365574,"comment_status":"","ping_status":"","sticky":false,"template":"","format":"standard","meta":{"footnotes":""},"categories":[2816],"tags":[1111,11,3676,1777,674,118,1011,27,12,2680,1072,25,2312],"class_list":{"0":"post-365573","1":"post","2":"type-post","3":"status-publish","4":"format-standard","5":"has-post-thumbnail","7":"category-toulouse","8":"tag-actu","9":"tag-actualites","10":"tag-disparition-inquietante","11":"tag-eu","12":"tag-europe","13":"tag-faits-divers","14":"tag-fr","15":"tag-france","16":"tag-news","17":"tag-occitanie","18":"tag-police","19":"tag-republique-francaise","20":"tag-toulouse"},"share_on_mastodon":{"url":"https:\/\/pubeurope.com\/@fr\/115145819104514211","error":""},"_links":{"self":[{"href":"https:\/\/www.europesays.com\/fr\/wp-json\/wp\/v2\/posts\/365573","targetHints":{"allow":["GET"]}}],"collection":[{"href":"https:\/\/www.europesays.com\/fr\/wp-json\/wp\/v2\/posts"}],"about":[{"href":"https:\/\/www.europesays.com\/fr\/wp-json\/wp\/v2\/types\/post"}],"author":[{"embeddable":true,"href":"https:\/\/www.europesays.com\/fr\/wp-json\/wp\/v2\/users\/2"}],"replies":[{"embeddable":true,"href":"https:\/\/www.europesays.com\/fr\/wp-json\/wp\/v2\/comments?post=365573"}],"version-history":[{"count":0,"href":"https:\/\/www.europesays.com\/fr\/wp-json\/wp\/v2\/posts\/365573\/revisions"}],"wp:featuredmedia":[{"embeddable":true,"href":"https:\/\/www.europesays.com\/fr\/wp-json\/wp\/v2\/media\/365574"}],"wp:attachment":[{"href":"https:\/\/www.europesays.com\/fr\/wp-json\/wp\/v2\/media?parent=365573"}],"wp:term":[{"taxonomy":"category","embeddable":true,"href":"https:\/\/www.europesays.com\/fr\/wp-json\/wp\/v2\/categories?post=365573"},{"taxonomy":"post_tag","embeddable":true,"href":"https:\/\/www.europesays.com\/fr\/wp-json\/wp\/v2\/tags?post=365573"}],"curies":[{"name":"wp","href":"https:\/\/api.w.org\/{rel}","templated":true}]}}