{"id":365575,"date":"2025-09-04T11:35:21","date_gmt":"2025-09-04T11:35:21","guid":{"rendered":"https:\/\/www.europesays.com\/fr\/365575\/"},"modified":"2025-09-04T11:35:21","modified_gmt":"2025-09-04T11:35:21","slug":"un-homme-apercu-dans-le-centre-ville-avec-un-maillot-de-football-floque-arracheur-2-kippa","status":"publish","type":"post","link":"https:\/\/www.europesays.com\/fr\/365575\/","title":{"rendered":"un homme aper\u00e7u dans le centre-ville avec un maillot de football floqu\u00e9 \u00abarracheur 2 kippa\u00bb"},"content":{"rendered":"<p class=\"intro \">Mardi 2 septembre, un homme a \u00e9t\u00e9 photographi\u00e9 dans le centre-ville de Toulouse avec un maillot de football de l&rsquo;\u00e9quipe nationale allemande. Dans son dos, le floquage indique \u00ab\u00a0arracheur de kippa\u00a0\u00bb. Invit\u00e9 de \u00ab\u00a0Christine Kelly et vous\u00a0\u00bb, Yonathan Arfi, pr\u00e9sident du Conseil repr\u00e9sentatif des institutions juives de France, d\u00e9nonce une \u00ab\u00a0banalisation de l&rsquo;antis\u00e9mitisme\u00a0\u00bb.<\/p>\n<p>Un <a href=\"https:\/\/www.europe1.fr\/dossiers\/antisemitisme\" rel=\"nofollow noopener\" target=\"_blank\">antis\u00e9mitisme<\/a> d\u00e9complex\u00e9. Mardi un homme a \u00e9t\u00e9 pris en photo alors qu&rsquo;il est tranquillement assis \u00e0 une terrasse du centre-ville de Toulouse. Mais c&rsquo;est la tenue qu&rsquo;il porte qui va mettre le feu aux poudres. Sur son dos, le maillot de football de l&rsquo;\u00e9quipe nationale d&rsquo;Allemagne, floqu\u00e9 \u00ab\u00a0arracheur 2 kippa\u00a0\u00bb.\u00a0<\/p>\n<p>    La suite apr\u00e8s cette publicit\u00e9<\/p>\n<p>    La suite apr\u00e8s cette publicit\u00e9<\/p>\n<p>    <img decoding=\"async\" src=\"https:\/\/www.europesays.com\/fr\/wp-content\/uploads\/2025\/09\/0d958c347d9872decfda259aec799bc5-1.jpg\" alt=\"maillot antis\u00e9mite\" loading=\"lazy\"\/><\/p>\n<p>\n      maillot antis\u00e9mite<\/p>\n<p>                                \u00a9 Capture<\/p>\n<p>Jusqu&rsquo;\u00e0 un an de prison et 45.000 euros d&rsquo;amende<\/p>\n<p>Un message clairement antis\u00e9mite qui s&rsquo;affichent au grand jour, alors que les actes antis\u00e9mites se multiplient ces derniers mois dans le pays.\u00a0<\/p>\n<p>\u00ab\u00a0Plus que tout autre, cette image dit la banalisation de l&rsquo;antis\u00e9mitisme\u00a0\u00bb, r\u00e9agit dans Christine Kelly et vous,\u00a0Yonathan Arfi, Pr\u00e9sident du Conseil repr\u00e9sentatif des institutions juives de France. \u00ab\u00a0Quelqu&rsquo;un s&rsquo;est lev\u00e9 un matin en se disant qu&rsquo;il pouvait se promener inpun\u00e9ment, devant le regard de tous, et porter un maillot de foot disant &lsquo;arracheur de kippa&rsquo;. Toulouse est une ville martyre du point de vue de l&rsquo;antis\u00e9mitisme, celle o\u00f9 on a assassin\u00e9 des enfants en 2012 dans une \u00e9cole juive [l&rsquo;affaire Mohamed Merah, ndlr].\u00a0\u00bb<\/p>\n<p>    La suite apr\u00e8s cette publicit\u00e9<\/p>\n<p>    La suite apr\u00e8s cette publicit\u00e9<\/p>\n<p>L&rsquo;homme n&rsquo;a pas encore \u00e9t\u00e9 identifi\u00e9. Mais \u00ab\u00a0un avis de recherche a \u00e9t\u00e9 lanc\u00e9\u00a0\u00bb, affirme une \u00ab\u00a0source polici\u00e8re\u00a0\u00bb \u00e0 <a href=\"https:\/\/www.midilibre.fr\/2025\/09\/03\/il-portait-un-maillot-arracheur-de-kippa-dans-une-ville-doccitanie-un-avis-de-recherche-lance-pour-retrouver-lhomme-au-message-antisemite-12909110.php\" rel=\"nofollow noopener\" target=\"_blank\">Midi Libre<\/a>. Pour incitation \u00e0 la haine, l&rsquo;homme encourt jusqu&rsquo;\u00e0 un an de prison et 45.000 euros d&rsquo;amende.\u00a0<\/p>\n<p>\u00a0<\/p>\n","protected":false},"excerpt":{"rendered":"Mardi 2 septembre, un homme a \u00e9t\u00e9 photographi\u00e9 dans le centre-ville de Toulouse avec un maillot de football&hellip;\n","protected":false},"author":2,"featured_media":365576,"comment_status":"","ping_status":"","sticky":false,"template":"","format":"standard","meta":{"footnotes":""},"categories":[2816],"tags":[1111,11,1777,674,1011,27,12,2680,25,2312],"class_list":{"0":"post-365575","1":"post","2":"type-post","3":"status-publish","4":"format-standard","5":"has-post-thumbnail","7":"category-toulouse","8":"tag-actu","9":"tag-actualites","10":"tag-eu","11":"tag-europe","12":"tag-fr","13":"tag-france","14":"tag-news","15":"tag-occitanie","16":"tag-republique-francaise","17":"tag-toulouse"},"share_on_mastodon":{"url":"https:\/\/pubeurope.com\/@fr\/115145822881077416","error":""},"_links":{"self":[{"href":"https:\/\/www.europesays.com\/fr\/wp-json\/wp\/v2\/posts\/365575","targetHints":{"allow":["GET"]}}],"collection":[{"href":"https:\/\/www.europesays.com\/fr\/wp-json\/wp\/v2\/posts"}],"about":[{"href":"https:\/\/www.europesays.com\/fr\/wp-json\/wp\/v2\/types\/post"}],"author":[{"embeddable":true,"href":"https:\/\/www.europesays.com\/fr\/wp-json\/wp\/v2\/users\/2"}],"replies":[{"embeddable":true,"href":"https:\/\/www.europesays.com\/fr\/wp-json\/wp\/v2\/comments?post=365575"}],"version-history":[{"count":0,"href":"https:\/\/www.europesays.com\/fr\/wp-json\/wp\/v2\/posts\/365575\/revisions"}],"wp:featuredmedia":[{"embeddable":true,"href":"https:\/\/www.europesays.com\/fr\/wp-json\/wp\/v2\/media\/365576"}],"wp:attachment":[{"href":"https:\/\/www.europesays.com\/fr\/wp-json\/wp\/v2\/media?parent=365575"}],"wp:term":[{"taxonomy":"category","embeddable":true,"href":"https:\/\/www.europesays.com\/fr\/wp-json\/wp\/v2\/categories?post=365575"},{"taxonomy":"post_tag","embeddable":true,"href":"https:\/\/www.europesays.com\/fr\/wp-json\/wp\/v2\/tags?post=365575"}],"curies":[{"name":"wp","href":"https:\/\/api.w.org\/{rel}","templated":true}]}}