{"id":365577,"date":"2025-09-04T11:37:10","date_gmt":"2025-09-04T11:37:10","guid":{"rendered":"https:\/\/www.europesays.com\/fr\/365577\/"},"modified":"2025-09-04T11:37:10","modified_gmt":"2025-09-04T11:37:10","slug":"les-anciens-proprietaires-dune-panthere-noire-echappee-sur-le-toit-dun-immeuble-juges-a-lille","status":"publish","type":"post","link":"https:\/\/www.europesays.com\/fr\/365577\/","title":{"rendered":"Les anciens propri\u00e9taires d\u2019une panth\u00e8re noire \u00e9chapp\u00e9e sur le toit d\u2019un immeuble jug\u00e9s \u00e0 Lille"},"content":{"rendered":"<p class=\"paragraph text_align_left lp-f-body-02\">Les deux anciens propri\u00e9taires <a href=\"https:\/\/www.leparisien.fr\/video\/une-panthere-noire-se-balade-sur-le-toit-d-un-immeuble-d-armentieres-19-09-2019-8155482.php\" target=\"_self\" rel=\"nofollow noopener\">d\u2019une panth\u00e8re noire<\/a>, \u00e9chapp\u00e9e en 2019 <a href=\"https:\/\/www.leparisien.fr\/societe\/panthere-d-armentieres-son-proprietaire-en-garde-a-vue-01-10-2019-8164200.php\" target=\"_self\" rel=\"nofollow noopener\">sur le toit d\u2019un immeuble \u00e0 Armenti\u00e8res<\/a> (Nord), comparaissent jeudi devant le tribunal correctionnel de Lille pour <a href=\"https:\/\/www.leparisien.fr\/faits-divers\/panthere-d-armentieres-son-proprietaire-attendu-au-commissariat-mardi-29-09-2019-8162340.php\" target=\"_self\" rel=\"nofollow noopener\">d\u00e9tention non autoris\u00e9e d\u2019un animal <\/a>d\u2019une esp\u00e8ce non-domestique.<\/p>\n<p class=\"paragraph text_align_left lp-f-body-02\">\u00c2g\u00e9s de 41\u00a0ans, ils sont poursuivis \u00e0 la suite de l\u2019\u00e9vasion rocambolesque du f\u00e9lin, alors \u00e2g\u00e9 de quelques mois et pesant entre 25 et 30 kg. L\u2019animal s\u2019\u00e9tait enfui par une fen\u00eatre de l\u2019appartement o\u00f9 vivait le couple.<\/p>\n<p class=\"paragraph text_align_left lp-f-body-02\">Des images diffus\u00e9es \u00e0 l\u2019\u00e9poque montraient le f\u00e9lin d\u00e9ambulant en septembre\u00a02019 sur le rebord d\u2019un immeuble en briques, observant l\u2019int\u00e9rieur d\u2019un appartement ou se penchant dans le vide.<\/p>\n<p class=\"title-embed-dailymotion lp-color-text lp-f-subtitle-04\">Vid\u00e9oUne panth\u00e8re noire se balade sur le toit d&rsquo;un immeuble d&rsquo;Armenti\u00e8res<\/p>\n<p class=\"paragraph text_align_left lp-f-body-02\">Un p\u00e9rim\u00e8tre de s\u00e9curit\u00e9 avait \u00e9t\u00e9 mis en place avant que les pompiers ne parviennent \u00e0 le pi\u00e9ger \u00e0 l\u2019int\u00e9rieur d\u2019une habitation dans laquelle la panth\u00e8re venait d\u2019entrer.<\/p>\n<p class=\"lp-card-podcast-highlighting__title  lp-f-subtitle-05\">[4\/4] C\u00e9cile Vallin, les secrets d\u2019une disparition<\/p>\n<p class=\"lp-card-podcast-highlighting__description lp-f-ui-05\">Crime story raconte chaque semaine les grandes affaires criminelles.<\/p>\n<p><a class=\"lp-card-podcast-highlighting__call-to-action\" data-page-type=\"HP\" data-block-name=\"podcast-highlight\">\u00c9couter<\/a><\/p>\n<p class=\"paragraph text_align_left lp-f-body-02\">Un v\u00e9t\u00e9rinaire sapeur-pompier, accompagn\u00e9 d\u2019un policier et d\u2019un agent de l\u2019Office national de la chasse et de la faune sauvage (ONCFS), avait alors endormi l\u2019animal \u00e0 l\u2019aide d\u2019un fusil hypodermique \u00e9quip\u00e9 de fl\u00e9chettes anesth\u00e9siantes.<\/p>\n<p class=\"paragraph text_align_left lp-f-body-02\">Aucune victime n\u2019avait \u00e9t\u00e9 d\u00e9plor\u00e9e lors de cette intervention \u00ab\u00a0hors norme\u00a0\u00bb.<\/p>\n<p>La panth\u00e8re \u00ab\u00a0se porte tr\u00e8s bien\u00a0\u00bb<\/p>\n<p class=\"paragraph text_align_left lp-f-body-02\">La panth\u00e8re avait ensuite \u00e9t\u00e9 accueillie par le zoo de Maubeuge, mais quelques jours plus tard, elle y avait \u00e9t\u00e9 d\u00e9rob\u00e9e\u00a0: six points de s\u00e9curit\u00e9 de l\u2019enclos avaient \u00e9t\u00e9 forc\u00e9s, sans effraction aux entr\u00e9es principales.<\/p>\n<p class=\"paragraph text_align_left lp-f-body-02\">\u00ab\u00a0Cette panth\u00e8re \u00e9tait d\u00e9tenue par des particuliers qui n\u2019avaient pas le certificat de capacit\u00e9 pour s\u2019occuper de ce type d\u2019animal\u00a0\u00bb , a soulign\u00e9 Me Graziella Dode, l\u2019avocate de la Ligue protectrice des animaux du nord de la France, partie civile. \u00ab\u00a0Elle vivait dans des conditions inadapt\u00e9es aux besoins de son esp\u00e8ce. La d\u00e9tenir ainsi, c\u2019est participer au trafic des esp\u00e8ces\u00a0\u00bb, a-t-elle d\u00e9nonc\u00e9.<\/p>\n<p class=\"paragraph text_align_left lp-f-body-02\">\u00ab\u00a0La d\u00e9tention d\u2019un animal sauvage constitue en elle-m\u00eame un acte de mauvais traitement, puisqu\u2019elle ne permet pas de satisfaire ses besoins physiologiques\u00a0\u00bb, a abond\u00e9 Me Xavier Bacquet, avocat de la Fondation 30\u00a0millions d\u2019amis, \u00e9galement partie civile.<\/p>\n<p class=\"paragraph text_align_left lp-f-body-02\">\u00ab\u00a0Je ne la voyais plus comme une panth\u00e8re. C\u2019\u00e9tait comme un gros b\u00e9b\u00e9 affectueux, qui ne demandait que des c\u00e2lins\u2026\u00a0\u00bb, avait t\u00e9moign\u00e9 l\u2019ancien propri\u00e9taire aupr\u00e8s de La Voix du Nord en novembre\u00a02019.<\/p>\n<p class=\"paragraph text_align_left lp-f-body-02\">Depuis baptis\u00e9e Akilla, la panth\u00e8re vit aujourd\u2019hui dans un sanctuaire pour f\u00e9lins aux Pays-Bas, o\u00f9 elle \u00ab\u00a0se porte tr\u00e8s bien\u00a0\u00bb selon ses soigneurs. \u00ab\u00a0Elle s\u2019amuse beaucoup, elle est joueuse et interagit bien avec la panth\u00e8se voisine \u00e0 tavers le grillage\u00a0\u00bb, a indiqu\u00e9 Wendy Karsten du Stichting Leeuw, une fondation de protection des f\u00e9lins bas\u00e9e au nord d\u2019Amsterdam.<\/p>\n","protected":false},"excerpt":{"rendered":"Les deux anciens propri\u00e9taires d\u2019une panth\u00e8re noire, \u00e9chapp\u00e9e en 2019 sur le toit d\u2019un immeuble \u00e0 Armenti\u00e8res (Nord),&hellip;\n","protected":false},"author":2,"featured_media":365578,"comment_status":"","ping_status":"","sticky":false,"template":"","format":"standard","meta":{"footnotes":""},"categories":[2815],"tags":[1111,11,459,1777,674,118,1011,27,811,1307,12,25],"class_list":{"0":"post-365577","1":"post","2":"type-post","3":"status-publish","4":"format-standard","5":"has-post-thumbnail","7":"category-lille","8":"tag-actu","9":"tag-actualites","10":"tag-departements-horsidfo","11":"tag-eu","12":"tag-europe","13":"tag-faits-divers","14":"tag-fr","15":"tag-france","16":"tag-hauts-de-france","17":"tag-lille","18":"tag-news","19":"tag-republique-francaise"},"share_on_mastodon":{"url":"https:\/\/pubeurope.com\/@fr\/115145830899879419","error":""},"_links":{"self":[{"href":"https:\/\/www.europesays.com\/fr\/wp-json\/wp\/v2\/posts\/365577","targetHints":{"allow":["GET"]}}],"collection":[{"href":"https:\/\/www.europesays.com\/fr\/wp-json\/wp\/v2\/posts"}],"about":[{"href":"https:\/\/www.europesays.com\/fr\/wp-json\/wp\/v2\/types\/post"}],"author":[{"embeddable":true,"href":"https:\/\/www.europesays.com\/fr\/wp-json\/wp\/v2\/users\/2"}],"replies":[{"embeddable":true,"href":"https:\/\/www.europesays.com\/fr\/wp-json\/wp\/v2\/comments?post=365577"}],"version-history":[{"count":0,"href":"https:\/\/www.europesays.com\/fr\/wp-json\/wp\/v2\/posts\/365577\/revisions"}],"wp:featuredmedia":[{"embeddable":true,"href":"https:\/\/www.europesays.com\/fr\/wp-json\/wp\/v2\/media\/365578"}],"wp:attachment":[{"href":"https:\/\/www.europesays.com\/fr\/wp-json\/wp\/v2\/media?parent=365577"}],"wp:term":[{"taxonomy":"category","embeddable":true,"href":"https:\/\/www.europesays.com\/fr\/wp-json\/wp\/v2\/categories?post=365577"},{"taxonomy":"post_tag","embeddable":true,"href":"https:\/\/www.europesays.com\/fr\/wp-json\/wp\/v2\/tags?post=365577"}],"curies":[{"name":"wp","href":"https:\/\/api.w.org\/{rel}","templated":true}]}}