{"id":365579,"date":"2025-09-04T11:38:14","date_gmt":"2025-09-04T11:38:14","guid":{"rendered":"https:\/\/www.europesays.com\/fr\/365579\/"},"modified":"2025-09-04T11:38:14","modified_gmt":"2025-09-04T11:38:14","slug":"a-marseille-la-bonne-mere-commence-a-retrouver-son-eclat-dor","status":"publish","type":"post","link":"https:\/\/www.europesays.com\/fr\/365579\/","title":{"rendered":"A Marseille, la Bonne M\u00e8re commence \u00e0 retrouver son \u00e9clat d&rsquo;or"},"content":{"rendered":"<p>D\u00e9coiff\u00e9e de sa couronne en ao\u00fbt, la statue de la vierge \u00e0 l&rsquo;enfant protectrice de la cit\u00e9 phoc\u00e9enne est depuis mercredi recouverte de 30.000 \u00e0 40.000 feuilles d&rsquo;or, afin de lui redonner l&rsquo;\u00e9clat qu&rsquo;elle avait perdu \u00e0 cause du mistral, de l&rsquo;air marin et de la pollution industrielle.<\/p>\n<p><img alt=\"La restauratrice d'art Cyrielle D'Antoni travaille avec des feuilles d'or sur la statue de J\u00e9sus, \u00e0 c\u00f4t\u00e9 de la Vierge Marie, lors de la r\u00e9novation de la basilique Notre-Dame de la Garde \u00e0 Marseille, le 3 septembre 2025\" loading=\"lazy\" decoding=\"async\" data-nimg=\"fill\" class=\" TwicCore_img__i9TC1 undefined  undefined\" style=\"position:absolute;height:100%;width:100%;left:0;top:0;right:0;bottom:0;color:transparent;background-size:cover;background-position:50% 50%;background-repeat:no-repeat;background-image:url(&quot;data:image\/svg+xml;charset=utf-8,%3Csvg xmlns='http:\/\/www.w3.org\/2000\/svg' %3E%3Cfilter id='b' color-interpolation-filters='sRGB'%3E%3CfeGaussianBlur stdDeviation='20'\/%3E%3CfeColorMatrix values='1 0 0 0 0 0 1 0 0 0 0 0 1 0 0 0 0 0 100 -1' result='s'\/%3E%3CfeFlood x='0' y='0' width='100%25' height='100%25'\/%3E%3CfeComposite operator='out' in='s'\/%3E%3CfeComposite in2='SourceGraphic'\/%3E%3CfeGaussianBlur stdDeviation='20'\/%3E%3C\/filter%3E%3Cimage width='100%25' height='100%25' x='0' y='0' preserveAspectRatio='none' style='filter: url(%23b);' href='https:\/\/pictures.laprovence.com\/cdn-cgi\/image\/blur=250\/media\/afp\/c917362759d6c6a0658028d0fd9190876089666c.jpg'\/%3E%3C\/svg%3E&quot;)\"   src=\"https:\/\/www.europesays.com\/fr\/wp-content\/uploads\/2025\/09\/c917362759d6c6a0658028d0fd9190876089666c.jpg\"\/>La restauratrice d&rsquo;art Cyrielle D&rsquo;Antoni travaille avec des feuilles d&rsquo;or sur la statue de J\u00e9sus, \u00e0 c\u00f4t\u00e9 de la Vierge Marie, lors de la r\u00e9novation de la basilique Notre-Dame de la Garde \u00e0 Marseille, le 3 septembre 2025 PHOTO AFP \/ Miguel MEDINA<\/p>\n<p>Perch\u00e9e en haut de la basilique de Notre-Dame de la Garde, point culminant de la 2e ville de France, Mme D&rsquo;Antoni, les cheveux recouverts d&rsquo;or, passe sa palette sur sa joue pour cr\u00e9er de l&rsquo;\u00e9lectricit\u00e9 statique et attraper plus facilement les feuilles d&rsquo;or, avant de les d\u00e9poser sur la statue. Elle \u00e9pouss\u00e8te ensuite la surface avec une petite brosse.<\/p>\n<p>Munie d&rsquo;un coussin \u00e0 dorer fabriqu\u00e9 par ses soins, l&rsquo;artisane des ateliers Gohard s&rsquo;efforce de faire le moins de gaspillage possible en r\u00e9cup\u00e9rant les quelques poussi\u00e8res qui n&rsquo;ont pas adh\u00e9r\u00e9, consciente du caract\u00e8re pr\u00e9cieux de la mati\u00e8re qu&rsquo;elle manipule. <\/p>\n<p>\u00ab\u00a0Une fois qu&rsquo;on a termin\u00e9 l&rsquo;\u00e9poussetage, on vient passer un matage\u00a0\u00bb, explique la doreuse, \u00ab\u00a0de l&rsquo;eau avec un peu de g\u00e9latine alimentaire\u00a0\u00bb permettant de lisser le peu de feuilles d&rsquo;or qui restent. <\/p>\n<p><img alt=\"La restauratrice d'art Cyrielle D'Antoni travaille avec des feuilles d'or sur la statue de J\u00e9sus, \u00e0 c\u00f4t\u00e9 de la Vierge Marie, lors de la r\u00e9novation de la basilique Notre-Dame de la Garde \u00e0 Marseille, le 3 septembre 2025\" loading=\"lazy\" decoding=\"async\" data-nimg=\"fill\" class=\" TwicCore_img__i9TC1 undefined  undefined\" style=\"position:absolute;height:100%;width:100%;left:0;top:0;right:0;bottom:0;color:transparent;background-size:cover;background-position:50% 50%;background-repeat:no-repeat;background-image:url(&quot;data:image\/svg+xml;charset=utf-8,%3Csvg xmlns='http:\/\/www.w3.org\/2000\/svg' %3E%3Cfilter id='b' color-interpolation-filters='sRGB'%3E%3CfeGaussianBlur stdDeviation='20'\/%3E%3CfeColorMatrix values='1 0 0 0 0 0 1 0 0 0 0 0 1 0 0 0 0 0 100 -1' result='s'\/%3E%3CfeFlood x='0' y='0' width='100%25' height='100%25'\/%3E%3CfeComposite operator='out' in='s'\/%3E%3CfeComposite in2='SourceGraphic'\/%3E%3CfeGaussianBlur stdDeviation='20'\/%3E%3C\/filter%3E%3Cimage width='100%25' height='100%25' x='0' y='0' preserveAspectRatio='none' style='filter: url(%23b);' href='https:\/\/pictures.laprovence.com\/cdn-cgi\/image\/blur=250\/media\/afp\/37a71e98749b11173529b6f767fac72f826c347c.jpg'\/%3E%3C\/svg%3E&quot;)\"   src=\"https:\/\/www.europesays.com\/fr\/wp-content\/uploads\/2025\/09\/37a71e98749b11173529b6f767fac72f826c347c.jpg\"\/>La restauratrice d&rsquo;art Cyrielle D&rsquo;Antoni travaille avec des feuilles d&rsquo;or sur la statue de J\u00e9sus, \u00e0 c\u00f4t\u00e9 de la Vierge Marie, lors de la r\u00e9novation de la basilique Notre-Dame de la Garde \u00e0 Marseille, le 3 septembre 2025 PHOTO AFP \/ Miguel MEDINA<\/p>\n<p>Apr\u00e8s la main de l&rsquo;enfant J\u00e9sus, Cyrielle et ses coll\u00e8gues artisans s&rsquo;attaqueront au visage, aux cheveux, au cou et au reste du corps de la statue, un travail qui devrait durer un mois environ. <\/p>\n<p>A la vue \u00e9poustouflante s&rsquo;ajoute un murmure du vent soufflant dans les b\u00e2ches au sommet de la basilique, que tout le monde surnomme ici la Bonne M\u00e8re.<\/p>\n<p>Consciente de la port\u00e9e symbolique de son travail dont des milliers de Marseillais attendent de voir le r\u00e9sultat, Mme D&rsquo;Antoni souligne l'\u00a0\u00bbhonneur\u00a0\u00bb et le \u00ab\u00a0plaisir\u00a0\u00bb de travailler sur un site comme celui de la Bonne M\u00e8re: \u00ab\u00a0je suis originaire de la r\u00e9gion, donc \u00e7a me tenait vraiment \u00e0 coeur de faire ce chantier\u00a0\u00bb. <\/p>\n<p>-Une dorure pour 50 ans &#8211;<\/p>\n<p>La statue faisant une dizaine de m\u00e8tres de haut, jusqu&rsquo;au sommet de sa couronne, un peu plus de 100 m\u00e8tres carr\u00e9s seront redor\u00e9s, pour \u00e0 peine 500 grammes d&rsquo;or.<\/p>\n<p>La pr\u00e9cision n\u00e9cessaire pour ce travail impose des conditions particuli\u00e8res: l&rsquo;\u00e9chafaudage est enti\u00e8rement thermob\u00e2ch\u00e9 afin de prot\u00e9ger la statue notamment du vent et de la chaleur. <\/p>\n<p><img alt=\"French architecte Xavier David, in charge of the restoration project of the Notre-Dame de la Garde, poses next to the statue of the Virgin Mary, in Marseille on September 3, 2025.\" loading=\"lazy\" decoding=\"async\" data-nimg=\"fill\" class=\" TwicCore_img__i9TC1 undefined  undefined\" style=\"position:absolute;height:100%;width:100%;left:0;top:0;right:0;bottom:0;color:transparent;background-size:cover;background-position:50% 50%;background-repeat:no-repeat;background-image:url(&quot;data:image\/svg+xml;charset=utf-8,%3Csvg xmlns='http:\/\/www.w3.org\/2000\/svg' %3E%3Cfilter id='b' color-interpolation-filters='sRGB'%3E%3CfeGaussianBlur stdDeviation='20'\/%3E%3CfeColorMatrix values='1 0 0 0 0 0 1 0 0 0 0 0 1 0 0 0 0 0 100 -1' result='s'\/%3E%3CfeFlood x='0' y='0' width='100%25' height='100%25'\/%3E%3CfeComposite operator='out' in='s'\/%3E%3CfeComposite in2='SourceGraphic'\/%3E%3CfeGaussianBlur stdDeviation='20'\/%3E%3C\/filter%3E%3Cimage width='100%25' height='100%25' x='0' y='0' preserveAspectRatio='none' style='filter: url(%23b);' href='https:\/\/pictures.laprovence.com\/cdn-cgi\/image\/blur=250\/media\/afp\/9f5c401674576c4fc82ec53acd2d1e2e3daddf54.jpg'\/%3E%3C\/svg%3E&quot;)\"   src=\"https:\/\/www.europesays.com\/fr\/wp-content\/uploads\/2025\/09\/9f5c401674576c4fc82ec53acd2d1e2e3daddf54.jpg\"\/>French architecte Xavier David, in charge of the restoration project of the Notre-Dame de la Garde, poses next to the statue of the Virgin Mary, in Marseille on September 3, 2025. PHOTO AFP \/ Miguel MEDINA<\/p>\n<p>Selon Xavier David, architecte en charge du chantier, cette op\u00e9ration est \u00ab\u00a0historique\u00a0\u00bb car \u00ab\u00a0il n&rsquo;y avait pas cet emballage\u00a0\u00bb lors des travaux pr\u00e9c\u00e9dents, qui permet aujourd&rsquo;hui de cr\u00e9er une sorte d&rsquo;atelier dans les airs pour \u00ab\u00a0travailler hors pollution\u00a0\u00bb.<\/p>\n<p>Ce nouveau chantier a aussi \u00e9t\u00e9 l&rsquo;occasion de d\u00e9couvrir qu&rsquo;\u00e0 chaque restauration faite en plein air, la statue \u00ab\u00a0r\u00e9cup\u00e9rait du sel\u00a0\u00bb de la mer. <\/p>\n<p>D&rsquo;apr\u00e8s les sp\u00e9cialiste des ateliers Gohard, gr\u00e2ce \u00e0 ce dessalement, la dorure de la statue ne devrait pas tenir 25 ou 30 ans, comme habituellement, mais plut\u00f4t 50 ans.<\/p>\n<p>M. David se dit \u00ab\u00a0d&rsquo;abord saisi personnellement\u00a0\u00bb , mais encore plus touch\u00e9 par \u00ab\u00a0l&rsquo;\u00e9merveillement de tous les visiteurs, des m\u00e9c\u00e8nes, des m\u00e9dias, des ouvriers\u00a0\u00bb.<\/p>\n<p>Avant de lancer ces travaux, le dioc\u00e8se de Marseille, propri\u00e9taire de l&rsquo;\u00e9difice, avait lanc\u00e9 une campagne de dons, proposant aux particuliers de financer une des 30.000 feuilles d&rsquo;or qui seront n\u00e9cessaires \u00e0 l&rsquo;ouvrage. <\/p>\n<p><img alt=\"Des feuilles d'or utilis\u00e9es lors de la restauration de la statue de J\u00e9sus de la basilique Notre-Dame de la Garde, le 3 septembre 2025 \u00e0 Marseille\" loading=\"lazy\" decoding=\"async\" data-nimg=\"fill\" class=\" TwicCore_img__i9TC1 undefined  undefined\" style=\"position:absolute;height:100%;width:100%;left:0;top:0;right:0;bottom:0;color:transparent;background-size:cover;background-position:50% 50%;background-repeat:no-repeat;background-image:url(&quot;data:image\/svg+xml;charset=utf-8,%3Csvg xmlns='http:\/\/www.w3.org\/2000\/svg' %3E%3Cfilter id='b' color-interpolation-filters='sRGB'%3E%3CfeGaussianBlur stdDeviation='20'\/%3E%3CfeColorMatrix values='1 0 0 0 0 0 1 0 0 0 0 0 1 0 0 0 0 0 100 -1' result='s'\/%3E%3CfeFlood x='0' y='0' width='100%25' height='100%25'\/%3E%3CfeComposite operator='out' in='s'\/%3E%3CfeComposite in2='SourceGraphic'\/%3E%3CfeGaussianBlur stdDeviation='20'\/%3E%3C\/filter%3E%3Cimage width='100%25' height='100%25' x='0' y='0' preserveAspectRatio='none' style='filter: url(%23b);' href='https:\/\/pictures.laprovence.com\/cdn-cgi\/image\/blur=250\/media\/afp\/a97b9f8ca6fe638a8a64e1a9ec1b879fce195b5f.jpg'\/%3E%3C\/svg%3E&quot;)\"   src=\"https:\/\/www.europesays.com\/fr\/wp-content\/uploads\/2025\/09\/a97b9f8ca6fe638a8a64e1a9ec1b879fce195b5f.jpg\"\/>Des feuilles d&rsquo;or utilis\u00e9es lors de la restauration de la statue de J\u00e9sus de la basilique Notre-Dame de la Garde, le 3 septembre 2025 \u00e0 Marseille PHOTO AFP \/ Miguel MEDINA<\/p>\n<p>Les travaux, qui concernent \u00e9galement le pi\u00e9destal, les anges, et les fa\u00e7ades, aura co\u00fbt\u00e9 environ 2,8 millions d&rsquo;euros environ, dont 2,2 millions rien que pour la redorure.<\/p>\n<p>Le dioc\u00e8se a \u00e9galement re\u00e7u le soutien de m\u00e9c\u00e8nes, comme l&rsquo;armateur CMA CGM du milliardaire Rodolphe Saad\u00e9, bas\u00e9 \u00e0 Marseille, l&rsquo;Olympique de Marseille ou le groupe de spiritueux Pernod Ricard, en plus des collectivit\u00e9s.<\/p>\n<p>\u00ab\u00a0Quand [la Bonne M\u00e8re] a \u00e9t\u00e9 cach\u00e9e \u00e0 la vue dans cette b\u00e2che blanche, il y a des Marseillais qui s&rsquo;en sont inqui\u00e9t\u00e9s\u00a0\u00bb, confie l&rsquo;architecte. <\/p>\n<p>C&rsquo;est la raison pour laquelle des spots ont \u00e9t\u00e9 install\u00e9s \u00ab\u00a0\u00e0 la fa\u00e7on d&rsquo;un coeur qui bat\u00a0\u00bb, pour les faire patienter avant qu&rsquo;ils ne la retrouvent flambant neuve d\u00e9but d\u00e9cembre.<\/p>\n","protected":false},"excerpt":{"rendered":"D\u00e9coiff\u00e9e de sa couronne en ao\u00fbt, la statue de la vierge \u00e0 l&rsquo;enfant protectrice de la cit\u00e9 phoc\u00e9enne&hellip;\n","protected":false},"author":2,"featured_media":365580,"comment_status":"","ping_status":"","sticky":false,"template":"","format":"standard","meta":{"footnotes":""},"categories":[2814],"tags":[17,1111,11,11690,28813,13371,1777,674,1011,27,329,884,5875,12,882,25,7473,3711],"class_list":{"0":"post-365579","1":"post","2":"type-post","3":"status-publish","4":"format-standard","5":"has-post-thumbnail","7":"category-marseille","8":"tag-17","9":"tag-actu","10":"tag-actualites","11":"tag-bonne","12":"tag-commence","13":"tag-eclat","14":"tag-eu","15":"tag-europe","16":"tag-fr","17":"tag-france","18":"tag-france-monde","19":"tag-marseille","20":"tag-mere","21":"tag-news","22":"tag-provence-alpes-cote-dazur","23":"tag-republique-francaise","24":"tag-retrouver","25":"tag-son"},"share_on_mastodon":{"url":"https:\/\/pubeurope.com\/@fr\/115145835060062635","error":""},"_links":{"self":[{"href":"https:\/\/www.europesays.com\/fr\/wp-json\/wp\/v2\/posts\/365579","targetHints":{"allow":["GET"]}}],"collection":[{"href":"https:\/\/www.europesays.com\/fr\/wp-json\/wp\/v2\/posts"}],"about":[{"href":"https:\/\/www.europesays.com\/fr\/wp-json\/wp\/v2\/types\/post"}],"author":[{"embeddable":true,"href":"https:\/\/www.europesays.com\/fr\/wp-json\/wp\/v2\/users\/2"}],"replies":[{"embeddable":true,"href":"https:\/\/www.europesays.com\/fr\/wp-json\/wp\/v2\/comments?post=365579"}],"version-history":[{"count":0,"href":"https:\/\/www.europesays.com\/fr\/wp-json\/wp\/v2\/posts\/365579\/revisions"}],"wp:featuredmedia":[{"embeddable":true,"href":"https:\/\/www.europesays.com\/fr\/wp-json\/wp\/v2\/media\/365580"}],"wp:attachment":[{"href":"https:\/\/www.europesays.com\/fr\/wp-json\/wp\/v2\/media?parent=365579"}],"wp:term":[{"taxonomy":"category","embeddable":true,"href":"https:\/\/www.europesays.com\/fr\/wp-json\/wp\/v2\/categories?post=365579"},{"taxonomy":"post_tag","embeddable":true,"href":"https:\/\/www.europesays.com\/fr\/wp-json\/wp\/v2\/tags?post=365579"}],"curies":[{"name":"wp","href":"https:\/\/api.w.org\/{rel}","templated":true}]}}