{"id":365581,"date":"2025-09-04T11:39:10","date_gmt":"2025-09-04T11:39:10","guid":{"rendered":"https:\/\/www.europesays.com\/fr\/365581\/"},"modified":"2025-09-04T11:39:10","modified_gmt":"2025-09-04T11:39:10","slug":"pourquoi-la-tunisie-sen-prend-a-la-france-apres-lattaque-a-marseille","status":"publish","type":"post","link":"https:\/\/www.europesays.com\/fr\/365581\/","title":{"rendered":"Pourquoi la Tunisie s&rsquo;en prend \u00e0 la France apr\u00e8s l&rsquo;attaque \u00e0 Marseille"},"content":{"rendered":"<p>Apr\u00e8s que l&rsquo;un de ses ressortissants a \u00e9t\u00e9 abattu \u00e0 Marseille, mercredi 3 septembre, \u00e0 l&rsquo;issue d&rsquo;une attaque au couteau et \u00e0 la barre de fer, la Tunisie s&rsquo;est montr\u00e9e particuli\u00e8rement virulente quant au sort r\u00e9serv\u00e9 \u00e0 l&rsquo;assaillant. Le minist\u00e8re tunisien des Affaires \u00e9trang\u00e8res a annonc\u00e9, dans un communiqu\u00e9, avoir convoqu\u00e9 le charg\u00e9 d&rsquo;affaires par int\u00e9rim de l&rsquo;ambassade de France \u00e0 Tunis pour lui faire part de sa \u00ab vive protestation \u00bb. Le pays consid\u00e8re la mort de l&rsquo;homme comme un \u00ab meurtre injustifi\u00e9 \u00bb.<\/p>\n<p>https:\/\/www.lepoint.fr\/societe\/pourquoi-la-tunisie-s-en-prend-a-la-france-apres-l-attaque-a-marseille-04-09-2025-2597775_23.php<\/p>\n<p>#Marseille #Attaqueaucouteau #Tunisie<\/p>\n<p>Retrouvez-nous sur :<br \/>&#8211; Youtube : https:\/\/www.youtube.com\/c\/lepoint\/ <br \/>&#8211; Facebook : https:\/\/www.facebook.com\/lepoint.fr\/ <br \/>&#8211; Twitter : https:\/\/twitter.com\/LePoint <br \/>&#8211; Instagram : https:\/\/www.instagram.com\/lepointfr <br \/>&#8211; Tik Tok : https:\/\/www.tiktok.com\/@lepointfr <br \/>&#8211; LinkedIn : https:\/\/www.linkedin.com\/company\/le-point\/posts\/ <br \/>&#8211; www.lepoint.fr\n                        <\/p>\n<p><script async src=\"https:\/\/platform.twitter.com\/widgets.js\" charset=\"utf-8\"><\/script><script async src=\"\/\/www.instagram.com\/embed.js\"><\/script><script async src=\"\/\/www.tiktok.com\/embed.js\"><\/script><\/p>\n","protected":false},"excerpt":{"rendered":"Apr\u00e8s que l&rsquo;un de ses ressortissants a \u00e9t\u00e9 abattu \u00e0 Marseille, mercredi 3 septembre, \u00e0 l&rsquo;issue d&rsquo;une attaque&hellip;\n","protected":false},"author":2,"featured_media":365582,"comment_status":"","ping_status":"","sticky":false,"template":"","format":"standard","meta":{"footnotes":""},"categories":[2814],"tags":[1111,11,1777,674,1011,27,884,12,882,25],"class_list":{"0":"post-365581","1":"post","2":"type-post","3":"status-publish","4":"format-standard","5":"has-post-thumbnail","7":"category-marseille","8":"tag-actu","9":"tag-actualites","10":"tag-eu","11":"tag-europe","12":"tag-fr","13":"tag-france","14":"tag-marseille","15":"tag-news","16":"tag-provence-alpes-cote-dazur","17":"tag-republique-francaise"},"share_on_mastodon":{"url":"https:\/\/pubeurope.com\/@fr\/115145838772909946","error":""},"_links":{"self":[{"href":"https:\/\/www.europesays.com\/fr\/wp-json\/wp\/v2\/posts\/365581","targetHints":{"allow":["GET"]}}],"collection":[{"href":"https:\/\/www.europesays.com\/fr\/wp-json\/wp\/v2\/posts"}],"about":[{"href":"https:\/\/www.europesays.com\/fr\/wp-json\/wp\/v2\/types\/post"}],"author":[{"embeddable":true,"href":"https:\/\/www.europesays.com\/fr\/wp-json\/wp\/v2\/users\/2"}],"replies":[{"embeddable":true,"href":"https:\/\/www.europesays.com\/fr\/wp-json\/wp\/v2\/comments?post=365581"}],"version-history":[{"count":0,"href":"https:\/\/www.europesays.com\/fr\/wp-json\/wp\/v2\/posts\/365581\/revisions"}],"wp:featuredmedia":[{"embeddable":true,"href":"https:\/\/www.europesays.com\/fr\/wp-json\/wp\/v2\/media\/365582"}],"wp:attachment":[{"href":"https:\/\/www.europesays.com\/fr\/wp-json\/wp\/v2\/media?parent=365581"}],"wp:term":[{"taxonomy":"category","embeddable":true,"href":"https:\/\/www.europesays.com\/fr\/wp-json\/wp\/v2\/categories?post=365581"},{"taxonomy":"post_tag","embeddable":true,"href":"https:\/\/www.europesays.com\/fr\/wp-json\/wp\/v2\/tags?post=365581"}],"curies":[{"name":"wp","href":"https:\/\/api.w.org\/{rel}","templated":true}]}}