{"id":365583,"date":"2025-09-04T11:40:20","date_gmt":"2025-09-04T11:40:20","guid":{"rendered":"https:\/\/www.europesays.com\/fr\/365583\/"},"modified":"2025-09-04T11:40:20","modified_gmt":"2025-09-04T11:40:20","slug":"pres-de-lyon-cette-ville-appelle-a-laide-face-aux-dealers-des-crs-debarquent-en-renfort","status":"publish","type":"post","link":"https:\/\/www.europesays.com\/fr\/365583\/","title":{"rendered":"Pr\u00e8s de Lyon. Cette ville appelle \u00e0 l&rsquo;aide face aux dealers, des CRS d\u00e9barquent en renfort"},"content":{"rendered":"<p>            Par<br \/>\n        <strong><br \/>\n            <a href=\"https:\/\/actu.fr\/auteur\/anthony-soudani\" title=\"Consulter tous les articles de Anthony Soudani\" target=\"_blank\" rel=\"noopener\">Anthony Soudani<\/a><br \/>\n        <\/strong><\/p>\n<p>        Publi\u00e9 le<\/p>\n<p>            4 sept. 2025 \u00e0 12h08        <\/p>\n<p>Pour Mich\u00e8le Picard, maire de V\u00e9nissieux, la <a href=\"https:\/\/actu.fr\/auvergne-rhone-alpes\/venissieux_69259\/pres-de-lyon-fusillades-drogues-et-violences-urbaines-cette-ville-appelle-a-l-aide_63103997.html\" target=\"_blank\" rel=\"noopener\">pr\u00e9sence polici\u00e8re n\u2019est pas suffisante dans sa ville<\/a>. En d\u00e9placement avec Antoine Gu\u00e9rin, pr\u00e9fet du Rh\u00f4ne d\u00e9l\u00e9gu\u00e9 \u00e0 la S\u00e9curit\u00e9, au sein du quartier Ambroise-Croizat mercredi 3 septembre,<strong> l\u2019\u00e9lue PCF demande au ministre de l\u2019Int\u00e9rieur, Bruno Retailleau<\/strong>, des effectifs de police nationale, de justice et de douane suppl\u00e9mentaires.\u00a0<br \/>En attendant, une unit\u00e9 de CRS est d\u00e9ploy\u00e9e en renfort.<\/p>\n<p>    <a href=\"https:\/\/www.google.com\/maps\/embed?pb=!1m18!1m12!1m3!1d2786.4186056774074!2d4.8851510766167765!3d45.7026384174976!2m3!1f0!2f0!3f0!3m2!1i1024!2i768!4f13.1!3m3!1m2!1s0x47f4c240d9649daf%3A0x4637ea30fbf20469!2sBd%20Ambroise%20Croizat%2C%2069200%20V%C3%A9nissieux!5e0!3m2!1sfr!2sfr!4v1756979291320!5m2!1sfr!2sfr\" title=\"Ouvrie le lien\" target=\"_blank\" rel=\"noopener\">Cliquez ici pour visualiser le contenu<\/a><\/p>\n<p>\u00ab\u00a0J\u2019entends des habitants me dire qu\u2019ils ont peur, c\u2019est inadmissible\u00a0\u00bb<\/p>\n<p class=\" wall-content\">Une op\u00e9ration de s\u00e9curit\u00e9 a \u00e9t\u00e9 organis\u00e9e mercredi soir. La maire en a profit\u00e9 pour r\u00e9clamer une deuxi\u00e8me brigade sp\u00e9cialis\u00e9e de terrain (BST). \u00ab\u00a0Force est de constater qu\u2019une BST ne suffit pas \u00e0 enrayer tous les points deal. Ce soir, c\u2019est une pr\u00e9sence qui se voit et rassure. Quand j\u2019entends <a href=\"https:\/\/actu.fr\/auvergne-rhone-alpes\/venissieux_69259\/des-habitants-en-detresse-pres-de-lyon-leur-quartier-est-cerne-par-les-dealers-et-l-insecurite_62983895.html\" target=\"_blank\" rel=\"noopener\">des habitants me dire qu\u2019ils ont peur, qu\u2019ils se terrent<\/a>, c\u2019est inadmissible\u00a0\u00bb, r\u00e9agit-elle aupr\u00e8s d\u2019actu Lyon.\u00a0<\/p>\n<p>    <img   decoding=\"async\" loading=\"lazy\" src=\"https:\/\/www.europesays.com\/fr\/wp-content\/uploads\/2025\/09\/police-venissieux-lyon-960x640.jpg\" alt=\"Une op\u00e9ration de police a eu lieu dans le quartier Ambroise-Croizat, mercredi soir, pour montrer la pr\u00e9sence des agents aux habitants.\" width=\"960\" height=\"640\"\/><br \/>\n    Une op\u00e9ration de police a eu lieu dans le quartier Ambroise-Croizat, mercredi soir, pour montrer la pr\u00e9sence des agents aux habitants. (\u00a9Medave Prod \/ actu Lyon)<\/p>\n<p class=\" wall-content\">La mont\u00e9e en puissance du narcotrafic inqui\u00e8te l\u2019\u00e9lue dans la commune. Pour Mich\u00e8le Picard, il faut plus de moyens humains pour \u00ab\u00a0regagner du terrain\u00a0\u00bb.\u00a0<\/p>\n<p class=\" wall-content\">Antoine Gu\u00e9rin, pr\u00e9fet du Rh\u00f4ne d\u00e9l\u00e9gu\u00e9 \u00e0 la S\u00e9curit\u00e9, l\u2019affirme : \u00ab\u00a0Tous les soirs, il y a une pr\u00e9sence polici\u00e8re sur V\u00e9nissieux. <strong>Des moyens exceptionnels sont mobilis\u00e9s<\/strong> parce que, malheureusement, il y a plusieurs points de deal.\u00a0\u00bb<\/p>\n<p>    <img   decoding=\"async\" loading=\"lazy\" src=\"https:\/\/static.actu.fr\/uploads\/2025\/09\/points-de-deal-venissieux-960x640.jpg\" alt=\"Les points de deal sont nombreux \u00e0 V\u00e9nissieux, dans la m\u00e9tropole de Lyon.\" width=\"960\" height=\"640\"\/><br \/>\n    Les points de deal sont nombreux \u00e0 V\u00e9nissieux, dans la m\u00e9tropole de Lyon. (\u00a9Medave Prod \/ actu Lyon)<\/p>\n<p>Votre r\u00e9gion, votre actu !<\/p>\n<p>Recevez chaque jour les infos qui comptent pour vous.<\/p>\n<p>\t<a href=\"https:\/\/actu.fr\/newsletter\" class=\"ac-btn ac-btn--corner ac-btn--medium ac-btn--blue800\" target=\"_blank\" rel=\"noopener\">S&rsquo;incrire<\/a><br \/>\nUne section de CRS d\u00e9ploy\u00e9e en renfort<\/p>\n<p class=\" wall-content\">Le repr\u00e9sentant de l\u2019\u00c9tat dit \u00ab\u00a0comprendre la col\u00e8re et l\u2019exasp\u00e9ration des habitants\u00a0\u00bb. Il pr\u00e9cise : \u00ab\u00a0Tous les soirs, depuis 2010, il y a une brigade sp\u00e9cialis\u00e9e de terrain. Nous avons 39 enqu\u00eates judiciaires, nous avons d\u00e9j\u00e0 fait <strong>28 interpellations pour des interdictions de para\u00eetre<\/strong> sur des points de deal. Il y a eu une tentative d\u2019homicide le 10 ao\u00fbt. L\u2019auteur a \u00e9t\u00e9 interpell\u00e9 et incarc\u00e9r\u00e9. Notre d\u00e9termination est totale.\u00a0\u00bb<\/p>\n<p>    <img   decoding=\"async\" loading=\"lazy\" src=\"https:\/\/www.europesays.com\/fr\/wp-content\/uploads\/2025\/09\/crs-lyon-police-venissieux-960x640.jpg\" alt=\"Une section de CRS va venir renforcer les effectifs de police d\u00e9j\u00e0 pr\u00e9sents \u00e0 V\u00e9nissieux.\" width=\"960\" height=\"640\"\/><br \/>\n    Une section de CRS va venir renforcer les effectifs de police d\u00e9j\u00e0 pr\u00e9sents \u00e0 V\u00e9nissieux. (\u00a9Medave Prod \/ actu Lyon)<\/p>\n<p class=\" wall-content\">Est-ce possible de faire plus ? C\u2019est la question pos\u00e9e par la maire de V\u00e9nissieux et les habitants de V\u00e9nissieux.<\/p>\n<p class=\" wall-content\">\u00ab\u00a0Nous allons amplifier le travail d\u2019investigation judiciaire pour <strong>emp\u00eacher l\u2019appropriation de points de deal<\/strong> par d\u2019autres r\u00e9seaux. Nous allons mobiliser une section de CRS autant de temps que n\u00e9cessaire\u00a0\u00bb, r\u00e9pond Antoine Gu\u00e9rin, sans pour autant promettre des effectifs suppl\u00e9mentaires.<\/p>\n<p class=\" wall-content\">Avec notre correspondant local Medave Prod<\/p>\n<p class=\" wall-content\">Personnalisez votre actualit\u00e9 en ajoutant vos villes et m\u00e9dias en favori avec <a href=\"https:\/\/moncompte.actu.fr\" title=\"D\u00e9couvez Mon Actu\" rel=\"nofollow noopener\" data-trk=\"{&quot;cta&quot;:{&quot;action&quot;:&quot;https:\\\/\\\/moncompte.actu.fr&quot;,&quot;category&quot;:&quot;mon compte&quot;,&quot;from&quot;:&quot;article footer&quot;,&quot;name&quot;:&quot;Mon actu&quot;,&quot;type&quot;:&quot;cta&quot;}}\" target=\"_blank\">Mon Actu<\/a>.<\/p>\n","protected":false},"excerpt":{"rendered":"Par Anthony Soudani Publi\u00e9 le 4 sept. 2025 \u00e0 12h08 Pour Mich\u00e8le Picard, maire de V\u00e9nissieux, la pr\u00e9sence&hellip;\n","protected":false},"author":2,"featured_media":365584,"comment_status":"","ping_status":"","sticky":false,"template":"","format":"standard","meta":{"footnotes":""},"categories":[1889],"tags":[1111,11,2430,1052,1777,674,1011,27,2825,2428,12,1072,25,104],"class_list":{"0":"post-365583","1":"post","2":"type-post","3":"status-publish","4":"format-standard","5":"has-post-thumbnail","7":"category-lyon","8":"tag-actu","9":"tag-actualites","10":"tag-auvergne-rhone-alpes","11":"tag-drogue","12":"tag-eu","13":"tag-europe","14":"tag-fr","15":"tag-france","16":"tag-insecurite","17":"tag-lyon","18":"tag-news","19":"tag-police","20":"tag-republique-francaise","21":"tag-societe"},"share_on_mastodon":{"url":"https:\/\/pubeurope.com\/@fr\/115145842697764920","error":""},"_links":{"self":[{"href":"https:\/\/www.europesays.com\/fr\/wp-json\/wp\/v2\/posts\/365583","targetHints":{"allow":["GET"]}}],"collection":[{"href":"https:\/\/www.europesays.com\/fr\/wp-json\/wp\/v2\/posts"}],"about":[{"href":"https:\/\/www.europesays.com\/fr\/wp-json\/wp\/v2\/types\/post"}],"author":[{"embeddable":true,"href":"https:\/\/www.europesays.com\/fr\/wp-json\/wp\/v2\/users\/2"}],"replies":[{"embeddable":true,"href":"https:\/\/www.europesays.com\/fr\/wp-json\/wp\/v2\/comments?post=365583"}],"version-history":[{"count":0,"href":"https:\/\/www.europesays.com\/fr\/wp-json\/wp\/v2\/posts\/365583\/revisions"}],"wp:featuredmedia":[{"embeddable":true,"href":"https:\/\/www.europesays.com\/fr\/wp-json\/wp\/v2\/media\/365584"}],"wp:attachment":[{"href":"https:\/\/www.europesays.com\/fr\/wp-json\/wp\/v2\/media?parent=365583"}],"wp:term":[{"taxonomy":"category","embeddable":true,"href":"https:\/\/www.europesays.com\/fr\/wp-json\/wp\/v2\/categories?post=365583"},{"taxonomy":"post_tag","embeddable":true,"href":"https:\/\/www.europesays.com\/fr\/wp-json\/wp\/v2\/tags?post=365583"}],"curies":[{"name":"wp","href":"https:\/\/api.w.org\/{rel}","templated":true}]}}