{"id":365586,"date":"2025-09-04T11:41:11","date_gmt":"2025-09-04T11:41:11","guid":{"rendered":"https:\/\/www.europesays.com\/fr\/365586\/"},"modified":"2025-09-04T11:41:11","modified_gmt":"2025-09-04T11:41:11","slug":"il-poignarde-un-ado-de-16-ans-pres-de-lyon-un-jeune-de-13-ans-mis-en-examen-pour-meurtre","status":"publish","type":"post","link":"https:\/\/www.europesays.com\/fr\/365586\/","title":{"rendered":"Il poignarde un ado de 16 ans pr\u00e8s de Lyon\u00a0: un jeune de 13 ans mis en examen pour meurtre"},"content":{"rendered":"<p>Vers 22 h 30 dimanche, \u00e0 Caluire-et-Cuire, au nord de Lyon, un jeune de 13 ans avait abord\u00e9 un groupe de trois amis. Dans des circonstances qui restent \u00e0 \u00e9claircir, il a frapp\u00e9 l\u2019un d\u2019eux au thorax avec un couteau, selon une source proche de l\u2019enqu\u00eate.<\/p>\n<p>Admise \u00e0 l\u2019h\u00f4pital avec un pronostic vital engag\u00e9, la victime avait succomb\u00e9 \u00e0 ses blessures dans la nuit.<\/p>\n<p>D\u2019apr\u00e8s cette source, le jeune tu\u00e9 \u00e9tait en alternance dans un lyc\u00e9e professionnel et l\u2019adolescent de 13 ans fait partie d\u2019une \u00e9quipe de jeunes footballeurs de l\u2019Olympique lyonnais, \u00e0 un haut niveau.<\/p>\n<p>Le coll\u00e9gien, qui n\u2019a pas d\u2019ant\u00e9c\u00e9dent judiciaire, a \u00e9t\u00e9 interpell\u00e9 lundi. Mis en examen mercredi soir pour \u00ab homicide volontaire \u00bb, il a \u00e9t\u00e9 plac\u00e9 en d\u00e9tention provisoire, a pr\u00e9cis\u00e9 le parquet.<\/p>\n<p>\u00ab Un diff\u00e9rend personnel qui a d\u00e9g\u00e9n\u00e9r\u00e9 \u00bb<\/p>\n<p>\u00ab Il conteste fermement avoir voulu donner la mort \u00e0 la victime \u00bb, a d\u00e9clar\u00e9 \u00e0 l\u2019AFP son avocat Hosni Maati, sans vouloir en dire plus \u00e0 ce stade.<\/p>\n<p>\u00ab Ce n\u2019est pas l\u2019ombre d\u2019un trafic ou d\u2019un r\u00e9seau criminel \u00bb, avait \u00e9crit lundi sur X le maire LR de la commune Bastien Joint, d\u00e9plorant \u00ab un diff\u00e9rend personnel qui a d\u00e9g\u00e9n\u00e9r\u00e9 \u00bb.<\/p>\n<p>Celui-ci remontait \u00e0 cet \u00e9t\u00e9, quand le plus jeune avait tent\u00e9 de voler le t\u00e9l\u00e9phone du second qui s\u2019\u00e9tait rebell\u00e9, selon la source proche de l\u2019enqu\u00eate.<\/p>\n<p>\u00ab Les rumeurs de vol de t\u00e9l\u00e9phone sont infond\u00e9es : il n\u2019existe aucune condamnation ni proc\u00e9dure judiciaire contre lui \u00e0 ce sujet \u00bb, a comment\u00e9 Me Maati.<\/p>\n<p>\u00ab Pour le motif, on ne sait pas r\u00e9ellement \u00e0 ce stade \u00bb, a soulign\u00e9 le procureur de Lyon Thierry Dran.<\/p>\n","protected":false},"excerpt":{"rendered":"Vers 22 h 30 dimanche, \u00e0 Caluire-et-Cuire, au nord de Lyon, un jeune de 13 ans avait abord\u00e9&hellip;\n","protected":false},"author":2,"featured_media":365587,"comment_status":"","ping_status":"","sticky":false,"template":"","format":"standard","meta":{"footnotes":""},"categories":[1889],"tags":[1111,11,2430,1777,674,118,1011,27,2428,12,25],"class_list":{"0":"post-365586","1":"post","2":"type-post","3":"status-publish","4":"format-standard","5":"has-post-thumbnail","7":"category-lyon","8":"tag-actu","9":"tag-actualites","10":"tag-auvergne-rhone-alpes","11":"tag-eu","12":"tag-europe","13":"tag-faits-divers","14":"tag-fr","15":"tag-france","16":"tag-lyon","17":"tag-news","18":"tag-republique-francaise"},"share_on_mastodon":{"url":"https:\/\/pubeurope.com\/@fr\/115145846476526512","error":""},"_links":{"self":[{"href":"https:\/\/www.europesays.com\/fr\/wp-json\/wp\/v2\/posts\/365586","targetHints":{"allow":["GET"]}}],"collection":[{"href":"https:\/\/www.europesays.com\/fr\/wp-json\/wp\/v2\/posts"}],"about":[{"href":"https:\/\/www.europesays.com\/fr\/wp-json\/wp\/v2\/types\/post"}],"author":[{"embeddable":true,"href":"https:\/\/www.europesays.com\/fr\/wp-json\/wp\/v2\/users\/2"}],"replies":[{"embeddable":true,"href":"https:\/\/www.europesays.com\/fr\/wp-json\/wp\/v2\/comments?post=365586"}],"version-history":[{"count":0,"href":"https:\/\/www.europesays.com\/fr\/wp-json\/wp\/v2\/posts\/365586\/revisions"}],"wp:featuredmedia":[{"embeddable":true,"href":"https:\/\/www.europesays.com\/fr\/wp-json\/wp\/v2\/media\/365587"}],"wp:attachment":[{"href":"https:\/\/www.europesays.com\/fr\/wp-json\/wp\/v2\/media?parent=365586"}],"wp:term":[{"taxonomy":"category","embeddable":true,"href":"https:\/\/www.europesays.com\/fr\/wp-json\/wp\/v2\/categories?post=365586"},{"taxonomy":"post_tag","embeddable":true,"href":"https:\/\/www.europesays.com\/fr\/wp-json\/wp\/v2\/tags?post=365586"}],"curies":[{"name":"wp","href":"https:\/\/api.w.org\/{rel}","templated":true}]}}