{"id":365588,"date":"2025-09-04T11:43:11","date_gmt":"2025-09-04T11:43:11","guid":{"rendered":"https:\/\/www.europesays.com\/fr\/365588\/"},"modified":"2025-09-04T11:43:11","modified_gmt":"2025-09-04T11:43:11","slug":"paris-art-emergence-2025-les-reserves-du-frac-ile-de-france","status":"publish","type":"post","link":"https:\/\/www.europesays.com\/fr\/365588\/","title":{"rendered":"PARIS : Art Emergence 2025 &#8211; Les R\u00e9serves du Frac \u00cele-de-France"},"content":{"rendered":"<p style=\"text-align: left;\"><strong>Chaque ann\u00e9e, les \u00e9coles d\u2019art et de design publiques fran\u00e7aises forment de jeunes talents qui fa\u00e7onnent les esth\u00e9tiques et les id\u00e9es de demain.<\/strong><\/p>\n<p style=\"text-align: left;\">Cette exposition r\u00e9unit les projets de dipl\u00f4me de 42 artistes dipl\u00f4m\u00e9\u00b7es en 2024 \u2014 un\u00b7e par \u00e9cole \u2014 pour leur premi\u00e8re grande pr\u00e9sentation au public.<\/p>\n<p style=\"text-align: left;\">Art Emergence est une nouvelle manifestation d\u00e9di\u00e9e \u00e0 la cr\u00e9ation \u00e9mergente initi\u00e9e par Artagon, en association avec le minist\u00e8re de la Culture, la Ville de Paris, la R\u00e9gion \u00cele-de-France et le Conseil d\u00e9partemental de la Seine-Saint-Denis. Chaque \u00e9dition d\u2019Art Emergence s\u2019articulera autour d\u2019une exposition d\u2019envergure pr\u00e9sentant les projets de fin d\u2019\u00e9tudes d\u2019artistes dipl\u00f4m\u00e9s de l\u2019ensemble des \u00e9coles d\u2019art et de design publiques fran\u00e7aises. Elle sera accompagn\u00e9e de divers temps forts et de parcours de visite dans une pluralit\u00e9 de lieux de production et de diffusion artistiques \u00e0 Paris et en \u00cele-de-France.<\/p>\n<p style=\"text-align: left;\">L\u2019\u00e9dition inaugurale se tient du 18 septembre au 2 novembre 2025. L\u2019exposition est pr\u00e9sent\u00e9e aux R\u00e9serves du Frac \u00cele-de-France et dans la Chaufferie de la Fondation Fiminco. Elle est rythm\u00e9e par un festival de deux jours \u00e0 la Maison des M\u00e9tallos et par plusieurs parcours de visites d\u2019ateliers collectifs d\u2019artistes \u00e0 Paris et en Seine-Saint-Denis. Pens\u00e9e comme un v\u00e9ritable tremplin pour les nouvelles g\u00e9n\u00e9rations d\u2019artistes et de professionnels de l\u2019art, Art Emergence a pour ambition de mettre en lumi\u00e8re les jeunes dipl\u00f4m\u00e9s des \u00e9coles d\u2019art, ainsi que des artistes et commissaires en d\u00e9but de carri\u00e8re.<\/p>\n<p style=\"text-align: left;\">La manifestation vise \u00e0 favoriser leur insertion professionnelle et \u00e0 cr\u00e9er des passerelles entre les lieux de formation, de production et de diffusion artistiques. Elle entend \u00e9galement permettre au grand public de d\u00e9couvrir la vitalit\u00e9 et la diversit\u00e9 de la jeune sc\u00e8ne artistique. Art Emergence s\u2019inscrit dans la continuit\u00e9 des expositions annuelles organis\u00e9es par Artagon \u00e0 Paris entre 2015 et 2019, qui r\u00e9unissaient des \u00e9tudiants et jeunes dipl\u00f4m\u00e9s d\u2019\u00e9coles d\u2019art fran\u00e7aises et europ\u00e9ennes, avant que l\u2019association \u00e9tablisse ses lieux de production et d\u2019accompagnement de la cr\u00e9ation \u00e9mergente \u00e0 Marseille et \u00e0 Pantin.<\/p>\n<p style=\"text-align: left;\"><strong>Les R\u00e9serves du Frac \u00cele-de-France<\/strong><\/p>\n<p style=\"text-align: left;\">Inaugur\u00e9 en 2021 et construit \u00e0 l\u2019initiative de la R\u00e9gion \u00cele-de-France et cofinanc\u00e9 par le minist\u00e8re de la Culture, ce b\u00e2timent donne des r\u00e9serves p\u00e9rennes \u00e0 la collection du Frac \u00cele-de-France et offre aux publics des espaces d\u2019accueil et d\u2019exposition. Con\u00e7u par l\u2019agence d\u2019architecture Freaks, il s\u2019inscrit dans le nouveau p\u00f4le d\u2019art contemporain de l\u2019Est parisien.<\/p>\n<p style=\"text-align: left;\"><strong>SOURCE : ART EMERGENCE.<\/strong><\/p>\n","protected":false},"excerpt":{"rendered":"Chaque ann\u00e9e, les \u00e9coles d\u2019art et de design publiques fran\u00e7aises forment de jeunes talents qui fa\u00e7onnent les esth\u00e9tiques&hellip;\n","protected":false},"author":2,"featured_media":365589,"comment_status":"","ping_status":"","sticky":false,"template":"","format":"standard","meta":{"footnotes":""},"categories":[1592],"tags":[1111,11,1777,674,1011,27,662,12,626,25],"class_list":{"0":"post-365588","1":"post","2":"type-post","3":"status-publish","4":"format-standard","5":"has-post-thumbnail","7":"category-ile-de-france","8":"tag-actu","9":"tag-actualites","10":"tag-eu","11":"tag-europe","12":"tag-fr","13":"tag-france","14":"tag-ile-de-france","15":"tag-news","16":"tag-paris","17":"tag-republique-francaise"},"share_on_mastodon":{"url":"https:\/\/pubeurope.com\/@fr\/115145854477656122","error":""},"_links":{"self":[{"href":"https:\/\/www.europesays.com\/fr\/wp-json\/wp\/v2\/posts\/365588","targetHints":{"allow":["GET"]}}],"collection":[{"href":"https:\/\/www.europesays.com\/fr\/wp-json\/wp\/v2\/posts"}],"about":[{"href":"https:\/\/www.europesays.com\/fr\/wp-json\/wp\/v2\/types\/post"}],"author":[{"embeddable":true,"href":"https:\/\/www.europesays.com\/fr\/wp-json\/wp\/v2\/users\/2"}],"replies":[{"embeddable":true,"href":"https:\/\/www.europesays.com\/fr\/wp-json\/wp\/v2\/comments?post=365588"}],"version-history":[{"count":0,"href":"https:\/\/www.europesays.com\/fr\/wp-json\/wp\/v2\/posts\/365588\/revisions"}],"wp:featuredmedia":[{"embeddable":true,"href":"https:\/\/www.europesays.com\/fr\/wp-json\/wp\/v2\/media\/365589"}],"wp:attachment":[{"href":"https:\/\/www.europesays.com\/fr\/wp-json\/wp\/v2\/media?parent=365588"}],"wp:term":[{"taxonomy":"category","embeddable":true,"href":"https:\/\/www.europesays.com\/fr\/wp-json\/wp\/v2\/categories?post=365588"},{"taxonomy":"post_tag","embeddable":true,"href":"https:\/\/www.europesays.com\/fr\/wp-json\/wp\/v2\/tags?post=365588"}],"curies":[{"name":"wp","href":"https:\/\/api.w.org\/{rel}","templated":true}]}}