{"id":365590,"date":"2025-09-04T11:44:11","date_gmt":"2025-09-04T11:44:11","guid":{"rendered":"https:\/\/www.europesays.com\/fr\/365590\/"},"modified":"2025-09-04T11:44:11","modified_gmt":"2025-09-04T11:44:11","slug":"petit-bateau-la-marque-emblematique-de-vetements-pour-enfants-va-etre-cedee-a-un-fonds-dinvestissement-americain","status":"publish","type":"post","link":"https:\/\/www.europesays.com\/fr\/365590\/","title":{"rendered":"Petit Bateau\u00a0: la marque embl\u00e9matique de v\u00eatements pour enfants va \u00eatre c\u00e9d\u00e9e \u00e0 un fonds d\u2019investissement am\u00e9ricain"},"content":{"rendered":"<p class=\"paragraph text_align_left lp-f-body-02\">Apr\u00e8s <a href=\"https:\/\/www.leparisien.fr\/societe\/sante\/le-doliprane-passe-officiellement-sous-pavillon-americain-30-04-2025-ZCB7Q6MOQFD43B574QI4UTAXN4.php\" target=\"_blank\" rel=\"noreferrer noopener\">Doliprane<\/a>, une nouvelle marque fran\u00e7aise iconique bient\u00f4t sous pavillon am\u00e9ricain. <a href=\"https:\/\/www.leparisien.fr\/aube-10\/dans-laube-petit-bateau-vise-95-demissions-de-carbone-et-de-consommation-deau-27-10-2023-HTTPPE6HMZHJJLZWXMQ2QSKSPM.php\" target=\"_blank\" rel=\"noreferrer noopener\">Petit Bateau<\/a>, sp\u00e9cialiste des v\u00eatements pour enfants fond\u00e9 en 1920 et propri\u00e9t\u00e9 du groupe Rocher, va \u00eatre rachet\u00e9 par le fonds d\u2019investissement am\u00e9ricain Regent. \u00ab Le Groupe Rocher annonce aujourd\u2019hui avoir retenu Regent comme repreneur pressenti \u00bb, indique-t-il ce jeudi dans un communiqu\u00e9, confirmant une information du <a href=\"https:\/\/www.lefigaro.fr\/societes\/la-marque-iconique-petit-bateau-passe-sous-pavillon-americain-20250904\" target=\"_blank\" rel=\"noreferrer noopener\">Figaro<\/a>.<\/p>\n<p class=\"paragraph text_align_left lp-f-body-02\">\u00ab Ce projet de cession s\u2019appuie sur l\u2019ambition d\u2019insuffler une nouvelle dynamique de croissance pour Petit Bateau, port\u00e9e par les moyens et l\u2019expertise de Regent, sp\u00e9cialiste de la relance de maisons patrimoniales \u00bb, \u00e9crit le groupe Rocher dans son communiqu\u00e9. Selon Le Figaro, celui-ci souhaite se concentrer sur ses marques de soin et de beaut\u00e9, dont Yves Rocher.<\/p>\n<p>1 400 personnes employ\u00e9es en France<\/p>\n<p class=\"paragraph text_align_left lp-f-body-02\">La vente de Petit Bateau, qui emploie 2 400 personnes dont 1 400 en France, doit encore \u00eatre valid\u00e9e par les repr\u00e9sentants du personnel. \u00ab Ce projet est actuellement en cours de consultation aupr\u00e8s des instances repr\u00e9sentatives du personnel. Aucune d\u00e9cision d\u00e9finitive ne sera prise avant la cl\u00f4ture de cette proc\u00e9dure, conform\u00e9ment aux obligations l\u00e9gales \u00bb, indique le groupe Rocher.<\/p>\n<p class=\"paragraph text_align_left lp-f-body-02\">\u00ab Le choix de Regent s\u2019inscrit dans la volont\u00e9 du groupe Rocher d\u2019assurer \u00e0 Petit Bateau les meilleures conditions pour poursuivre son d\u00e9veloppement sur le long terme \u00bb, justifie dans le communiqu\u00e9 Jean-David Schwartz, le directeur g\u00e9n\u00e9ral ex\u00e9cutif du groupe. Il se dit \u00ab convaincu que Regent donnera \u00e0 la marque l\u2019\u00e9lan n\u00e9cessaire pour soutenir ses ambitions tout en pr\u00e9servant l\u2019ancrage et l\u2019identit\u00e9 qui font sa force \u00bb.<\/p>\n<p class=\"paragraph text_align_left lp-f-body-02\">Comme le note le communiqu\u00e9, Regent a relanc\u00e9 plusieurs marques, <a href=\"https:\/\/www.leparisien.fr\/economie\/aux-origines-de-dim-la-marque-de-collants-qui-resiste-au-temps-08-03-2025-PB5PGPC5K5BRFLZGS7Y7XABW7U.php\" target=\"_blank\" rel=\"noreferrer noopener\">dont celle de collants DIM en France<\/a>. \u00ab Si nous avons le privil\u00e8ge d\u2019en devenir les prochains d\u00e9positaires, nous honorerons cet h\u00e9ritage en pr\u00e9servant ce qui rend Petit Bateau irrempla\u00e7able : ses traditions artisanales, son esprit fran\u00e7ais et la confiance que les familles accordent \u00e0 chaque v\u00eatement, afin que son h\u00e9ritage se poursuive pour les g\u00e9n\u00e9rations \u00e0 venir \u00bb, affirme Michael Reinstein, le pr\u00e9sident de Regent.<\/p>\n<p class=\"paragraph text_align_left lp-f-body-02\">Selon Petit Bateau, ses ventes aupr\u00e8s des consommateurs ont progress\u00e9 de \u00ab 2,7 % au premier semestre 2025 \u00bb. \u00ab Notre activit\u00e9 e-commerce continue de cro\u00eetre en France (+ 5,6 %) comme au Japon (+ 8,3 %). Cela t\u00e9moigne de la vitalit\u00e9 d\u2019une marque aim\u00e9e et pleinement tourn\u00e9e vers l\u2019avenir \u00bb, salue \u00e9galement Alexandre Rubin, son directeur g\u00e9n\u00e9ral.<\/p>\n","protected":false},"excerpt":{"rendered":"Apr\u00e8s Doliprane, une nouvelle marque fran\u00e7aise iconique bient\u00f4t sous pavillon am\u00e9ricain. Petit Bateau, sp\u00e9cialiste des v\u00eatements pour enfants&hellip;\n","protected":false},"author":2,"featured_media":365591,"comment_status":"","ping_status":"","sticky":false,"template":"","format":"standard","meta":{"footnotes":""},"categories":[1888],"tags":[1111,1928,11,1927,130,33,1777,674,1011,27,12,1926,626,1925,25],"class_list":{"0":"post-365590","1":"post","2":"type-post","3":"status-publish","4":"format-standard","5":"has-post-thumbnail","7":"category-paris","8":"tag-actu","9":"tag-actu-paris","10":"tag-actualites","11":"tag-actualites-paris","12":"tag-consommation","13":"tag-economie","14":"tag-eu","15":"tag-europe","16":"tag-fr","17":"tag-france","18":"tag-news","19":"tag-news-paris","20":"tag-paris","21":"tag-paris-news","22":"tag-republique-francaise"},"share_on_mastodon":{"url":"https:\/\/pubeurope.com\/@fr\/115145858551209509","error":""},"_links":{"self":[{"href":"https:\/\/www.europesays.com\/fr\/wp-json\/wp\/v2\/posts\/365590","targetHints":{"allow":["GET"]}}],"collection":[{"href":"https:\/\/www.europesays.com\/fr\/wp-json\/wp\/v2\/posts"}],"about":[{"href":"https:\/\/www.europesays.com\/fr\/wp-json\/wp\/v2\/types\/post"}],"author":[{"embeddable":true,"href":"https:\/\/www.europesays.com\/fr\/wp-json\/wp\/v2\/users\/2"}],"replies":[{"embeddable":true,"href":"https:\/\/www.europesays.com\/fr\/wp-json\/wp\/v2\/comments?post=365590"}],"version-history":[{"count":0,"href":"https:\/\/www.europesays.com\/fr\/wp-json\/wp\/v2\/posts\/365590\/revisions"}],"wp:featuredmedia":[{"embeddable":true,"href":"https:\/\/www.europesays.com\/fr\/wp-json\/wp\/v2\/media\/365591"}],"wp:attachment":[{"href":"https:\/\/www.europesays.com\/fr\/wp-json\/wp\/v2\/media?parent=365590"}],"wp:term":[{"taxonomy":"category","embeddable":true,"href":"https:\/\/www.europesays.com\/fr\/wp-json\/wp\/v2\/categories?post=365590"},{"taxonomy":"post_tag","embeddable":true,"href":"https:\/\/www.europesays.com\/fr\/wp-json\/wp\/v2\/tags?post=365590"}],"curies":[{"name":"wp","href":"https:\/\/api.w.org\/{rel}","templated":true}]}}