{"id":365592,"date":"2025-09-04T11:45:18","date_gmt":"2025-09-04T11:45:18","guid":{"rendered":"https:\/\/www.europesays.com\/fr\/365592\/"},"modified":"2025-09-04T11:45:18","modified_gmt":"2025-09-04T11:45:18","slug":"les-spectacles-et-pieces-de-theatre-a-ne-pas-manquer-ce-week-end-du-5-au-7-septembre-2025","status":"publish","type":"post","link":"https:\/\/www.europesays.com\/fr\/365592\/","title":{"rendered":"Les spectacles et pi\u00e8ces de th\u00e9\u00e2tre \u00e0 ne pas manquer ce week-end du 5 au 7 septembre 2025"},"content":{"rendered":"<p class=\"mb-4 text-lg md:leading-8 break-words\"><strong>Id\u00e9es de sorties &#8211; Besoin d\u2019id\u00e9es sorties ce week-end \u00e0 Paris\u00a0? Th\u00e9\u00e2tre, danse, stand-up\u2026 d\u00e9couvrez notre s\u00e9lection de spectacles \u00e0 voir absolument pour le week-end du 5 au 7\u00a0septembre 2025.<\/strong><\/p>\n<p class=\"mb-4 text-lg md:leading-8 break-words\">Un week-end de spectacles \u00e0 prix mini\u00a0! Th\u00e9\u00e2tre, danse, stand-up\u2026 Il y en a pour tous les go\u00fbts. Avec <a href=\"https:\/\/www.ticketnunc.com\/?utm_source=article&amp;utm_medium=20_minutes&amp;utm_campaign=article_20minutes&amp;at_medium=RSS%20feed&amp;at_campaign=ynews&amp;utm_source=yahoo&amp;utm_medium=rss&amp;utm_campaign=news_feed&amp;utm_content=in_article_link\" rel=\"nofollow noopener\" target=\"_blank\" data-ylk=\"slk:TicketNunc;elm:context_link;itc:0;sec:content-canvas\" class=\"link \">TicketNunc<\/a>, profitez d\u2019offres de derni\u00e8re minute, entre 24 et 72 heures avant le lever de rideau. D\u00e9couvrez notre s\u00e9lection pour un week-end culturel sans vous ruiner\u00a0!<\/p>\n<p class=\"mb-4 text-lg md:leading-8 break-words\">Mais attention\u00a0: places limit\u00e9es, r\u00e9servez vite.<\/p>\n<p>Big Mother<img alt=\"[object Object]\" loading=\"lazy\" width=\"960\" height=\"640\" decoding=\"async\" data-nimg=\"1\" class=\"rounded-lg\" style=\"color:transparent\" src=\"https:\/\/www.europesays.com\/fr\/wp-content\/uploads\/2025\/09\/a479633d7fad029cd6bfcdee8498dab0.jpeg\"\/><\/p>\n<p>[object Object]<\/p>\n<p class=\"mb-4 text-lg md:leading-8 break-words\">\u00c0 l\u2019heure du scandale qui \u00e9clabousse le pr\u00e9sident des \u00c9tats-Unis, Julia Robinson, journaliste au New York Investigation, croit reconna\u00eetre son compagnon mort depuis 4 ans\u2026 sur le banc des accus\u00e9s. Une enqu\u00eate haletante, entre Watergate et fiction, o\u00f9 d\u00e9mocratie et vies priv\u00e9es sont en jeu.<\/p>\n<ul class=\"mb-4\">\n<li class=\"ml-4 list-disc\">\n<p class=\"mb-4 text-lg md:leading-8 break-words\">Lieu\u00a0: Th\u00e9\u00e2tre des B\u00e9liers Parisiens, 14 Bis Rue Sainte-Isaure, 75018 Paris<\/p>\n<\/li>\n<\/ul>\n<p><a href=\"https:\/\/www.ticketnunc.com\/spectacles\/big-mother?utm_source=20_minutes&amp;utm_medium=articles&amp;utm_campaign=article_20_minutes\" rel=\"nofollow noopener\" target=\"_blank\" data-ylk=\"slk:Je prends ma place;elm:context_link;itc:0;sec:content-canvas\" class=\"link \">Je prends ma place<\/a>Le Marchand De Venise<img alt=\"[object Object]\" loading=\"lazy\" width=\"500\" height=\"707\" decoding=\"async\" data-nimg=\"1\" class=\"rounded-lg\" style=\"color:transparent\" src=\"https:\/\/www.europesays.com\/fr\/wp-content\/uploads\/2025\/09\/ad4606d9f8930321769cc3b7302f2be0.jpeg\"\/><\/p>\n<p>[object Object]<\/p>\n<p class=\"mb-4 text-lg md:leading-8 break-words\">\u00c0 l\u2019Orangerie du parc de Bagatelle (entr\u00e9e gratuite avec billet), Carine Montag revisite le chef-d\u2019\u0153uvre de <a href=\"https:\/\/www.20minutes.fr\/dossier\/shakespeare?at_medium=RSS%20feed&amp;at_campaign=ynews&amp;utm_source=yahoo&amp;utm_medium=rss&amp;utm_campaign=news_feed&amp;utm_content=in_article_link\" rel=\"nofollow noopener\" target=\"_blank\" data-ylk=\"slk:Shakespeare;elm:context_link;itc:0;sec:content-canvas\" class=\"link \">Shakespeare<\/a>. Amour, amiti\u00e9, diff\u00e9rence, commerce et pouvoir absolu se t\u00e9lescopent dans la Venise de la Renaissance. Entre com\u00e9die, suspense et drame, une fresque universelle et vibrante.<\/p>\n<ul class=\"mb-4\">\n<li class=\"ml-4 list-disc\">\n<p class=\"mb-4 text-lg md:leading-8 break-words\">Lieu\u00a0: Compagnie le Jour de la Lune, Route de S\u00e8vres \u00e0 Neuilly, 75116 Paris<\/p>\n<\/li>\n<\/ul>\n<p><a href=\"https:\/\/www.ticketnunc.com\/spectacles\/le-marchand-de-venise?utm_source=20_minutes&amp;utm_medium=articles&amp;utm_campaign=article_20_minutes\" rel=\"nofollow noopener\" target=\"_blank\" data-ylk=\"slk:Je prends ma place;elm:context_link;itc:0;sec:content-canvas\" class=\"link \">Je prends ma place<\/a>Eiffel Folli\u2019es<img alt=\"[object Object]\" loading=\"lazy\" width=\"500\" height=\"750\" decoding=\"async\" data-nimg=\"1\" class=\"rounded-lg\" style=\"color:transparent\" src=\"https:\/\/www.europesays.com\/fr\/wp-content\/uploads\/2025\/09\/a613f2d87aadeb19a9ca681e1b800074.jpeg\"\/><\/p>\n<p>[object Object]<\/p>\n<p class=\"mb-4 text-lg md:leading-8 break-words\">Chanteuses, danseuses, effeuilleuses et num\u00e9ros spectaculaires\u00a0: le Burlesque Klub r\u00e9invente l\u2019ambiance des cabarets parisiens, de la Belle \u00c9poque aux Ann\u00e9es folles. Glamour, humour, Champagne et costumes \u00e9blouissants pour un show unique en \u00ab\u00a0franglais\u00a0\u00bb.<\/p>\n<ul class=\"mb-4\">\n<li class=\"ml-4 list-disc\">\n<p class=\"mb-4 text-lg md:leading-8 break-words\">Lieu\u00a0: Th\u00e9\u00e2tre de la Tour Eiffel, 4 Sq. Rapp, 75007 Paris<\/p>\n<\/li>\n<\/ul>\n<p><a href=\"https:\/\/www.ticketnunc.com\/spectacles\/eiffel-follies?utm_source=20_minutes&amp;utm_medium=articles&amp;utm_campaign=article_20_minutes\" rel=\"nofollow noopener\" target=\"_blank\" data-ylk=\"slk:Je prends ma place;elm:context_link;itc:0;sec:content-canvas\" class=\"link \">Je prends ma place<\/a>Le Trempoint<img alt=\"[object Object]\" loading=\"lazy\" width=\"500\" height=\"750\" decoding=\"async\" data-nimg=\"1\" class=\"rounded-lg\" style=\"color:transparent\" src=\"https:\/\/www.europesays.com\/fr\/wp-content\/uploads\/2025\/09\/63be19778674bdf8d2ae8a25182dfc86.jpeg\"\/><\/p>\n<p>[object Object]<\/p>\n<p class=\"mb-4 text-lg md:leading-8 break-words\">Sc\u00e8ne mythique depuis plus de 40 ans, Le Trempoint a(&#8230;)<\/p>\n<p class=\"mb-4 text-lg md:leading-8 break-words\"><a href=\"https:\/\/www.20minutes.fr\/arts-stars\/loisirs\/4170909-20250904-paris-spectacles-pieces-theatre-manquer-week-end-5-7-septembre-2025?at_medium=RSS%20feed&amp;at_campaign=ynews&amp;utm_source=yahoo&amp;utm_medium=rss&amp;utm_campaign=news_feed&amp;utm_content=read_more_link&quot;\" rel=\"nofollow noopener\" target=\"_blank\" data-ylk=\"slk:Lire la suite sur 20minutes;elm:context_link;itc:0;sec:content-canvas\" class=\"link \">Lire la suite sur 20minutes<\/a><\/p>\n<p>\u00c0 lire aussi :<br \/><a href=\"https:\/\/www.20minutes.fr\/arts-stars\/culture\/eurovision\/4170961-20250903-eurovision-2025-pourquoi-celine-dion-chante-lors-finale-concours-alors-bien-place?at_medium=RSS%20feed&amp;at_campaign=ynews&amp;utm_source=yahoo&amp;utm_medium=rss&amp;utm_campaign=news_feed&amp;utm_content=related_content_link\" rel=\"nofollow noopener\" target=\"_blank\" data-ylk=\"slk:Eurovision 2025\u00a0: Pourquoi C\u00e9line Dion n\u2019a pas chant\u00e9 lors de la finale du concours alors qu\u2019elle \u00e9tait bien sur place;elm:context_link;itc:0;sec:content-canvas\" class=\"link \">Eurovision 2025\u00a0: Pourquoi C\u00e9line Dion n\u2019a pas chant\u00e9 lors de la finale du concours alors qu\u2019elle \u00e9tait bien sur place<\/a><br \/><a href=\"https:\/\/www.20minutes.fr\/arts-stars\/cinema\/4170493-20250903-quoi-voir-cine-films-manquer-septembre?at_medium=RSS%20feed&amp;at_campaign=ynews&amp;utm_source=yahoo&amp;utm_medium=rss&amp;utm_campaign=news_feed&amp;utm_content=related_content_link\" rel=\"nofollow noopener\" target=\"_blank\" data-ylk=\"slk:Y&#039;a quoi \u00e0 voir au cin\u00e9 ? Les films \u00e0 ne pas manquer en septembre;elm:context_link;itc:0;sec:content-canvas\" class=\"link \">Y&rsquo;a quoi \u00e0 voir au cin\u00e9 ? Les films \u00e0 ne pas manquer en septembre<\/a><\/p>\n","protected":false},"excerpt":{"rendered":"Id\u00e9es de sorties &#8211; Besoin d\u2019id\u00e9es sorties ce week-end \u00e0 Paris\u00a0? Th\u00e9\u00e2tre, danse, stand-up\u2026 d\u00e9couvrez notre s\u00e9lection de&hellip;\n","protected":false},"author":2,"featured_media":271338,"comment_status":"","ping_status":"","sticky":false,"template":"","format":"standard","meta":{"footnotes":""},"categories":[1888],"tags":[1111,1928,11,1927,49997,1777,674,1011,27,26316,49996,12,1926,626,1925,1325,25,49998],"class_list":{"0":"post-365592","1":"post","2":"type-post","3":"status-publish","4":"format-standard","5":"has-post-thumbnail","7":"category-paris","8":"tag-actu","9":"tag-actu-paris","10":"tag-actualites","11":"tag-actualites-paris","12":"tag-banc-des-accuses","13":"tag-eu","14":"tag-europe","15":"tag-fr","16":"tag-france","17":"tag-idees-de-sorties","18":"tag-julia-robinson","19":"tag-news","20":"tag-news-paris","21":"tag-paris","22":"tag-paris-news","23":"tag-president-des-etats-unis","24":"tag-republique-francaise","25":"tag-theatre-des-beliers"},"share_on_mastodon":{"url":"https:\/\/pubeurope.com\/@fr\/115145862651015991","error":""},"_links":{"self":[{"href":"https:\/\/www.europesays.com\/fr\/wp-json\/wp\/v2\/posts\/365592","targetHints":{"allow":["GET"]}}],"collection":[{"href":"https:\/\/www.europesays.com\/fr\/wp-json\/wp\/v2\/posts"}],"about":[{"href":"https:\/\/www.europesays.com\/fr\/wp-json\/wp\/v2\/types\/post"}],"author":[{"embeddable":true,"href":"https:\/\/www.europesays.com\/fr\/wp-json\/wp\/v2\/users\/2"}],"replies":[{"embeddable":true,"href":"https:\/\/www.europesays.com\/fr\/wp-json\/wp\/v2\/comments?post=365592"}],"version-history":[{"count":0,"href":"https:\/\/www.europesays.com\/fr\/wp-json\/wp\/v2\/posts\/365592\/revisions"}],"wp:featuredmedia":[{"embeddable":true,"href":"https:\/\/www.europesays.com\/fr\/wp-json\/wp\/v2\/media\/271338"}],"wp:attachment":[{"href":"https:\/\/www.europesays.com\/fr\/wp-json\/wp\/v2\/media?parent=365592"}],"wp:term":[{"taxonomy":"category","embeddable":true,"href":"https:\/\/www.europesays.com\/fr\/wp-json\/wp\/v2\/categories?post=365592"},{"taxonomy":"post_tag","embeddable":true,"href":"https:\/\/www.europesays.com\/fr\/wp-json\/wp\/v2\/tags?post=365592"}],"curies":[{"name":"wp","href":"https:\/\/api.w.org\/{rel}","templated":true}]}}