{"id":365593,"date":"2025-09-04T11:47:04","date_gmt":"2025-09-04T11:47:04","guid":{"rendered":"https:\/\/www.europesays.com\/fr\/365593\/"},"modified":"2025-09-04T11:47:04","modified_gmt":"2025-09-04T11:47:04","slug":"que-faire-dans-le-7e-arrondissement-de-paris","status":"publish","type":"post","link":"https:\/\/www.europesays.com\/fr\/365593\/","title":{"rendered":"Que faire dans le 7e arrondissement de Paris ?"},"content":{"rendered":"<p>Des boutiques d\u00e9co, des bistrots mythiques, des galeries pointues, de petites \u00e9choppes qui n\u2019ont pas boug\u00e9 depuis 50 ans, des immeubles cossus et une douceur de vivre que lui envie le Tout-Paris : autour des<strong> rues du Bac et de Grenelle<\/strong>, le <strong>7e arrondissement<\/strong> se distingue par son raffinement et sa tranquillit\u00e9. Cela dit, \u00e7a bouge tout de m\u00eame par ici ! De nouvelles adresses dans le vent nous ont donn\u00e9 envie d\u2019y (re)faire un tour pour vous d\u00e9livrer le floril\u00e8ge des meilleurs spots \u00e0 visiter.\u00a0<\/p>\n<p style=\"text-align: center;\"><img loading=\"lazy\" decoding=\"async\" src=\"https:\/\/www.europesays.com\/fr\/wp-content\/uploads\/2025\/09\/restaurant-prevelle-paris.jpg\" alt=\"\" width=\"1180\" height=\"525\"\/><\/p>\n<p>Comme l&rsquo;\u0153uvre d\u2019un artiste, on reconna\u00eet un grand chef au caract\u00e8re reconnaissable entre mille de sa cuisine. C\u2019est \u00e9videmment le cas de <strong>Romain Meder<\/strong> qui, apr\u00e8s avoir d\u00e9croch\u00e9 trois \u00e9toiles au <strong>Plaza Ath\u00e9n\u00e9e <\/strong>+ une verte au <strong>Domaine de Primard<\/strong>, vient d\u2019ouvrir son tout premier restaurant\u2026 rien qu\u2019\u00e0 lui ! Nous nous sommes attabl\u00e9s chez <strong>Pr\u00e9velle <\/strong>qui d\u00e9roule, \u00e0 deux pas de l\u2019<strong>Assembl\u00e9e Nationale<\/strong>, une partition v\u00e9g\u00e9tale d\u2019exception et titille s\u00fbrement la curiosit\u00e9 d\u2019un certain guide rouge aux aguets\u2026\u00a0<\/p>\n<p>Pr\u00e9velle, c\u2019est d\u2019abord un hommage \u00e0 <strong>Combe au Pr\u00e9velle<\/strong>, un tout petit lieu-dit de <strong>Haute-Sa\u00f4ne<\/strong> qui l\u2019a vu grandir, pr\u00e9sageant d\u2019une ode \u00e0 la terre dans la continuit\u00e9 de son parcours, assumant une partition pastorale \u00e0 l\u2019heure du<strong> z\u00e9ro d\u00e9chet<\/strong>. \u00c7a donne une daurade royale aux petits pois, un poulpe et chou pointu, un civet de betterave dans lequel on trempe une brioche dodue \u00e0 souhait, un leche de poisson et sorbet tag\u00e8te et petits pois croquants dans leur jus, un dessert cerise, fraise, groseilles et soupe de fruits\u2026 Comptez 65 \u20ac ou 85 \u20ac au <strong>d\u00e9jeuner <\/strong>pour des menus en deux ou trois temps, 145 \u20ac et 165 \u20ac pour les menus D\u00e9gustation en 5 ou 7 temps, le tout par\u00e9 d\u2019un service gastronomique au cordeau avec amuse-bouche, mignardises et tout le toutim.<\/p>\n<p><a href=\"https:\/\/prevelle.fr\/\" target=\"_blank\" rel=\"noopener nofollow\"><strong>Pr\u00e9velle<\/strong><\/a>, 34 rue Saint-Dominique, Paris 7e. Ouvert au d\u00e9jeuner du mardi au vendredi, au d\u00eener du lundi au vendredi.<\/p>\n<p style=\"text-align: center;\"><img loading=\"lazy\" decoding=\"async\" src=\"https:\/\/www.europesays.com\/fr\/wp-content\/uploads\/2025\/09\/saint-peres-paris.jpg\" alt=\"\" width=\"1180\" height=\"525\"\/><\/p>\n<p>Coup de c\u0153ur absolu pour cette sublime <strong>nouvelle adresse<\/strong> qui combine nos deux passions dans la vie : la jolie vaisselle et le caf\u00e9. Pignon sur la jolie rue \u00e9ponyme, la maison de <strong>porcelaine Saints P\u00e8res<\/strong> d\u00e9voile un \u00e9crin \u00e0 la fois minimaliste et gr\u00e2cieux mettant en sc\u00e8ne ses <strong>bols<\/strong>, <strong>vases <\/strong>et <strong>assiettes <\/strong>d\u2019un raffinement rare, v\u00e9ritables bijoux de savoir-faire \u00e0 l&rsquo;allure r\u00e9solument design. Une teinte ivoire signature, des motifs noirs pour le contraste, une porcelaine exclusive fabriqu\u00e9e par une manufacture fran\u00e7aise qui collabore notamment avec <strong>Dior <\/strong>et <strong>Christofle<\/strong>, une vision pointue de l\u2019exp\u00e9rience client : chaque d\u00e9tail a \u00e9t\u00e9 pens\u00e9 par la cr\u00e9atrice <strong>Caroline Petit-Mason<\/strong> (ex-<strong>Three Seven<\/strong>).<\/p>\n<p>Mais sa boutique ne s\u2019arr\u00eate pas \u00e0 la d\u00e9co, puisque <strong>Saints P\u00e8res<\/strong> propose \u00e9galement son propre <strong>coffee shop<\/strong> et m\u00eame\u2026 un bar \u00e0 <strong>huiles d\u2019olive <\/strong>! Apr\u00e8s les emplettes, on se commande un iced coffee latte (6,50 \u20ac), un flat white (6 \u20ac) ou un latte pistache et des <a href=\"https:\/\/www.doitinparis.com\/fr\/meilleurs-cookies-paris-26563\" rel=\"nofollow noopener\" target=\"_blank\"><strong>cookies<\/strong><\/a> pimp\u00e9s d\u2019une touche d\u2019huile d\u2019olive press\u00e9e \u00e0 froid. Cette derni\u00e8re, ultime star de Saints P\u00e8res, se d\u00e9couvre au fil de d\u00e9gustations sur rendez-vous, s\u2019ach\u00e8te dans sa bouteille en porcelaine (160 \u20ac) et se d\u00e9guste m\u00eame en shot sur place pour un boost de polyph\u00e9nols (5 \u20ac). Une \u201cgrammaire contemporaine du plaisir\u201d qui s\u2019\u00e9crit pour satisfaire chaque sens.<\/p>\n<p><a href=\"https:\/\/saintsperesparis.com\/\" target=\"_blank\" rel=\"noopener nofollow\"><strong>Saints P\u00e8res<\/strong><\/a>, 69 rue des Saints-P\u00e8res, Paris 6e. Ouvert le lundi de 8h30 \u00e0 16h, du mardi au vendredi jusqu\u2019\u00e0 19h, le samedi de 10h \u00e0 19h.\u00a0<\/p>\n<p>\u00a0<\/p>\n<p>Saint Laurent Babylone<\/p>\n<p style=\"text-align: center;\"><img loading=\"lazy\" decoding=\"async\" src=\"https:\/\/www.europesays.com\/fr\/wp-content\/uploads\/2025\/09\/librairie-saint-laurent-paris.jpg\" alt=\"\" width=\"1180\" height=\"525\"\/><\/p>\n<p>Instagram est en folie\u2026 et nous aussi depuis l\u2019ouverture d\u2019une <a href=\"https:\/\/www.doitinparis.com\/fr\/librairie-saint-laurent-26844\" rel=\"nofollow noopener\" target=\"_blank\"><strong>librairie Saint Laurent Babylone<\/strong><\/a>, rive gauche \u00e9videmment. Ici, pas d\u2019it-bags ni de blouson en cuir : l\u2019id\u00e9e est de trouver l\u2019essence Saint Laurent ailleurs que dans les v\u00eatements. Dans un d\u00e9cor aussi \u00e9l\u00e9gant que brutaliste (murs en pierre blanche, grands pr\u00e9sentoirs en marbre), le D.A. <strong>Anthony Vaccarello<\/strong> a pouss\u00e9 loin le curseur du beau en proposant dans ce v\u00e9ritable lieu d\u2019\u00e9mulation culturelle des <strong>livres rares<\/strong> (mode, th\u00e9\u00e2tre, musique, beaux-arts, danse\u2026), <strong>vinyles <\/strong>(\u00e0 \u00e9couter sur place !) ainsi que des <strong>magazines collector<\/strong> ou tout neufs.\u00a0<\/p>\n<p>V\u00e9ritable point de rencontre entre les passions pointues du styliste belge et d\u2019<strong>Yves Saint Laurent<\/strong>, on y admire \u00e9galement des expos photos d\u2019<strong>artistes contemporains<\/strong> qui tournent r\u00e9guli\u00e8rement (en ce moment : <a href=\"https:\/\/dmterblanche.com\/\" rel=\"nofollow noopener\" target=\"_blank\"><strong>Dani Terblanche<\/strong><\/a>). Parmi nos obsessions \u00e0 attraper pour tous les budgets : la r\u00e9\u00e9dition cultissime du livre <strong>Sex By Madonna<\/strong> pr\u00e9sent\u00e9 \u00e0 Art Basel Miami Beach (2 200 \u20ac), un beau livre sur la muse Betty Catroux (110 \u20ac) et une tablette de chocolat estampill\u00e9e Saint Laurent imagin\u00e9e avec Fran\u00e7ois Daubinet. Le truc en plus : tous les achats sont plac\u00e9s dans un tote bag blanc Saint Laurent Babylone pens\u00e9 sp\u00e9cialement pour le lieu. Trop chic.\u00a0<\/p>\n<p><a href=\"https:\/\/www.ysl.com\/fr-fr\/stores\/saint-laurent-babylone-30307\" target=\"_blank\" rel=\"noopener nofollow\"><strong>Saint Laurent Babylone<\/strong><\/a>, 7 rue de Grenelle, Paris 7e. Ouvert du mercredi au samedi de 11h \u00e0 19h, le dimanche d\u00e8s 13h.\u00a0<\/p>\n<p style=\"text-align: center;\"><img loading=\"lazy\" decoding=\"async\" src=\"https:\/\/www.europesays.com\/fr\/wp-content\/uploads\/2025\/09\/restaurant-la-petite-chaise-paris.jpg\" alt=\"\" width=\"1180\" height=\"525\"\/><\/p>\n<p>R\u00e9galant le Tout-Paris mondain depuis 1680,<strong> La Petite Chaise<\/strong> a r\u00e9cemment \u00e9t\u00e9 reprise par la team de copains d\u2019<strong>Antoine Arnault<\/strong> et lui-m\u00eame. Dans les mains de l&rsquo;architecte <strong>Johanna Amatouri<\/strong>, cette v\u00e9ritable institution de la <strong>rue de Grenelle<\/strong> s\u2019offre une nouvelle jeunesse (combien a-t-elle pu en vivre ? ), attirant plus que jamais la foule mode dans son cadre ouat\u00e9 sur deux \u00e9tages. Banquettes en velours rouge, boiseries du sol au plafond, chandeliers et nappes blanches conf\u00e8rent \u00e0 cet \u00e9crin chic une aura quasi mystique : ouvrir la porte de<strong> La Petite Chaise<\/strong>, c\u2019est un peu comme valider son passeport parisien.\u00a0<\/p>\n<p>Toute l\u2019ann\u00e9e, la table la plus pris\u00e9e de la rive gauche voit d\u00e9filer un tas de c\u00e9l\u00e9brit\u00e9s, des <strong>s\u0153urs Olsen<\/strong> \u00e0 <strong>Katie Holmes<\/strong> en passant par <strong>Ralph Fiennes<\/strong>, <strong>Matt Dillon<\/strong> et autres CEOs\u2026 En clair : il y a du r\u00e9seautage dans l\u2019air ! Au menu ? <strong>Salade fris\u00e9e aux lardons<\/strong> (16 \u20ac),<strong> c\u00e9leri r\u00e9moulade<\/strong> (11 \u20ac), des \u0153ufs particuli\u00e8rement styl\u00e9s (10 \u20ac), un solide <strong>bar <\/strong>sauvage \u00e0 napper de beurre blanc (36 \u20ac), un supr\u00eame de <strong>volaille <\/strong>selon l\u2019humeur du chef (pour nous : sauce morilles &#8211; 30 \u20ac) \u00e0 accompagner de sucrine, de pommes alumettes ou de haricots verts \u00e0 l\u2019ail. Chic en diable : les desserts \u00e0 partager comme la superbe <strong>pavlova <\/strong>\u00e0 la chantilly et aux fruits rouges (20 \u20ac) et une addictive mousse chocolat (20 \u20ac).<\/p>\n<p><a href=\"https:\/\/www.restaurantlapetitechaise.fr\/\" target=\"_blank\" rel=\"noopener nofollow\"><strong>La Petite Chaise<\/strong><\/a>, 36 rue de Grenelle, Paris 7e. Ouvert du mardi au samedi midi et soir ainsi que le dimanche midi.01 42 22 13 35<\/p>\n<p style=\"text-align: center;\"><img loading=\"lazy\" decoding=\"async\" src=\"https:\/\/www.europesays.com\/fr\/wp-content\/uploads\/2025\/09\/boutique-maria-dela-orden-paris.jpg\" alt=\"\" width=\"1180\" height=\"525\"\/><\/p>\n<p>C\u2019est LA modeuse madril\u00e8ne la plus chic et smart d\u2019Instagram. En plus de son autre griffe <strong>La Veste<\/strong> pens\u00e9e \u00e0 quatre mains avec sa BFF <strong>Blanca Mir\u00f2<\/strong> et quelques collabs remarqu\u00e9es (Monoprix, Anja), <a href=\"https:\/\/www.doitinparis.com\/fr\/maria-de-la-orden-26779\" rel=\"nofollow noopener\" target=\"_blank\"><strong>Maria de la Orden<\/strong><\/a> s\u2019est offert deux boutiques parisiennes dont une mignonne enseigne rue de l\u2019Universit\u00e9.\u00a0<\/p>\n<p>Incarnant dans une version abordable la furieuse tendance du \u201cLadylike\u201d rep\u00e9r\u00e9e sur les catwalks de Miu Miu, Herm\u00e8s ou encore Fendi, son vestiaire s\u2019\u00e9prend de formes classiques avec un twist couture \u00e0 souhait : \u00e9paules bouffantes, larges rayures, cols lavalli\u00e8re XXL ou jolis imprim\u00e9s viennent twister le vestiaire de la bourgeoise. Parmi nos coups de c\u0153ur de la nouvelle collection : une <a href=\"https:\/\/mariadelaorden.com\/products\/bosco-shirt-light-blue\" target=\"_blank\" rel=\"noopener nofollow\"><strong>blouse bleue<\/strong><\/a> \u00e0 poignets volant\u00e9s (170 \u20ac) ou <a href=\"https:\/\/mariadelaorden.com\/products\/fairytale-shirt-liberty-garden?variant=52844269666633\" target=\"_blank\" rel=\"noopener nofollow\"><strong>rose \u00e0 lavalli\u00e8re XXL<\/strong><\/a> (140 \u20ac), un <a href=\"https:\/\/mariadelaorden.com\/products\/romeo-pants-purple-stripes\" target=\"_blank\" rel=\"noopener nofollow\"><strong>pantalon \u00e0 rayures<\/strong><\/a> (150 \u20ac), un <a href=\"https:\/\/mariadelaorden.com\/products\/spencer-shorts-tan-corduroy\" target=\"_blank\" rel=\"noopener nofollow\"><strong>bermuda<\/strong><\/a> tr\u00e8s chasse en velours c\u00f4tel\u00e9 (150 \u20ac) ou un <a href=\"https:\/\/mariadelaorden.com\/products\/ezra-bag-canvas-pistachio?variant=52858069320009\" target=\"_blank\" rel=\"noopener nofollow\"><strong>sac bi-mati\u00e8re<\/strong><\/a> en denim et cuir rouge vernis (375 \u20ac).<\/p>\n<p><a href=\"https:\/\/mariadelaorden.com\/\" rel=\"nofollow noopener\" target=\"_blank\"><strong>Maria de la Orden<\/strong><\/a>, 38 rue de l\u2019Universit\u00e9, Paris 7e. 09 83 41 43 95 Ouvert du lundi au samedi 11h-19h.<\/p>\n<p style=\"text-align: center;\"><img loading=\"lazy\" decoding=\"async\" src=\"https:\/\/www.europesays.com\/fr\/wp-content\/uploads\/2025\/09\/boutique-tresorerie-paris.jpg\" alt=\"\" width=\"1180\" height=\"525\"\/><\/p>\n<p>V\u00e9ritable <strong>n\u00e9o-bazar<\/strong> \u00e0 la s\u00e9lection d\u00e9co extraordinaire et aux airs de <strong>droguerie <\/strong>BCBG, <a href=\"https:\/\/www.doitinparis.com\/fr\/la-droguerie-la-plus-chic-de-paris-la-tresorerie-17619\" rel=\"nofollow noopener\" target=\"_blank\"><strong>La Tr\u00e9sorerie<\/strong><\/a> s\u2019impose depuis plus de 10 ans comme LE <strong>concept-store <\/strong>singulier qui envoute les folles de c\u00e9ramique, les desperate housewives chics et les as du syst\u00e8me D. Si sa boutique historique du 10e cartonne, une toute nouvelle, plus petite et concentrant tous les essentiels, vient d\u2019ouvrir au c\u0153ur du<strong> 7e arrondissement<\/strong>. \u00c0 l\u2019assaut de la rive gauche, ce magasin ind\u00e9pendant rassemble la cr\u00e8me des artisans et cr\u00e9ateurs europ\u00e9ens.\u00a0<\/p>\n<p>Parmi les nouveaut\u00e9s \u00e0 d\u00e9couvrir sur place, on d\u00e9pose dans son panier un <a href=\"https:\/\/www.latresorerie.fr\/fr\/decoration\/2431-kiku-vase-mini.html\" target=\"_blank\" rel=\"noopener nofollow\"><strong>mini-vase en c\u00e9ramique<\/strong><\/a> (36,50 \u20ac), des <a href=\"https:\/\/www.latresorerie.fr\/fr\/verres-carafes\/6707-145393-gobelet-abeille-colore-26cl.html#\/3340-couleur_gobelet_ouessant-vert_olive\" target=\"_blank\" rel=\"noopener nofollow\"><strong>gobelets en verre<\/strong><\/a> made in France pimp\u00e9s d\u2019abeille sign\u00e9s La Roch\u00e8re (7,95 \u20ac) ou de la <a href=\"https:\/\/www.latresorerie.fr\/fr\/savons-et-soins\/6697-creme-corps-nutritive-pastel.html\" target=\"_blank\" rel=\"noopener nofollow\"><strong>cr\u00e8me corps toute bleue<\/strong><\/a> de Graine de Pastel (36,95 \u20ac), sans oublier les brosses \u00e0 vaisselle, poubelles styl\u00e9es, miroirs et autres tr\u00e9sors de vaisselle pour dresser la plus belle table de Paris. Top \u00e9galement : les super id\u00e9es cadeaux comme les peignoirs fa\u00e7on kimono, les peignes, eaux de toilettes et trousses de toilette.\u00a0<\/p>\n<p><a href=\"https:\/\/www.latresorerie.fr\/fr\/\" target=\"_blank\" rel=\"noopener nofollow\"><strong>La Tr\u00e9sorerie<\/strong><\/a>, 48 rue de Grenelle, Paris 7e. Ouvert du mardi au samedi de 11h \u00e0 19h.<\/p>\n<p>\u00a9 Frederic Lucano<\/p>\n<p style=\"text-align: center;\"><img loading=\"lazy\" decoding=\"async\" src=\"https:\/\/www.europesays.com\/fr\/wp-content\/uploads\/2025\/09\/restaurant-racines-des-pres-paris.jpg\" alt=\"\" width=\"1180\" height=\"525\"\/><\/p>\n<p>C\u2019est l\u2019adresse qui se chuchote entre initi\u00e9s, o\u00f9 les gourmets chics du 7e aiment \u00e0 se retrouver incognito pour profiter d\u2019une cuisine \u201c\u00e0 la crois\u00e9e du bistrot et des grandes tables parisiennes\u201d. Il faut dire qu\u2019on ne tombe pas par hasard sur Racines des Pr\u00e9s, lov\u00e9 dans la discr\u00e8te petite rue qui m\u00e8ne \u00e0 la place Saint-Thomas d\u2019Aquin et sa superbe \u00e9glise. Derri\u00e8re cette coquette table ? Le restaurateur en s\u00e9rie David Lanher (<strong>Racines<\/strong>, <strong>Le Bon Saint-Pour\u00e7ain<\/strong>, <a href=\"https:\/\/www.doitinparis.com\/fr\/restaurants-regime-paris-25024\" target=\"_blank\" rel=\"noopener nofollow\"><strong>LaLa Cuisine<\/strong><\/a> chez <strong>Maison Sarah Lavoine<\/strong>\u2026)\u00a0<\/p>\n<p>\u00c0 la table de <strong>Racines des Pr\u00e9s<\/strong>, on se r\u00e9gale notamment d\u2019une tarte d\u2019oignon confit, betterave et comt\u00e9, r\u00e9duction balsamique (18 \u20ac), d\u2019un ceviche de daurade (19 \u20ac), de ravioles de canard confit (33 \u20ac), de Saint-Jacques et topinambours (41 \u20ac) ou encore d\u2019un Paris-Brest d\u2019anthologie (16 \u20ac). Notre reco ? Miser sur le menu d\u00e9gustation surprise en 4 temps (76 \u20ac) qui laisse place aux beaux produits de saison sublim\u00e9s par la cr\u00e9ativit\u00e9 du chef.\u00a0<\/p>\n<p><a href=\"https:\/\/www.racinesdespres.com\/\" target=\"_blank\" rel=\"noopener nofollow\"><strong>Racines des Pr\u00e9s<\/strong><\/a>, 1 rue de Gribeauval, Paris 7e. Ouvert du lundi au vendredi midi et soir.\u00a0<\/p>\n<p style=\"text-align: center;\"><img loading=\"lazy\" decoding=\"async\" src=\"https:\/\/www.europesays.com\/fr\/wp-content\/uploads\/2025\/09\/activites-restaurants-7-eme-paris.jpg\" alt=\"\" width=\"1180\" height=\"525\"\/><\/p>\n<ul>\n<li style=\"font-weight: 400;\" aria-level=\"1\">Les gueuletons XXL du <a href=\"https:\/\/www.cafedesministeres.fr\/\" target=\"_blank\" rel=\"noopener nofollow\"><strong>Caf\u00e9 des Minist\u00e8res<\/strong><\/a> (83 rue de l\u2019Universit\u00e9, Paris 7e)<\/li>\n<li style=\"font-weight: 400;\" aria-level=\"1\">La d\u00e9coration proven\u00e7ale du <a href=\"https:\/\/lechateaudemamere.com\/\" target=\"_blank\" rel=\"noopener nofollow\"><strong>Ch\u00e2teau de ma M\u00e8re<\/strong><\/a> (84bis rue de Grenelle, Paris 7e)<\/li>\n<li style=\"font-weight: 400;\" aria-level=\"1\">Les expos sublimes du <a href=\"https:\/\/museemaillol.com\/\" target=\"_blank\" rel=\"noopener nofollow\"><strong>Mus\u00e9e Maillol<\/strong><\/a> (59 &#8211; 61 rue de Grenelle, Paris 7e)<\/li>\n<li style=\"font-weight: 400;\" aria-level=\"1\">Les meilleurs bagels de Paris sign\u00e9s <a href=\"https:\/\/codysbagels.com\/\" target=\"_blank\" rel=\"noopener nofollow\"><strong>Cody\u2019s<\/strong><\/a> (51 rue de Grenelle, Paris 7e)<\/li>\n<li style=\"font-weight: 400;\" aria-level=\"1\">La parfait boutique cadeaux <a href=\"https:\/\/www.voyageholidayshop.com\/\" target=\"_blank\" rel=\"noopener nofollow\"><strong>Voyage<\/strong><\/a> (42 rue de Grenelle, Paris 7e)<\/li>\n<\/ul>\n<p>\u00a0<\/p>\n<p><strong>D\u00e9couvrez aussi <\/strong><a href=\"https:\/\/www.doitinparis.com\/fr\/saint-germain-des-pres-26303\" rel=\"nofollow noopener\" target=\"_blank\"><strong>nos adresses pr\u00e9f\u00e9r\u00e9es \u00e0 Saint-Germain-des-Pr\u00e9s<\/strong><\/a><strong> et <\/strong><a href=\"https:\/\/www.doitinparis.com\/fr\/meilleures-adresses-montmartre-26485\" rel=\"nofollow noopener\" target=\"_blank\"><strong>Montmartre en 12 adresses styl\u00e9es<\/strong><\/a><strong>.<\/strong><\/p>\n","protected":false},"excerpt":{"rendered":"Des boutiques d\u00e9co, des bistrots mythiques, des galeries pointues, de petites \u00e9choppes qui n\u2019ont pas boug\u00e9 depuis 50&hellip;\n","protected":false},"author":2,"featured_media":365594,"comment_status":"","ping_status":"","sticky":false,"template":"","format":"standard","meta":{"footnotes":""},"categories":[1888],"tags":[11,1777,674,1011,27,12,626,25],"class_list":{"0":"post-365593","1":"post","2":"type-post","3":"status-publish","4":"format-standard","5":"has-post-thumbnail","7":"category-paris","8":"tag-actualites","9":"tag-eu","10":"tag-europe","11":"tag-fr","12":"tag-france","13":"tag-news","14":"tag-paris","15":"tag-republique-francaise"},"share_on_mastodon":{"url":"","error":""},"_links":{"self":[{"href":"https:\/\/www.europesays.com\/fr\/wp-json\/wp\/v2\/posts\/365593","targetHints":{"allow":["GET"]}}],"collection":[{"href":"https:\/\/www.europesays.com\/fr\/wp-json\/wp\/v2\/posts"}],"about":[{"href":"https:\/\/www.europesays.com\/fr\/wp-json\/wp\/v2\/types\/post"}],"author":[{"embeddable":true,"href":"https:\/\/www.europesays.com\/fr\/wp-json\/wp\/v2\/users\/2"}],"replies":[{"embeddable":true,"href":"https:\/\/www.europesays.com\/fr\/wp-json\/wp\/v2\/comments?post=365593"}],"version-history":[{"count":0,"href":"https:\/\/www.europesays.com\/fr\/wp-json\/wp\/v2\/posts\/365593\/revisions"}],"wp:featuredmedia":[{"embeddable":true,"href":"https:\/\/www.europesays.com\/fr\/wp-json\/wp\/v2\/media\/365594"}],"wp:attachment":[{"href":"https:\/\/www.europesays.com\/fr\/wp-json\/wp\/v2\/media?parent=365593"}],"wp:term":[{"taxonomy":"category","embeddable":true,"href":"https:\/\/www.europesays.com\/fr\/wp-json\/wp\/v2\/categories?post=365593"},{"taxonomy":"post_tag","embeddable":true,"href":"https:\/\/www.europesays.com\/fr\/wp-json\/wp\/v2\/tags?post=365593"}],"curies":[{"name":"wp","href":"https:\/\/api.w.org\/{rel}","templated":true}]}}