{"id":365595,"date":"2025-09-04T11:48:13","date_gmt":"2025-09-04T11:48:13","guid":{"rendered":"https:\/\/www.europesays.com\/fr\/365595\/"},"modified":"2025-09-04T11:48:13","modified_gmt":"2025-09-04T11:48:13","slug":"les-ouvertures-dhotels-les-plus-excitantes-de-la-rentree-a-paris","status":"publish","type":"post","link":"https:\/\/www.europesays.com\/fr\/365595\/","title":{"rendered":"Les ouvertures d\u2019h\u00f4tels les plus excitantes de la rentr\u00e9e \u00e0 Paris"},"content":{"rendered":"<p class=\"mb-4 text-lg md:leading-8 break-words\">Si les nouveaux restaurants poussent comme des champignons \u00e0 Paris, les h\u00f4tels ne sont pas en reste et fleurissent, eux aussi, en nombre. Pour le dernier trimestre de l&rsquo;ann\u00e9e 2025, la capitale ajoutera encore \u00e0 son portefeuille d&rsquo;adresses d\u00e9j\u00e0 bien rempli une ribambelle de nouveaux \u00e9tablissements plus que charmants. Des repaires in\u00e9dits aux d\u00e9cors soigneusement pens\u00e9s, parfaits pour s\u2019offrir une staycation des plus reposantes, ou, \u00e0 d\u00e9faut d\u2019y s\u00e9journer, des adresses qui valent bien une halte curieuse.<\/p>\n<p>Les ouvertures d&rsquo;h\u00f4tels de la rentr\u00e9e 2025 \u00e0 ParisH\u00f4tel Mass\u00e9<\/p>\n<p class=\"mb-4 text-lg md:leading-8 break-words\">\u00c0 deux pas de la rue des Martyrs, l\u2019H\u00f4tel Mass\u00e9 a d\u00e9j\u00e0 toutes les qualit\u00e9s pour devenir notre nouveau refuge pr\u00e9f\u00e9r\u00e9 au c\u0153ur de Pigalle. Imagin\u00e9 par Juliette Gasparetto et Julie Parenti, l\u2019\u00e9tablissement quatre \u00e9toiles a pris ses quartiers dans un b\u00e2timent haussmannien enti\u00e8rement r\u00e9nov\u00e9 et d\u00e9voile un d\u00e9cor simple et raffin\u00e9 fait de mat\u00e9riaux bruts sublim\u00e9s. Au total, pas moins de 40 chambres, toutes uniques, parfois mansard\u00e9es, parfois dot\u00e9es d\u2019un balcon ou d\u2019une vue sur les toits.<\/p>\n<ul class=\"mb-4\">\n<li class=\"ml-4 list-disc\">\n<p class=\"mb-4 text-lg md:leading-8 break-words\"><strong>32 bis rue Victor Mass\u00e9, 75009 Paris<\/strong><\/p>\n<\/li>\n<\/ul>\n<p>Bus Palladium<\/p>\n<p class=\"mb-4 text-lg md:leading-8 break-words\">\u00c0 l\u2019abandon depuis sa fermeture en avril 2022, le mythique Bus Palladium s\u2019appr\u00eate \u00e0 rena\u00eetre de ses cendres cet automne pour faire vibrer le quartier de Pigalle. Plus seulement salle de concert de rock, il devient un v\u00e9ritable lieu de vie et de f\u00eate toujours tourn\u00e9 vers la musique. Le lieu d\u00e9voilera notamment un boutique (&#8230;)<\/p>\n<p class=\"mb-4 text-lg md:leading-8 break-words\"><a href=\"https:\/\/www.grazia.fr\/lifestyle\/voyages\/les-ouvertures-dhotels-les-plus-excitantes-de-la-rentree-a-paris-1184051.html?utm_campaign=partenariat&amp;utm_source=yahoo-articles&amp;utm_medium=flux\" rel=\"nofollow noopener\" target=\"_blank\" data-ylk=\"slk:Lire la suite sur Grazia;elm:context_link;itc:0;sec:content-canvas\" class=\"link \">Lire la suite sur Grazia<\/a><\/p>\n<p class=\"mb-4 text-lg md:leading-8 break-words\"><a href=\"https:\/\/www.grazia.fr\/mode\/looks-de-stars\/camille-cottin-46-ans-mise-sur-le-jean-le-plus-tendance-de-cette-rentree-2025-il-va-a-toutes-les-silhouettes-1184119.html?utm_campaign=partenariat&amp;utm_source=yahoo-articles&amp;utm_medium=flux\" rel=\"nofollow noopener\" target=\"_blank\" data-ylk=\"slk:Camille Cottin (46 ans) mise sur le jean le plus tendance de cette rentr\u00e9e 2025 (il va \u00e0 toutes les silhouettes);elm:context_link;itc:0;sec:content-canvas\" class=\"link \">Camille Cottin (46 ans) mise sur le jean le plus tendance de cette rentr\u00e9e 2025 (il va \u00e0 toutes les silhouettes)<\/a><br \/><a href=\"https:\/\/www.grazia.fr\/beaute\/maquillage\/charlotte-rampling-79-ans-ultra-naturelle-mostra-venise-detail-beaute-echappe-personne-1184158.html?utm_campaign=partenariat&amp;utm_source=yahoo-articles&amp;utm_medium=flux\" rel=\"nofollow noopener\" target=\"_blank\" data-ylk=\"slk:Charlotte Rampling (79 ans) ultra-naturelle \u00e0 la Mostra de Venise, ce d\u00e9tail beaut\u00e9 n\u2019a \u00e9chapp\u00e9 \u00e0 personne;elm:context_link;itc:0;sec:content-canvas\" class=\"link \">Charlotte Rampling (79 ans) ultra-naturelle \u00e0 la Mostra de Venise, ce d\u00e9tail beaut\u00e9 n\u2019a \u00e9chapp\u00e9 \u00e0 personne<\/a><br \/><a href=\"https:\/\/www.grazia.fr\/culture\/sorties\/disneyland-paris-voici-quand-ouvrira-world-of-frozen-la-nouvelle-zone-consacree-a-la-reine-des-neiges-1184002.html?utm_campaign=partenariat&amp;utm_source=yahoo-articles&amp;utm_medium=flux\" rel=\"nofollow noopener\" target=\"_blank\" data-ylk=\"slk:Disneyland Paris : voici quand ouvrira &quot;World of Frozen&quot;, la nouvelle zone consacr\u00e9e \u00e0 La Reine des Neiges;elm:context_link;itc:0;sec:content-canvas\" class=\"link \">Disneyland Paris : voici quand ouvrira \u00ab\u00a0World of Frozen\u00a0\u00bb, la nouvelle zone consacr\u00e9e \u00e0 La Reine des Neiges<\/a><br \/><a href=\"https:\/\/www.grazia.fr\/beaute\/coiffure\/clara-luciani-33-ans-devoile-complexe-cache-derriere-frange-signature-je-naime-pas-du-tout-1184090.html?utm_campaign=partenariat&amp;utm_source=yahoo-articles&amp;utm_medium=flux\" rel=\"nofollow noopener\" target=\"_blank\" data-ylk=\"slk:Clara Luciani (33 ans) d\u00e9voile le complexe qu\u2019elle cache derri\u00e8re sa frange signature, \u201cJe n\u2019aime pas du tout\u2026\u201d;elm:context_link;itc:0;sec:content-canvas\" class=\"link \">Clara Luciani (33 ans) d\u00e9voile le complexe qu\u2019elle cache derri\u00e8re sa frange signature, \u201cJe n\u2019aime pas du tout\u2026\u201d<\/a><br \/><a href=\"https:\/\/www.grazia.fr\/people\/si-le-prince-harry-se-reconcilie-avec-son-pere-charles-cest-william-qui-risque-de-faire-la-tete-1184130.html?utm_campaign=partenariat&amp;utm_source=yahoo-articles&amp;utm_medium=flux\" rel=\"nofollow noopener\" target=\"_blank\" data-ylk=\"slk:Si le prince Harry se r\u00e9concilie avec son p\u00e8re Charles, c&#039;est William qui risque de faire la t\u00eate;elm:context_link;itc:0;sec:content-canvas\" class=\"link \">Si le prince Harry se r\u00e9concilie avec son p\u00e8re Charles, c&rsquo;est William qui risque de faire la t\u00eate<\/a><\/p>\n","protected":false},"excerpt":{"rendered":"Si les nouveaux restaurants poussent comme des champignons \u00e0 Paris, les h\u00f4tels ne sont pas en reste et&hellip;\n","protected":false},"author":2,"featured_media":365596,"comment_status":"","ping_status":"","sticky":false,"template":"","format":"standard","meta":{"footnotes":""},"categories":[1888],"tags":[11,1777,674,1011,27,50000,49999,12,626,25,32862],"class_list":{"0":"post-365595","1":"post","2":"type-post","3":"status-publish","4":"format-standard","5":"has-post-thumbnail","7":"category-paris","8":"tag-actualites","9":"tag-eu","10":"tag-europe","11":"tag-fr","12":"tag-france","13":"tag-julie-parenti","14":"tag-juliette-gasparetto","15":"tag-news","16":"tag-paris","17":"tag-republique-francaise","18":"tag-salle-de-concert"},"share_on_mastodon":{"url":"https:\/\/pubeurope.com\/@fr\/115145873988580692","error":""},"_links":{"self":[{"href":"https:\/\/www.europesays.com\/fr\/wp-json\/wp\/v2\/posts\/365595","targetHints":{"allow":["GET"]}}],"collection":[{"href":"https:\/\/www.europesays.com\/fr\/wp-json\/wp\/v2\/posts"}],"about":[{"href":"https:\/\/www.europesays.com\/fr\/wp-json\/wp\/v2\/types\/post"}],"author":[{"embeddable":true,"href":"https:\/\/www.europesays.com\/fr\/wp-json\/wp\/v2\/users\/2"}],"replies":[{"embeddable":true,"href":"https:\/\/www.europesays.com\/fr\/wp-json\/wp\/v2\/comments?post=365595"}],"version-history":[{"count":0,"href":"https:\/\/www.europesays.com\/fr\/wp-json\/wp\/v2\/posts\/365595\/revisions"}],"wp:featuredmedia":[{"embeddable":true,"href":"https:\/\/www.europesays.com\/fr\/wp-json\/wp\/v2\/media\/365596"}],"wp:attachment":[{"href":"https:\/\/www.europesays.com\/fr\/wp-json\/wp\/v2\/media?parent=365595"}],"wp:term":[{"taxonomy":"category","embeddable":true,"href":"https:\/\/www.europesays.com\/fr\/wp-json\/wp\/v2\/categories?post=365595"},{"taxonomy":"post_tag","embeddable":true,"href":"https:\/\/www.europesays.com\/fr\/wp-json\/wp\/v2\/tags?post=365595"}],"curies":[{"name":"wp","href":"https:\/\/api.w.org\/{rel}","templated":true}]}}