{"id":365597,"date":"2025-09-04T11:49:18","date_gmt":"2025-09-04T11:49:18","guid":{"rendered":"https:\/\/www.europesays.com\/fr\/365597\/"},"modified":"2025-09-04T11:49:18","modified_gmt":"2025-09-04T11:49:18","slug":"la-russie-pourrait-prolonger-linterdiction-dexportation-dessence-jusquen-octobre","status":"publish","type":"post","link":"https:\/\/www.europesays.com\/fr\/365597\/","title":{"rendered":"La Russie pourrait prolonger l&rsquo;interdiction d&rsquo;exportation d&rsquo;essence jusqu&rsquo;en octobre"},"content":{"rendered":"<p>Les autorit\u00e9s russes envisagent de prolonger l&rsquo;interdiction d&rsquo;exportation d&rsquo;essence destin\u00e9e aux producteurs de p\u00e9trole jusqu&rsquo;au mois d&rsquo;octobre, a rapport\u00e9 jeudi l&rsquo;agence de presse d&rsquo;\u00c9tat RIA, citant Vitaly Korolev, directeur adjoint du service f\u00e9d\u00e9ral anti-monopole (FAS).<\/p>\n<p>Vitaly Korolev a pr\u00e9cis\u00e9 que toutes les options restaient \u00e0 l&rsquo;\u00e9tude, tout en soulignant que la priorit\u00e9 absolue du gouvernement \u00e9tait de satisfaire la demande int\u00e9rieure.<\/p>\n<p>La semaine derni\u00e8re, le gouvernement russe avait d\u00e9j\u00e0 prolong\u00e9 l&rsquo;interdiction d&rsquo;exportation d&rsquo;essence jusqu&rsquo;au 30 septembre.<\/p>\n<p>La Russie est confront\u00e9e \u00e0 des p\u00e9nuries d&rsquo;essence dans certaines r\u00e9gions, \u00e0 la suite d&rsquo;une s\u00e9rie de frappes ukrainiennes sur des raffineries, survenant en pleine p\u00e9riode de forte demande saisonni\u00e8re de carburant de la part des agriculteurs et des automobilistes.<\/p>\n","protected":false},"excerpt":{"rendered":"Les autorit\u00e9s russes envisagent de prolonger l&rsquo;interdiction d&rsquo;exportation d&rsquo;essence destin\u00e9e aux producteurs de p\u00e9trole jusqu&rsquo;au mois d&rsquo;octobre, a&hellip;\n","protected":false},"author":2,"featured_media":365598,"comment_status":"","ping_status":"","sticky":false,"template":"","format":"standard","meta":{"footnotes":""},"categories":[1591],"tags":[11,340,1887,12,1885,1886,132],"class_list":{"0":"post-365597","1":"post","2":"type-post","3":"status-publish","4":"format-standard","5":"has-post-thumbnail","7":"category-russie","8":"tag-actualites","9":"tag-bourse","10":"tag-federation-de-russie","11":"tag-news","12":"tag-russia","13":"tag-russian-federation","14":"tag-russie"},"share_on_mastodon":{"url":"","error":""},"_links":{"self":[{"href":"https:\/\/www.europesays.com\/fr\/wp-json\/wp\/v2\/posts\/365597","targetHints":{"allow":["GET"]}}],"collection":[{"href":"https:\/\/www.europesays.com\/fr\/wp-json\/wp\/v2\/posts"}],"about":[{"href":"https:\/\/www.europesays.com\/fr\/wp-json\/wp\/v2\/types\/post"}],"author":[{"embeddable":true,"href":"https:\/\/www.europesays.com\/fr\/wp-json\/wp\/v2\/users\/2"}],"replies":[{"embeddable":true,"href":"https:\/\/www.europesays.com\/fr\/wp-json\/wp\/v2\/comments?post=365597"}],"version-history":[{"count":0,"href":"https:\/\/www.europesays.com\/fr\/wp-json\/wp\/v2\/posts\/365597\/revisions"}],"wp:featuredmedia":[{"embeddable":true,"href":"https:\/\/www.europesays.com\/fr\/wp-json\/wp\/v2\/media\/365598"}],"wp:attachment":[{"href":"https:\/\/www.europesays.com\/fr\/wp-json\/wp\/v2\/media?parent=365597"}],"wp:term":[{"taxonomy":"category","embeddable":true,"href":"https:\/\/www.europesays.com\/fr\/wp-json\/wp\/v2\/categories?post=365597"},{"taxonomy":"post_tag","embeddable":true,"href":"https:\/\/www.europesays.com\/fr\/wp-json\/wp\/v2\/tags?post=365597"}],"curies":[{"name":"wp","href":"https:\/\/api.w.org\/{rel}","templated":true}]}}