{"id":365599,"date":"2025-09-04T11:50:19","date_gmt":"2025-09-04T11:50:19","guid":{"rendered":"https:\/\/www.europesays.com\/fr\/365599\/"},"modified":"2025-09-04T11:50:19","modified_gmt":"2025-09-04T11:50:19","slug":"les-pays-membres-de-la-coalition-des-volontaires-reunis-a-paris-autour-des-garanties-de-securite-proposees-a-kiev","status":"publish","type":"post","link":"https:\/\/www.europesays.com\/fr\/365599\/","title":{"rendered":"les pays membres de la \u00ab\u00a0coalition des volontaires\u00a0\u00bb r\u00e9unis \u00e0 Paris autour des garanties de s\u00e9curit\u00e9 propos\u00e9es \u00e0 Kiev"},"content":{"rendered":"<p>Emmanuel Macron et le Premier ministre britannique, Keir Starmer, ont pr\u00e9sid\u00e9 <a href=\"https:\/\/www.franceinfo.fr\/replay-radio\/d-un-monde-a-l-autre\/guerre-en-ukraine-la-coalition-des-volontaires-se-reunit-a-paris-pour-afficher-une-image-d-unite-dans-la-duree_7446313.html\" rel=\"nofollow noopener\" target=\"_blank\">une r\u00e9union hybride de la \u00ab\u00a0coalition des volontaires\u00a0\u00bb<\/a> \u00e0 Paris, jeudi 4\u00a0septembre dans la matin\u00e9e, avant un entretien t\u00e9l\u00e9phonique avec le pr\u00e9sident am\u00e9ricain, Donald Trump, attendu en d\u00e9but d&rsquo;apr\u00e8s-midi. Ce sommet d&rsquo;environ 35\u00a0dirigeants, certains pr\u00e9sents \u00e0 l&rsquo;Elys\u00e9e et d&rsquo;autres en visioconf\u00e9rence, \u00ab\u00a0va nous permettre de finaliser les garanties de s\u00e9curit\u00e9 robustes pour l&rsquo;Ukraine\u00a0\u00bb, a d\u00e9clar\u00e9 Emmanuel Macron \u00e0 l&rsquo;ouverture des travaux. Suivez notre direct.\u00a0<\/p>\n<p class=\"c-body__bullet\"> <strong>Les Europ\u00e9ens sont \u00ab\u00a0pr\u00eats\u00a0\u00bb.<\/strong> Les soutiens europ\u00e9ens de Kiev doivent acter qu&rsquo;ils sont \u00ab\u00a0pr\u00eats\u00a0\u00bb sur l&rsquo;octroi des ces garanties de s\u00e9curit\u00e9 \u00e0 l&rsquo;Ukraine, pour mieux signifier qu&rsquo;ils attendent d\u00e9sormais des gestes concrets des Am\u00e9ricains dans le m\u00eame sens. \u00ab\u00a0L&rsquo;Europe est au rendez-vous, pour la premi\u00e8re fois avec ce niveau d&rsquo;engagement et d&rsquo;intensit\u00e9\u00a0\u00bb, a d\u00e9clar\u00e9 mercredi Emmanuel Macron, ajoutant que le travail de \u00ab\u00a0pr\u00e9paration\u00a0\u00bb pour ces garanties \u00e9tait \u00ab\u00a0achev\u00e9\u00a0\u00bb et qu&rsquo;il allait \u00eatre \u00ab\u00a0endoss\u00e9 politiquement\u00a0\u00bb lors de la r\u00e9union.\u00a0<\/p>\n<p class=\"c-body__bullet\"> <strong>Un \u00e9change avec Donald Trump suivi d&rsquo;une conf\u00e9rence de presse. <\/strong>Les membres de la \u00ab\u00a0coalition des volontaires\u00a0\u00bb doivent s&rsquo;entretenir avec Donald Trump \u00e0 14\u00a0heures, d&rsquo;apr\u00e8s le d\u00e9roul\u00e9 pr\u00e9visionnel transmis par l&rsquo;Elys\u00e9e. Une conf\u00e9rence de presse est ensuite attendue \u00e0 15\u00a0heures.\u00a0<\/p>\n<p class=\"c-body__bullet\"> <strong>\u00ab\u00a0Des garanties de danger pour le continent europ\u00e9en.\u00a0\u00bb <\/strong>La Russie juge\u00a0\u00ab\u00a0absolument inacceptables\u00a0\u00bb\u00a0les assurances demand\u00e9es par Kiev pour mettre fin au conflit et pour pr\u00e9venir toute nouvelle invasion russe. \u00ab\u00a0Ce ne sont pas des garanties de s\u00e9curit\u00e9 pour l&rsquo;Ukraine, ce sont des garanties de danger pour le continent europ\u00e9en\u00a0\u00bb,\u00a0a pr\u00e9venu Maria Zakharova, porte-parole de la diplomatie russe.\u00a0<\/p>\n","protected":false},"excerpt":{"rendered":"Emmanuel Macron et le Premier ministre britannique, Keir Starmer, ont pr\u00e9sid\u00e9 une r\u00e9union hybride de la \u00ab\u00a0coalition des&hellip;\n","protected":false},"author":2,"featured_media":365600,"comment_status":"","ping_status":"","sticky":false,"template":"","format":"standard","meta":{"footnotes":""},"categories":[1590],"tags":[11,1777,674,12,220],"class_list":{"0":"post-365599","1":"post","2":"type-post","3":"status-publish","4":"format-standard","5":"has-post-thumbnail","7":"category-ukraine","8":"tag-actualites","9":"tag-eu","10":"tag-europe","11":"tag-news","12":"tag-ukraine"},"share_on_mastodon":{"url":"https:\/\/pubeurope.com\/@fr\/115145882599788317","error":""},"_links":{"self":[{"href":"https:\/\/www.europesays.com\/fr\/wp-json\/wp\/v2\/posts\/365599","targetHints":{"allow":["GET"]}}],"collection":[{"href":"https:\/\/www.europesays.com\/fr\/wp-json\/wp\/v2\/posts"}],"about":[{"href":"https:\/\/www.europesays.com\/fr\/wp-json\/wp\/v2\/types\/post"}],"author":[{"embeddable":true,"href":"https:\/\/www.europesays.com\/fr\/wp-json\/wp\/v2\/users\/2"}],"replies":[{"embeddable":true,"href":"https:\/\/www.europesays.com\/fr\/wp-json\/wp\/v2\/comments?post=365599"}],"version-history":[{"count":0,"href":"https:\/\/www.europesays.com\/fr\/wp-json\/wp\/v2\/posts\/365599\/revisions"}],"wp:featuredmedia":[{"embeddable":true,"href":"https:\/\/www.europesays.com\/fr\/wp-json\/wp\/v2\/media\/365600"}],"wp:attachment":[{"href":"https:\/\/www.europesays.com\/fr\/wp-json\/wp\/v2\/media?parent=365599"}],"wp:term":[{"taxonomy":"category","embeddable":true,"href":"https:\/\/www.europesays.com\/fr\/wp-json\/wp\/v2\/categories?post=365599"},{"taxonomy":"post_tag","embeddable":true,"href":"https:\/\/www.europesays.com\/fr\/wp-json\/wp\/v2\/tags?post=365599"}],"curies":[{"name":"wp","href":"https:\/\/api.w.org\/{rel}","templated":true}]}}