{"id":365603,"date":"2025-09-04T11:52:10","date_gmt":"2025-09-04T11:52:10","guid":{"rendered":"https:\/\/www.europesays.com\/fr\/365603\/"},"modified":"2025-09-04T11:52:10","modified_gmt":"2025-09-04T11:52:10","slug":"lush-tire-son-rideau-en-paix-et-solidarite-pour-lutter-contre-la-famine-a-gaza","status":"publish","type":"post","link":"https:\/\/www.europesays.com\/fr\/365603\/","title":{"rendered":"Lush tire son rideau \u201cen paix et solidarit\u00e9\u201d pour lutter contre la famine \u00e0 Gaza"},"content":{"rendered":"<p style=\"line-height:1.7999999999999998\">Mercredi 3 septembre, Lush a annonc\u00e9 la fermeture totale pour une journ\u00e9e de ses magasins, usines et site internet dans l\u2019ensemble du Royaume-Uni par solidarit\u00e9 pour le peuple palestinien. Une action coup de poing courageuse qui selon <strong>Mark Constantine<\/strong>, cofondateur de la marque, causerait une perte de 300.000 pounds \u00e0 l\u2019entreprise. Lush s\u2019attaque directement \u00e0 un gouvernement qu\u2019il juge complice face \u00e0 la situation \u00e0 Gaza, en d\u00e9clarant: \u201cLe gouvernement britannique perd un jour d\u2019imp\u00f4ts.\u201d<\/p>\n<p class=\"p-empty\">\u00a0<\/p>\n<p>\u201cS\u2019il y a bien une chose que Lush peut envoyer \u00e0 Gaza, c\u2019est de l\u2019amour et de la solidarit\u00e9\u201d\u00a0<\/p>\n<p class=\"p-empty\">\u00a0<\/p>\n<p>Le seul article rest\u00e9 en vente sur leur site\u00a0 est leur savon en forme de past\u00e8que (symbole du soutien \u00e0 la cause palestinienne) dont les fonds r\u00e9colt\u00e9s sont revers\u00e9s \u00e0 l\u2019aide m\u00e9dicale port\u00e9e \u00e0 Gaza et plus particuli\u00e8rement aux fournisseurs de proth\u00e8ses artificielles. Ce produit avait d\u2019ailleurs d\u00e9j\u00e0 constitu\u00e9 \u201cla collecte de fonds qui a re\u00e7u le plus de succ\u00e8s dans toute l\u2019histoire de Lush\u201d rappelle le magasin dans son communiqu\u00e9.Lush pr\u00e9cise ensuite: \u201cS\u2019il y a bien une chose que Lush peut envoyer \u00e0 Gaza, c\u2019est de l\u2019amour et de la solidarit\u00e9\u201d\u00a0<\/p>\n<p class=\"p-empty\">\u00a0<\/p>\n<p>Ainsi, Lush tire son rideau toute la journ\u00e9e de mercredi en signant son communiqu\u00e9 \u201cen paix et solidarit\u00e9\u201d.<\/p>\n<p class=\"p-empty\">\u00a0<\/p>\n<p><a href=\"https:\/\/lepetitjournal.com\/tel-aviv\/actualites\/venise-un-film-choc-pour-donner-une-voix-aux-victimes-de-gaza-421529\" class=\"read-more\" target=\"_blank\" rel=\"nofollow noopener\">A Venise, un film choc pour \u00ab\u00a0donner une voix\u00a0\u00bb aux victimes de Gaza<\/a><\/p>\n","protected":false},"excerpt":{"rendered":"Mercredi 3 septembre, Lush a annonc\u00e9 la fermeture totale pour une journ\u00e9e de ses magasins, usines et site&hellip;\n","protected":false},"author":2,"featured_media":365604,"comment_status":"","ping_status":"","sticky":false,"template":"","format":"standard","meta":{"footnotes":""},"categories":[1588],"tags":[11,1777,674,12,473,1853,1851,1850,1852],"class_list":{"0":"post-365603","1":"post","2":"type-post","3":"status-publish","4":"format-standard","5":"has-post-thumbnail","7":"category-royaume-uni","8":"tag-actualites","9":"tag-eu","10":"tag-europe","11":"tag-news","12":"tag-royaume-uni","13":"tag-royaume-uni-de-grande-bretagne-et-dirlande-du-nord","14":"tag-uk","15":"tag-united-kingdom","16":"tag-united-kingdom-of-great-britain-and-northern-ireland"},"share_on_mastodon":{"url":"","error":""},"_links":{"self":[{"href":"https:\/\/www.europesays.com\/fr\/wp-json\/wp\/v2\/posts\/365603","targetHints":{"allow":["GET"]}}],"collection":[{"href":"https:\/\/www.europesays.com\/fr\/wp-json\/wp\/v2\/posts"}],"about":[{"href":"https:\/\/www.europesays.com\/fr\/wp-json\/wp\/v2\/types\/post"}],"author":[{"embeddable":true,"href":"https:\/\/www.europesays.com\/fr\/wp-json\/wp\/v2\/users\/2"}],"replies":[{"embeddable":true,"href":"https:\/\/www.europesays.com\/fr\/wp-json\/wp\/v2\/comments?post=365603"}],"version-history":[{"count":0,"href":"https:\/\/www.europesays.com\/fr\/wp-json\/wp\/v2\/posts\/365603\/revisions"}],"wp:featuredmedia":[{"embeddable":true,"href":"https:\/\/www.europesays.com\/fr\/wp-json\/wp\/v2\/media\/365604"}],"wp:attachment":[{"href":"https:\/\/www.europesays.com\/fr\/wp-json\/wp\/v2\/media?parent=365603"}],"wp:term":[{"taxonomy":"category","embeddable":true,"href":"https:\/\/www.europesays.com\/fr\/wp-json\/wp\/v2\/categories?post=365603"},{"taxonomy":"post_tag","embeddable":true,"href":"https:\/\/www.europesays.com\/fr\/wp-json\/wp\/v2\/tags?post=365603"}],"curies":[{"name":"wp","href":"https:\/\/api.w.org\/{rel}","templated":true}]}}