{"id":365605,"date":"2025-09-04T11:53:15","date_gmt":"2025-09-04T11:53:15","guid":{"rendered":"https:\/\/www.europesays.com\/fr\/365605\/"},"modified":"2025-09-04T11:53:15","modified_gmt":"2025-09-04T11:53:15","slug":"face-a-un-cout-des-retraites-qui-a-gonfle-de-60-en-quinze-ans-lallemagne-veut-mettre-les-seniors-au-travail-04-09-2025-a-1330","status":"publish","type":"post","link":"https:\/\/www.europesays.com\/fr\/365605\/","title":{"rendered":"Face \u00e0 un co\u00fbt des retraites qui a gonfl\u00e9 de 60% en quinze ans, l&rsquo;Allemagne veut mettre les s\u00e9niors au travail &#8211; 04\/09\/2025 \u00e0 13:30"},"content":{"rendered":"<p> L&rsquo;an dernier, plus d&rsquo;1,1 million de s\u00e9niors travaillaient au-del\u00e0 de 67 ans en Allemagne, sur une population active d&rsquo;environ 46 millions de personnes.<\/p>\n<p>        <img fetchpriority=\"high\" decoding=\"async\" src=\"https:\/\/www.europesays.com\/fr\/wp-content\/uploads\/2025\/09\/be56b11abff48118ecbed3797b828399-760x502.jpg\" alt=\"( AFP \/ RALF HIRSCHBERGER )\" loading=\"eager\" width=\"760\" height=\"502\" style=\"max-width: 100%!important; height: auto;\"\/><\/p>\n<p class=\"c-image-news__legend\">( AFP \/ RALF HIRSCHBERGER )<\/p>\n<p>\n \u00ab\u00a0L&rsquo;\u00c9tat providence tel que nous le connaissons aujourd&rsquo;hui n&rsquo;est plus finan\u00e7able\u00a0\u00bb. Cette d\u00e9claration du chancelier allemand Friedrich Merz ouvrait la voie \u00e0 un \u00ab\u00a0automne des r\u00e9formes\u00a0\u00bb en Allemagne, qui doit se concr\u00e9tiser avec des propositions \u00ab\u00a0d&rsquo;ici la fin de l&rsquo;ann\u00e9e\u00a0\u00bb sur les allocations ch\u00f4mage ou encore les retraites.\n<\/p>\n<p>\n Garder les seniors plus longtemps sur le march\u00e9 de l&#8217;emploi est d\u00e9sormais une priorit\u00e9 du gouvernement allemand, confront\u00e9 au d\u00e9ficit croissant du syst\u00e8me des retraites, dans un pays vieillissant.\n<\/p>\n<p>\n \u00ab\u00a0C&rsquo;est un peu stressant, mais je suis content d&rsquo;\u00eatre ici\u00a0\u00bb : Pete Maie, 70 ans, se montre tendu au d\u00e9but d&rsquo;un entretien d&#8217;embauche \u00e0 Cologne (ouest) pour un poste \u00e0 temps partiel. Chemise bleue fourr\u00e9e dans le pantalon, cet ancien soldat et ex-responsable logistique n&rsquo;a plus l&rsquo;habitude de ce type d&rsquo;exercice, cinq ans apr\u00e8s avoir quitt\u00e9 le march\u00e9 du travail.\n<\/p>\n<p>\n Un employ\u00e9 de Unique Seniors, agence sp\u00e9cialis\u00e9e dans le recrutement de personnes \u00e2g\u00e9es, s&rsquo;assure de sa motivation pour devenir pr\u00e9parateur de colis dans un groupe logistique.<br \/>\n <strong><br \/>\n  \u00ab\u00a0Je suis disponible imm\u00e9diatement et pr\u00eat \u00e0 travailler aussi longtemps que mon corps me le permettra\u00a0\u00bb<br \/>\n <\/strong><br \/>\n , assure le candidat, la verve retrouv\u00e9e.\n<\/p>\n<p>\n L&rsquo;an dernier, le co\u00fbt du syst\u00e8me des retraites s&rsquo;\u00e9levait \u00e0<br \/>\n <strong><br \/>\n  408 milliards d&rsquo;euros<br \/>\n <\/strong><br \/>\n selon le minist\u00e8re du Travail, en augmentation de 60% par rapport \u00e0 2010. Les cotisations ne suffisent plus \u00e0 couvrir les pensions des<br \/>\n <strong><br \/>\n  retrait\u00e9s, qui repr\u00e9sentent d\u00e9sormais un quart de la population<br \/>\n <\/strong><br \/>\n , une situation aggrav\u00e9e par la p\u00e9nurie de travailleurs qualifi\u00e9s qui frappe l&rsquo;Allemagne.\n<\/p>\n<p>\n Pendant des ann\u00e9es,<br \/>\n <strong><br \/>\n  la comp\u00e9titivit\u00e9 industrielle allemande assurait la croissance \u00e9conomique<br \/>\n <\/strong><br \/>\n , qui finan\u00e7ait en retour un \u00c9tat social g\u00e9n\u00e9reux. Ce mod\u00e8le est aujourd&rsquo;hui remis en question. \u00ab\u00a0L&rsquo;\u00c9tat providence tel que nous le connaissons aujourd&rsquo;hui n&rsquo;est plus finan\u00e7able\u00a0\u00bb, a lanc\u00e9 Friedrich Merz fin ao\u00fbt, provoquant des remous sur le budget au sein de sa coalition avec les sociaux-d\u00e9mocrates.\n<\/p>\n<p> \u00ab\u00a0Sentiment d&rsquo;\u00eatre utile\u00a0\u00bb<\/p>\n<p>\n \u00ab\u00a0Nous ne voulons pas l&rsquo;effacer\u00a0\u00bb ni \u00ab\u00a0l&rsquo;abolir\u00a0\u00bb, mais \u00ab\u00a0nous devons le r\u00e9former\u00a0\u00bb, a d\u00e9clar\u00e9 le chancelier mercredi soir au terme d&rsquo;une r\u00e9union de coalition, s&rsquo;effor\u00e7ant de pr\u00e9senter un front uni avec le SPD. L'\u00a0\u00bbautomne des r\u00e9formes\u00a0\u00bb annonc\u00e9, allant des retraites aux allocations ch\u00f4mage, devrait se concr\u00e9tiser avec des propositions \u00ab\u00a0d&rsquo;ici la fin de l&rsquo;ann\u00e9e\u00a0\u00bb, selon lui.\n<\/p>\n<p>\n L&rsquo;an dernier, plus d&rsquo;<br \/>\n <strong><br \/>\n  1,1 million de s\u00e9niors travaillaient au-del\u00e0 de 67 ans<br \/>\n <\/strong><br \/>\n , sur une population active d&rsquo;environ 46 millions de personnes. Pour mettre davantage d&rsquo;a\u00een\u00e9s au travail, le gouvernement voudrait exon\u00e9rer d&rsquo;imp\u00f4t jusqu&rsquo;\u00e0 2.000 euros par mois les salaires per\u00e7us apr\u00e8s l&rsquo;\u00e2ge l\u00e9gal de d\u00e9part \u00e0 la retraite, qui sera port\u00e9 \u00e0 67 ans d&rsquo;ici 2031, contre 66 ans aujourd&rsquo;hui.\n<\/p>\n<p>\n \u00ab\u00a0Pour ceux qui en sont capables et qui le souhaitent \u00ab\u00a0, a pr\u00e9cis\u00e9 Friedrich Merz, \u00e0 l&rsquo;instar de Pete Maie. Le travail qu&rsquo;il convoite ne servirait pas qu&rsquo;\u00e0 arrondir ses 1.600 euros de pension mensuelle : \u00ab\u00a0Aujourd&rsquo;hui il me manque une mission, le sentiment d&rsquo;\u00eatre utile\u00a0\u00bb, confie ce dernier \u00e0 l&rsquo;<\/p>\n<p>  AFP<\/p>\n<p> .\n<\/p>\n<p>\n Comme lui, \u00ab\u00a0la plupart des personnes qui retrouvent un travail apr\u00e8s la retraite ne le font pas principalement pour des raisons financi\u00e8res\u00a0\u00bb, indique \u00e0 l&rsquo;<\/p>\n<p>  AFP<\/p>\n<p> Ruth Maria Sch\u00fcler, sp\u00e9cialiste de l&#8217;emploi des seniors \u00e0 l&rsquo;institut IW.\n<\/p>\n<p>\n Elle se dit donc \u00ab\u00a0sceptique\u00a0\u00bb sur l&rsquo;efficacit\u00e9 de la r\u00e9forme, qu&rsquo;elle qualifie de<br \/>\n <strong><br \/>\n  \u00ab\u00a0cadeau fiscal\u00a0\u00bb aux seniors ais\u00e9s et qui co\u00fbterait \u00e0 l&rsquo;\u00c9tat 2,8 milliards d\u2019euros par an.<br \/>\n <\/strong>\n<\/p>\n<p> Retraite \u00e0 70 ans ?<\/p>\n<p>\n D&rsquo;ici 2027, une commission ind\u00e9pendante doit proposer des r\u00e9formes structurelles pour p\u00e9renniser le syst\u00e8me des retraites. Cet \u00e9t\u00e9, la ministre conservatrice de l&rsquo;conomie Katherina Reiche a relanc\u00e9<br \/>\n <strong><br \/>\n  le d\u00e9bat en \u00e9voquant un \u00e2ge l\u00e9gal de d\u00e9part \u00e0 70 ans<br \/>\n <\/strong><br \/>\n , suscitant l&rsquo;ire des syndicats et des sociaux-d\u00e9mocrates.\n<\/p>\n<p>\n Il s&rsquo;agirait d'\u00a0\u00bbune r\u00e9duction pure et simple des pensions pour les personnes qui ne peuvent pas atteindre cet \u00e2ge\u00a0\u00bb, a critiqu\u00e9 B\u00e4rbel Bas, ministre du Travail et des affaires sociales. Certes efficace pour r\u00e9sorber les d\u00e9ficits, une telle r\u00e9forme pousserait les salari\u00e9s des m\u00e9tiers p\u00e9nibles, moins aptes \u00e0 se reconvertir apr\u00e8s 60 ans, vers le ch\u00f4mage, assure Johannes Geyer de l&rsquo;institut berlinois DIW.\n<\/p>\n<p>\n L&rsquo;\u00e9conomiste appelle donc le gouvernement \u00e0 \u00ab\u00a0inciter les entreprises \u00e0 adapter leurs postes aux personnes \u00e2g\u00e9es\u00a0\u00bb.\n<\/p>\n<p>\n <strong><br \/>\n  \u00ab\u00a0La plupart de nos entreprises clientes continuent \u00e0 discriminer les seniors\u00a0\u00bb<br \/>\n <\/strong><br \/>\n , t\u00e9moigne Tobias Bell, responsable de Unique Seniors qui affirme que cette tranche d&rsquo;\u00e2ge serait \u00ab\u00a0plus productive et moins absente\u00a0\u00bb.\n<\/p>\n<p>\n \u00c0 65 ans, Rainer Guntermann, retrait\u00e9 depuis deux ans, assemble des semi-conducteurs \u00e0 temps plein pr\u00e8s de Cologne. Face \u00e0 des jeunes coll\u00e8gues qu&rsquo;il juge \u00ab\u00a0paresseux\u00a0\u00bb, il assure avec fiert\u00e9 \u00eatre \u00ab\u00a0ponctuel, assidu et jamais malade\u00a0\u00bb.<\/p>\n","protected":false},"excerpt":{"rendered":"L&rsquo;an dernier, plus d&rsquo;1,1 million de s\u00e9niors travaillaient au-del\u00e0 de 67 ans en Allemagne, sur une population active&hellip;\n","protected":false},"author":2,"featured_media":365606,"comment_status":"","ping_status":"","sticky":false,"template":"","format":"standard","meta":{"footnotes":""},"categories":[1587],"tags":[400,11,672,398,408,1804,405,1805,1803,1777,674,1801,403,402,399,404,12,1802,401,406,407],"class_list":{"0":"post-365605","1":"post","2":"type-post","3":"status-publish","4":"format-standard","5":"has-post-thumbnail","7":"category-allemagne","8":"tag-action-cac-40","9":"tag-actualites","10":"tag-allemagne","11":"tag-bourse-de-paris","12":"tag-boursorama","13":"tag-bundesrepublik-deutschland","14":"tag-cotations","15":"tag-de","16":"tag-deutschland","17":"tag-eu","18":"tag-europe","19":"tag-germany","20":"tag-indices-devises","21":"tag-investir","22":"tag-investissement","23":"tag-marche-boursier","24":"tag-news","25":"tag-republique-federale-dallemagne","26":"tag-sicav","27":"tag-trackers","28":"tag-warrants"},"share_on_mastodon":{"url":"https:\/\/pubeurope.com\/@fr\/115145894052586990","error":""},"_links":{"self":[{"href":"https:\/\/www.europesays.com\/fr\/wp-json\/wp\/v2\/posts\/365605","targetHints":{"allow":["GET"]}}],"collection":[{"href":"https:\/\/www.europesays.com\/fr\/wp-json\/wp\/v2\/posts"}],"about":[{"href":"https:\/\/www.europesays.com\/fr\/wp-json\/wp\/v2\/types\/post"}],"author":[{"embeddable":true,"href":"https:\/\/www.europesays.com\/fr\/wp-json\/wp\/v2\/users\/2"}],"replies":[{"embeddable":true,"href":"https:\/\/www.europesays.com\/fr\/wp-json\/wp\/v2\/comments?post=365605"}],"version-history":[{"count":0,"href":"https:\/\/www.europesays.com\/fr\/wp-json\/wp\/v2\/posts\/365605\/revisions"}],"wp:featuredmedia":[{"embeddable":true,"href":"https:\/\/www.europesays.com\/fr\/wp-json\/wp\/v2\/media\/365606"}],"wp:attachment":[{"href":"https:\/\/www.europesays.com\/fr\/wp-json\/wp\/v2\/media?parent=365605"}],"wp:term":[{"taxonomy":"category","embeddable":true,"href":"https:\/\/www.europesays.com\/fr\/wp-json\/wp\/v2\/categories?post=365605"},{"taxonomy":"post_tag","embeddable":true,"href":"https:\/\/www.europesays.com\/fr\/wp-json\/wp\/v2\/tags?post=365605"}],"curies":[{"name":"wp","href":"https:\/\/api.w.org\/{rel}","templated":true}]}}