{"id":365609,"date":"2025-09-04T11:55:13","date_gmt":"2025-09-04T11:55:13","guid":{"rendered":"https:\/\/www.europesays.com\/fr\/365609\/"},"modified":"2025-09-04T11:55:13","modified_gmt":"2025-09-04T11:55:13","slug":"laccord-avec-le-mercosur-miroir-dune-double-perte-dinfluence","status":"publish","type":"post","link":"https:\/\/www.europesays.com\/fr\/365609\/","title":{"rendered":"L\u2019accord avec le Mercosur, miroir d\u2019une double perte d\u2019influence"},"content":{"rendered":"\n<p class=\"article__paragraph  \">Un quart de si\u00e8cle. C\u2019est le temps qu\u2019il a fallu au Mercosur, le march\u00e9 commun sud-am\u00e9ricain, et \u00e0 l\u2019Union europ\u00e9enne (UE) pour aboutir \u00e0 un accord commercial. Le texte d\u00e9finitif pr\u00e9sent\u00e9 mercredi 3\u00a0septembre par la Commission europ\u00e9enne, doit \u00eatre maintenant approuv\u00e9 par le Parlement europ\u00e9en et par une majorit\u00e9 qualifi\u00e9e des Etats membres. Mais, en vingt-cinq ans, le contexte a radicalement chang\u00e9, obligeant \u00e0 composer entre les espoirs initiaux et les contraintes qui se sont accumul\u00e9es.<\/p>\n<p class=\"article__paragraph  \">Rapports de force entre les blocs, \u00e9volution des alliances g\u00e9opolitiques, recul du libre-\u00e9change, d\u00e9clin de l\u2019Organisation mondiale du commerce, acc\u00e9l\u00e9ration du changement climatique, tensions au sein du monde agricole\u00a0: ces bouleversements ont in\u00e9vitablement conduit \u00e0 reformater ce qui est pr\u00e9sent\u00e9 comme le plus grand accord commercial jamais n\u00e9goci\u00e9 par l\u2019UE.<\/p>\n<p>                                            Lire aussi |  Article r\u00e9serv\u00e9 \u00e0 nos abonn\u00e9s  <a href=\"https:\/\/www.lemonde.fr\/economie\/article\/2025\/09\/03\/accord-ue-mercosur-bruxelles-avance-ses-pions-en-faisant-un-geste-a-l-egard-de-la-france_6638793_3234.html\" class=\"js-article-read-also catcher--favoris__link\" data-premium=\"1\" id=\"article-title-3436516\" rel=\"nofollow noopener\" target=\"_blank\">Accord UE-Mercosur\u00a0: Bruxelles avance ses pions, en faisant un geste \u00e0 l\u2019\u00e9gard de la France<\/a>    <\/p>\n<p>   Lire plus tard  <\/p>\n<p class=\"article__paragraph  \">Les pays du Mercosur comme les Vingt-Sept sont d\u00e9sormais vuln\u00e9rables aux caprices d\u2019un pr\u00e9sident des Etats-Unis capable d\u2019imposer des droits de douane \u00e0 ceux qui refusent de faire all\u00e9geance. Face \u00e0 cette nouvelle donne, les deux blocs sont pouss\u00e9s \u00e0 coop\u00e9rer. Il ne s\u2019agit plus seulement de d\u00e9velopper les \u00e9changes pour stimuler la croissance, mais de continuer \u00e0 exister dans un environnement de plus en plus hostile.<\/p>\n<p>                               <img loading=\"lazy\" decoding=\"async\" src=\"https:\/\/www.europesays.com\/fr\/wp-content\/uploads\/2025\/09\/5a75030_upload-1-pknl2tuvvud4-810410.jpg\" alt=\"Kaja Kallas, vice-pr\u00e9sidente de l\u2019UE et haute repr\u00e9sentante pour les affaires \u00e9trang\u00e8res et la politique de s\u00e9curit\u00e9, \u00e0 Bruxelles, le 3\u00a0septembre 2025. \"   width=\"664\" height=\"443\"\/>    Kaja Kallas, vice-pr\u00e9sidente de l\u2019UE et haute repr\u00e9sentante pour les affaires \u00e9trang\u00e8res et la politique de s\u00e9curit\u00e9, \u00e0 Bruxelles, le 3\u00a0septembre 2025.  NICOLAS TUCAT \/ AFP                          <\/p>\n<p class=\"article__paragraph  \">L\u2019enjeu pour l\u2019Europe consiste \u00e0 obtenir l\u2019exemption de droits de douane sur plus de 90\u00a0% de ses exportations vers le Mercosur, ouvrir les march\u00e9s publics \u00e0 ses entreprises et am\u00e9liorer son acc\u00e8s aux mati\u00e8res premi\u00e8res sud-am\u00e9ricaines. En contrepartie, l\u2019UE s\u2019engage \u00e0 importer davantage de produits agricoles (viande de b\u0153uf, volaille, riz, sucre, soja, \u00e9thanol), de fa\u00e7on encadr\u00e9e.<\/p>\n<p class=\"article__paragraph  \">Les partisans europ\u00e9ens du projet pr\u00e9sentent le trait\u00e9 comme un moyen de diversifier les d\u00e9bouch\u00e9s pour compenser les pertes commerciales engendr\u00e9es par les droits de douane inflig\u00e9s par Donald Trump. Il s\u2019agit \u00e9galement de ne pas laisser le champ libre \u00e0 la Chine sur une zone o\u00f9 elle a de grandes ambitions, et de contribuer \u00e0 r\u00e9duire notre d\u00e9pendance \u00e0 P\u00e9kin, notamment dans les minerais n\u00e9cessaires \u00e0 la transition \u00e9cologique.<\/p>\n<p class=\"article__paragraph  \">Si ces arguments sont globalement recevables sur le plan \u00e9conomique, ils ont aussi un prix que les agriculteurs europ\u00e9ens rechignent \u00e0 payer. Ils craignent d\u2019\u00eatre expos\u00e9s \u00e0 une concurrence d\u00e9loyale ne respectant pas les normes de l\u2019UE, Bruxelles n\u2019\u00e9tant pas capable de mettre en \u0153uvre les contr\u00f4les ad\u00e9quats pour s\u2019en assurer. Pour r\u00e9pondre aux inqui\u00e9tudes port\u00e9es notamment par la France, la Commission a accept\u00e9 de\u00a0renforcer les mesures de sauvegarde pour les \u00ab\u00a0produits europ\u00e9ens sensibles\u00a0\u00bb, et\u00a0s\u2019engage \u00e0 intervenir en cas d\u2019impact n\u00e9gatif des importations dans certaines fili\u00e8res.<\/p>\n<p>                                       Lire aussi |  Article r\u00e9serv\u00e9 \u00e0 nos abonn\u00e9s  <a href=\"https:\/\/www.lemonde.fr\/economie\/article\/2025\/09\/03\/l-accord-ue-mercosur-relance-la-mobilisation-des-syndicats-agricoles_6638796_3234.html\" class=\"js-article-read-also catcher--favoris__link\" data-premium=\"1\" id=\"article-title-3436530\" rel=\"nofollow noopener\" target=\"_blank\">L\u2019accord UE-Mercosur relance la mobilisation des syndicats agricoles<\/a>    <\/p>\n<p>   Lire plus tard  <\/p>\n<p class=\"article__paragraph  \">Ces concessions, m\u00eames tardives, sont les bienvenues. Rien n\u2019indique n\u00e9anmoins qu\u2019elles seront suffisantes pour d\u00e9samorcer la col\u00e8re agricole et surmonter les insatisfactions \u00e0 propos d\u2019un trait\u00e9 qui n\u2019est que le miroir d\u2019une double perte d\u2019influence. L\u2019UE n\u2019est plus en mesure d\u2019imposer sans conditions ses normes \u00e0 ses partenaires commerciaux et de leur dicter la fa\u00e7on dont ils doivent produire. Le d\u00e9litement de la relation transatlantique affaiblit durablement l\u2019Europe, qui doit trouver des alternatives au prix de compromis. Quant \u00e0 la France, elle est en train de prendre conscience que, entre son imp\u00e9ritie budg\u00e9taire et son instabilit\u00e9 politique, elle aura de plus en plus de difficult\u00e9s \u00e0 peser sur les choix europ\u00e9ens.<\/p>\n<p class=\"author__detail\"> Le Monde <\/p>\n","protected":false},"excerpt":{"rendered":"Un quart de si\u00e8cle. C\u2019est le temps qu\u2019il a fallu au Mercosur, le march\u00e9 commun sud-am\u00e9ricain, et \u00e0&hellip;\n","protected":false},"author":2,"featured_media":365610,"comment_status":"","ping_status":"","sticky":false,"template":"","format":"standard","meta":{"footnotes":""},"categories":[1586],"tags":[11,1777,674,1779,1011,27,12,25,1778,364],"class_list":{"0":"post-365609","1":"post","2":"type-post","3":"status-publish","4":"format-standard","5":"has-post-thumbnail","7":"category-europe","8":"tag-actualites","9":"tag-eu","10":"tag-europe","11":"tag-european-union","12":"tag-fr","13":"tag-france","14":"tag-news","15":"tag-republique-francaise","16":"tag-ue","17":"tag-union-europeenne"},"share_on_mastodon":{"url":"https:\/\/pubeurope.com\/@fr\/115145901596890468","error":""},"_links":{"self":[{"href":"https:\/\/www.europesays.com\/fr\/wp-json\/wp\/v2\/posts\/365609","targetHints":{"allow":["GET"]}}],"collection":[{"href":"https:\/\/www.europesays.com\/fr\/wp-json\/wp\/v2\/posts"}],"about":[{"href":"https:\/\/www.europesays.com\/fr\/wp-json\/wp\/v2\/types\/post"}],"author":[{"embeddable":true,"href":"https:\/\/www.europesays.com\/fr\/wp-json\/wp\/v2\/users\/2"}],"replies":[{"embeddable":true,"href":"https:\/\/www.europesays.com\/fr\/wp-json\/wp\/v2\/comments?post=365609"}],"version-history":[{"count":0,"href":"https:\/\/www.europesays.com\/fr\/wp-json\/wp\/v2\/posts\/365609\/revisions"}],"wp:featuredmedia":[{"embeddable":true,"href":"https:\/\/www.europesays.com\/fr\/wp-json\/wp\/v2\/media\/365610"}],"wp:attachment":[{"href":"https:\/\/www.europesays.com\/fr\/wp-json\/wp\/v2\/media?parent=365609"}],"wp:term":[{"taxonomy":"category","embeddable":true,"href":"https:\/\/www.europesays.com\/fr\/wp-json\/wp\/v2\/categories?post=365609"},{"taxonomy":"post_tag","embeddable":true,"href":"https:\/\/www.europesays.com\/fr\/wp-json\/wp\/v2\/tags?post=365609"}],"curies":[{"name":"wp","href":"https:\/\/api.w.org\/{rel}","templated":true}]}}