{"id":365615,"date":"2025-09-04T11:58:09","date_gmt":"2025-09-04T11:58:09","guid":{"rendered":"https:\/\/www.europesays.com\/fr\/365615\/"},"modified":"2025-09-04T11:58:09","modified_gmt":"2025-09-04T11:58:09","slug":"la-france-a-de-vrais-mecanismes-mais-ce-nest-pas-suffisant-selon-lambassadeur-disrael-en-france","status":"publish","type":"post","link":"https:\/\/www.europesays.com\/fr\/365615\/","title":{"rendered":"\u00ab\u00a0La France a de vrais m\u00e9canismes, mais ce n&rsquo;est pas suffisant \u00bb selon l\u2019ambassadeur d\u2019Isra\u00ebl en France"},"content":{"rendered":"<p><strong>Emmanuel Macron copr\u00e9sidera le 22\u00a0septembre, avec le prince saoudien, une conf\u00e9rence au si\u00e8ge de l\u2019Organisation des Nations unies (ONU), \u00e0 New York. A cette occasion, la France devrait formaliser sa reconnaissance de l\u2019Etat de Palestine, aux c\u00f4t\u00e9s de pays comme l\u2019Australie, la Belgique ou le Canada. Une initiative qu\u2019Isra\u00ebl conteste. Invit\u00e9 de la matinale, Joshua Zarka, ambassadeur d\u2019Isra\u00ebl en France, livre le point de vue de son pays.<\/strong><\/p>\n<p>\u00ab\u00a0Le boulot d\u2019un ambassadeur est de rendre les relations bilat\u00e9rales meilleures. La France est un pays qui m\u2019est cher, j\u2019y suis n\u00e9, et Isra\u00ebl est mon pays\u00a0\u00bb, explique Joshua Zarka. Les derniers \u00e9v\u00e9nements ont fragilis\u00e9 le lien entre Paris et Tel-Aviv et, en \u00e9cho au chef de la diplomatie isra\u00e9lienne, Gideon Saar, l\u2019ambassadeur consid\u00e8re que \u00ab\u00a0cette politique d\u00e9stabilise la r\u00e9gion au lieu de nous aider \u00e0 mettre fin \u00e0 cette guerre terrible\u00a0\u00bb. Derri\u00e8re cette critique, c\u2019est une inqui\u00e9tude strat\u00e9gique\u00a0: en reconnaissant la <a href=\"https:\/\/www.radioclassique.fr\/international\/etat-palestinien-reconnu-par-la-france-cest-une-vision-ancienne-du-monde-qui-pense-pouvoir-retablir-letat-palestinien-avec-une-simple-declaration\/\" rel=\"nofollow noopener\" target=\"_blank\">Palestine<\/a>, la France prend le risque, selon Isra\u00ebl, de renforcer indirectement le Hamas. Une \u00ab\u00a0erreur historique\u00a0\u00bb qui, selon lui, ne ferait que compliquer d\u2019\u00e9ventuelles n\u00e9gociations \u00e0 venir avec les Palestiniens.<\/p>\n<p>Joshua Zarka rappelle qu\u2019Isra\u00ebl a d\u00e9j\u00e0 propos\u00e9 \u00e0 plusieurs reprises la cr\u00e9ation d\u2019un Etat palestinien\u00a0: \u00ab\u00a0\u00e0 quatre occasions, 98 % des terres d\u00e9finies comme palestiniennes ont \u00e9t\u00e9 propos\u00e9es, avec des \u00e9changes de territoires, le partage de J\u00e9rusalem, le contr\u00f4le des fronti\u00e8res, une arm\u00e9e\u2026 On est donc pr\u00eat \u00e0 payer le prix pour la paix, on l\u2019a fait avec l\u2019Egypte, avec la Jordanie, et les accords d\u2019Oslo \u00bb. Il souligne qu\u2019avant l\u2019attaque du 7-octobre, la situation \u00e0 Gaza, bien que fragile, restait plus stable\u00a0: \u00ab\u00a0des dizaines de milliers de Palestiniens venaient travailler chaque jour en Isra\u00ebl\u2026 Cette guerre nous a \u00e9t\u00e9 impos\u00e9e par le <a href=\"https:\/\/www.radioclassique.fr\/international\/gaza-par-la-seule-voie-des-armes-il-nest-pas-possible-pour-israel-de-detruire-le-hamas-affirme-frederic-encel\/\" rel=\"nofollow noopener\" target=\"_blank\">Hamas<\/a>.\u00a0\u00bb<\/p>\n<p>Le 7-octobre, \u00ab\u00a0le plus important traumatisme\u00a0\u00bb pour Isra\u00ebl<\/p>\n<p>Depuis, cette date s\u2019est inscrite dans la m\u00e9moire collective comme une cicatrice\u00a0: \u00ab\u00a0le monde a compris que le 7-octobre a \u00e9t\u00e9 un \u00e9v\u00e9nement terrible, mais le monde occidental ne mesure pas l\u2019ampleur du traumatisme que cela repr\u00e9sente pour nous\u00a0\u00bb, souligne l\u2019ambassadeur. \u00ab\u00a0Dans l\u2019histoire du peuple juif, nous vivons de traumatisme en traumatisme. Le 7-octobre est le plus important que l\u2019Etat d\u2019Isra\u00ebl ait v\u00e9cu.\u00a0\u00bb<\/p>\n<p>Au-del\u00e0 du Proche-Orient, c\u2019est aussi \u00e0 l\u2019\u00e9chelle nationale que les tensions se manifestent. Joshua Zarka reconna\u00eet les efforts de la France contre l\u2019antis\u00e9mitisme\u00a0: \u00ab\u00a0c\u2019est un des seuls pays qui a des vrais m\u00e9canismes, des lois robustes, et qui les utilise pour combattre l\u2019antis\u00e9mitisme. [\u2026] Mais aujourd\u2019hui, ce n\u2019est pas suffisant face \u00e0 la quantit\u00e9 d\u2019actes antis\u00e9mites.\u00a0\u00bb Pour lui, l\u2019\u00e9ducation reste le meilleur rempart contre la haine. Mais il ajoute que les choix politiques fran\u00e7ais peuvent entra\u00eener des cons\u00e9quences n\u00e9fastes : une reconnaissance de l\u2019Etat palestinien, mal comprise par l\u2019opinion, pourrait attiser davantage les divisions.<\/p>\n<p style=\"color: #282828; text-align: left;\">A lire aussi<\/p>\n<p>\u00a0<\/p>\n<p>Malgr\u00e9 tout, l\u2019ambassadeur se veut rassurant\u00a0: \u00ab\u00a0ce que nous voulons, nous Isra\u00e9lien, est simple\u00a0: vivre en paix avec nos voisins palestiniens.\u00a0\u00bb Et quand on lui demande si la France demeure un alli\u00e9 d\u2019Isra\u00ebl, il r\u00e9pond sans h\u00e9siter \u00ab\u00a0bien s\u00fbr.\u00a0\u00bb<\/p>\n<p><strong>Daphn\u00e9e Cataldo<\/strong><\/p>\n<p>\u00a0<\/p>\n<\/p>\n<p style=\"color: white; text-align: left;\"><strong>Retrouvez les articles li\u00e9s \u00e0 l\u2019actualit\u00e9 internationale<\/strong><\/p>\n","protected":false},"excerpt":{"rendered":"Emmanuel Macron copr\u00e9sidera le 22\u00a0septembre, avec le prince saoudien, une conf\u00e9rence au si\u00e8ge de l\u2019Organisation des Nations unies&hellip;\n","protected":false},"author":2,"featured_media":365616,"comment_status":"","ping_status":"","sticky":false,"template":"","format":"standard","meta":{"footnotes":""},"categories":[4],"tags":[11,1011,27,12,25],"class_list":{"0":"post-365615","1":"post","2":"type-post","3":"status-publish","4":"format-standard","5":"has-post-thumbnail","7":"category-france","8":"tag-actualites","9":"tag-fr","10":"tag-france","11":"tag-news","12":"tag-republique-francaise"},"share_on_mastodon":{"url":"https:\/\/pubeurope.com\/@fr\/115145913319436347","error":""},"_links":{"self":[{"href":"https:\/\/www.europesays.com\/fr\/wp-json\/wp\/v2\/posts\/365615","targetHints":{"allow":["GET"]}}],"collection":[{"href":"https:\/\/www.europesays.com\/fr\/wp-json\/wp\/v2\/posts"}],"about":[{"href":"https:\/\/www.europesays.com\/fr\/wp-json\/wp\/v2\/types\/post"}],"author":[{"embeddable":true,"href":"https:\/\/www.europesays.com\/fr\/wp-json\/wp\/v2\/users\/2"}],"replies":[{"embeddable":true,"href":"https:\/\/www.europesays.com\/fr\/wp-json\/wp\/v2\/comments?post=365615"}],"version-history":[{"count":0,"href":"https:\/\/www.europesays.com\/fr\/wp-json\/wp\/v2\/posts\/365615\/revisions"}],"wp:featuredmedia":[{"embeddable":true,"href":"https:\/\/www.europesays.com\/fr\/wp-json\/wp\/v2\/media\/365616"}],"wp:attachment":[{"href":"https:\/\/www.europesays.com\/fr\/wp-json\/wp\/v2\/media?parent=365615"}],"wp:term":[{"taxonomy":"category","embeddable":true,"href":"https:\/\/www.europesays.com\/fr\/wp-json\/wp\/v2\/categories?post=365615"},{"taxonomy":"post_tag","embeddable":true,"href":"https:\/\/www.europesays.com\/fr\/wp-json\/wp\/v2\/tags?post=365615"}],"curies":[{"name":"wp","href":"https:\/\/api.w.org\/{rel}","templated":true}]}}