{"id":365617,"date":"2025-09-04T12:01:10","date_gmt":"2025-09-04T12:01:10","guid":{"rendered":"https:\/\/www.europesays.com\/fr\/365617\/"},"modified":"2025-09-04T12:01:10","modified_gmt":"2025-09-04T12:01:10","slug":"transferts-lancien-lyonnais-tomas-lavanini-sengage-avec-les-highlanders","status":"publish","type":"post","link":"https:\/\/www.europesays.com\/fr\/365617\/","title":{"rendered":"Transferts &#8211; L&rsquo;ancien Lyonnais Tom\u00e0s Lavanini s&rsquo;engage avec les Highlanders"},"content":{"rendered":"<p>\n                Le deuxi\u00e8me ligne\u00a0Tom\u00e0s Lavanini s&rsquo;est engag\u00e9 avec les Otago Highlanders, a annonc\u00e9 la franchise n\u00e9o-z\u00e9landaise. L&rsquo;Argentin \u00e9voluait jusqu&rsquo;alors en Top 14.\n            <\/p>\n<p>Tom\u00e0s Lavanini n&rsquo;a pas mis longtemps pour retrouver un club. Habitu\u00e9 au Top 14, celui qui a \u00e9volu\u00e9 avec Clermont \u00e9tait r\u00e9cemment un joueur de Lyon. Mais c&rsquo;est apr\u00e8s\u00a0onze matchs seulement sous les couleurs lyonnaises que l&rsquo;Argentin a quitt\u00e9 le club. En ao\u00fbt, le Lou d\u00e9clarait : \u00ab\u00a0Fin de collaboration entre le LOU et Tom\u00e1s Lavanini. Le LOU et l\u2019international argentin ont d\u00e9cid\u00e9, d\u2019un commun accord, de mettre fin \u00e0 leur collaboration.\u00a0Le club remercie Tom\u00e1s et lui souhaite le meilleur pour la suite de sa carri\u00e8re\u00a0\u00bb.<\/p>\n<p>Signature chez les Highlanders<\/p>\n<p>Pas au niveau escompt\u00e9 chez les Rouge et Noir, le deuxi\u00e8me ligne a trouv\u00e9 un point de chute en Nouvelle-Z\u00e9lande.\u00a0Ce jeudi, c&rsquo;est la franchise des Highlanders qui a annonc\u00e9 la signature de l&rsquo;international argentin aux 91 s\u00e9lections. Le colosse s&rsquo;est engag\u00e9 pour la saison 2026.\u00a0<\/p>\n","protected":false},"excerpt":{"rendered":"Le deuxi\u00e8me ligne\u00a0Tom\u00e0s Lavanini s&rsquo;est engag\u00e9 avec les Otago Highlanders, a annonc\u00e9 la franchise n\u00e9o-z\u00e9landaise. L&rsquo;Argentin \u00e9voluait jusqu&rsquo;alors&hellip;\n","protected":false},"author":2,"featured_media":365618,"comment_status":"","ping_status":"","sticky":false,"template":"","format":"standard","meta":{"footnotes":""},"categories":[1416],"tags":[1011,27,479,1468,60],"class_list":{"0":"post-365617","1":"post","2":"type-post","3":"status-publish","4":"format-standard","5":"has-post-thumbnail","7":"category-rugby","8":"tag-fr","9":"tag-france","10":"tag-rugby","11":"tag-rugby-football","12":"tag-sports"},"share_on_mastodon":{"url":"https:\/\/pubeurope.com\/@fr\/115145925653850147","error":""},"_links":{"self":[{"href":"https:\/\/www.europesays.com\/fr\/wp-json\/wp\/v2\/posts\/365617","targetHints":{"allow":["GET"]}}],"collection":[{"href":"https:\/\/www.europesays.com\/fr\/wp-json\/wp\/v2\/posts"}],"about":[{"href":"https:\/\/www.europesays.com\/fr\/wp-json\/wp\/v2\/types\/post"}],"author":[{"embeddable":true,"href":"https:\/\/www.europesays.com\/fr\/wp-json\/wp\/v2\/users\/2"}],"replies":[{"embeddable":true,"href":"https:\/\/www.europesays.com\/fr\/wp-json\/wp\/v2\/comments?post=365617"}],"version-history":[{"count":0,"href":"https:\/\/www.europesays.com\/fr\/wp-json\/wp\/v2\/posts\/365617\/revisions"}],"wp:featuredmedia":[{"embeddable":true,"href":"https:\/\/www.europesays.com\/fr\/wp-json\/wp\/v2\/media\/365618"}],"wp:attachment":[{"href":"https:\/\/www.europesays.com\/fr\/wp-json\/wp\/v2\/media?parent=365617"}],"wp:term":[{"taxonomy":"category","embeddable":true,"href":"https:\/\/www.europesays.com\/fr\/wp-json\/wp\/v2\/categories?post=365617"},{"taxonomy":"post_tag","embeddable":true,"href":"https:\/\/www.europesays.com\/fr\/wp-json\/wp\/v2\/tags?post=365617"}],"curies":[{"name":"wp","href":"https:\/\/api.w.org\/{rel}","templated":true}]}}