{"id":365619,"date":"2025-09-04T12:02:10","date_gmt":"2025-09-04T12:02:10","guid":{"rendered":"https:\/\/www.europesays.com\/fr\/365619\/"},"modified":"2025-09-04T12:02:10","modified_gmt":"2025-09-04T12:02:10","slug":"la-prodige-francaise-efremova-fait-forte-impression","status":"publish","type":"post","link":"https:\/\/www.europesays.com\/fr\/365619\/","title":{"rendered":"La prodige fran\u00e7aise Efremova fait forte impression"},"content":{"rendered":"<p class=\"date\">\n                                                            Paul Rouget, Media365 : publi\u00e9 le jeudi 04 septembre 2025 \u00e0 12h15\n                                                    <\/p>\n<p>Pour la deuxi\u00e8me fois de sa carri\u00e8re, Ksenia Efremova (16 ans) s&rsquo;est qualifi\u00e9e pour les quarts de finale d&rsquo;un Grand Chelem juniors. Elle est la derni\u00e8re Fran\u00e7aise en course \u00e0 New York.<\/p>\n<p>\u00ab\u202fJe suis ici pour gagner, pas juste pour participer.\u202f\u00bb Ksenia Efremova n&rsquo;est pas du genre \u00e0 se cacher, ni \u00e0 taire ses ambitions. <a href=\"https:\/\/sports.orange.fr\/tennis\/roland-garros\/les-bleus\/article\/roland-garros-efremova-16-ans-invitee-et-super-contente-exclu-CNT000002iJysl.html\" rel=\"nofollow noopener\" target=\"_blank\">La prodige de 16 ans, n\u00e9e \u00e0 Moscou et naturalis\u00e9e fran\u00e7aise en 2023<\/a>, a r\u00e9ussi une belle performance mercredi \u00e0 New York, en se hissant pour la deuxi\u00e8me fois de sa carri\u00e8re en quarts de finale d&rsquo;un tournoi juniors du Grand Chelem, apr\u00e8s avoir d\u00e9j\u00e0 atteint ce stade de la comp\u00e9tition en Majeur lors de l&rsquo;Open d&rsquo;Australie 2024.<\/p>\n<p>\u00ab\u202fJ&rsquo;aime ces grands tournois, c&rsquo;est l\u00e0 qu&rsquo;on voit o\u00f9 on en est\u00a0\u00bb, a encore d\u00e9clar\u00e9 \u00e0 Eurosport celle qui a impressionn\u00e9 en \u00e9cartant de mani\u00e8re exp\u00e9ditive Sun Xinran (6-2, 6-0 en 58 minutes). Une revanche face \u00e0 une joueuse chinoise qui l&rsquo;avait domin\u00e9e le mois dernier \u00e0 College Park (Maryland), au troisi\u00e8me tour (7-5, 6-3), mais en indoor.<\/p>\n<p>Elle veut \u00ab\u00a0devenir une l\u00e9gende\u00a0\u00bb<\/p>\n<p>Et si <a href=\"https:\/\/sports.orange.fr\/tennis\/roland-garros\/les-bleus\/article\/roland-garros-quel-bilan-pour-les-francais-es-exclu-CNT000002j5o2o.html\" rel=\"nofollow noopener\" target=\"_blank\">elle avait d\u00e9\u00e7u \u00e0 Roland-Garros<\/a>, la native de Moscou encha\u00eene les prestations convaincantes \u00e0 Flushing Meadows, avec syst\u00e9matiquement des scores secs, puisqu&rsquo;elle a d&rsquo;abord domin\u00e9 la Tch\u00e8que Alena Kovackova (6-3, 6-1), puis l&rsquo;Am\u00e9ricaine Janae Preston.<\/p>\n<p>Derni\u00e8re Tricolore encore en course \u00e0 l&rsquo;US Open apr\u00e8s <a href=\"https:\/\/sports.orange.fr\/tennis\/us-open\/article\/us-open-h-doumbia-reboul-c-est-termine-exclu-CNT000002ktNdZ.html\" rel=\"nofollow noopener\" target=\"_blank\">l&rsquo;\u00e9limination de la paire Doumbia-Reboul en double<\/a>, celle qui veut \u00ab\u00a0devenir une l\u00e9gende\u00a0\u00bb, et a r\u00e9cemment quitt\u00e9 Jean-Ren\u00e9 Lisnard pour \u00eatre entra\u00een\u00e9e par le Slovaque Vladimir Platenik, va affronter jeudi, pour une place dans le dernier carr\u00e9, la Belge Jeline Vandromme, t\u00eate de s\u00e9rie num\u00e9ro 14 et qui, comme Efremova, joue \u00e9galement chez les \u00ab\u00a0grands\u00a0\u00bb. Quart-de-finaliste \u00e0 l&rsquo;Open d&rsquo;Australie, elle a ensuite \u00e9t\u00e9 \u00e9limin\u00e9e d&rsquo;entr\u00e9e \u00e0 Paris puis \u00e0 Wimbledon.<\/p>\n<p>\u00ab\u00a0Avant, je ne vais pas dire que j&rsquo;avais des probl\u00e8mes, mais je ne passais qu&rsquo;un tour&#8230; L\u00e0, je suis contente d&rsquo;encha\u00eener les matchs et de gagner \u00bb, a-t-elle confi\u00e9 Efremova, rapporte L&rsquo;Equipe.<\/p>\n","protected":false},"excerpt":{"rendered":"Paul Rouget, Media365 : publi\u00e9 le jeudi 04 septembre 2025 \u00e0 12h15 Pour la deuxi\u00e8me fois de sa&hellip;\n","protected":false},"author":2,"featured_media":365620,"comment_status":"","ping_status":"","sticky":false,"template":"","format":"standard","meta":{"footnotes":""},"categories":[1415],"tags":[1011,27,60,1467],"class_list":{"0":"post-365619","1":"post","2":"type-post","3":"status-publish","4":"format-standard","5":"has-post-thumbnail","7":"category-tennis","8":"tag-fr","9":"tag-france","10":"tag-sports","11":"tag-tennis"},"share_on_mastodon":{"url":"https:\/\/pubeurope.com\/@fr\/115145929023510951","error":""},"_links":{"self":[{"href":"https:\/\/www.europesays.com\/fr\/wp-json\/wp\/v2\/posts\/365619","targetHints":{"allow":["GET"]}}],"collection":[{"href":"https:\/\/www.europesays.com\/fr\/wp-json\/wp\/v2\/posts"}],"about":[{"href":"https:\/\/www.europesays.com\/fr\/wp-json\/wp\/v2\/types\/post"}],"author":[{"embeddable":true,"href":"https:\/\/www.europesays.com\/fr\/wp-json\/wp\/v2\/users\/2"}],"replies":[{"embeddable":true,"href":"https:\/\/www.europesays.com\/fr\/wp-json\/wp\/v2\/comments?post=365619"}],"version-history":[{"count":0,"href":"https:\/\/www.europesays.com\/fr\/wp-json\/wp\/v2\/posts\/365619\/revisions"}],"wp:featuredmedia":[{"embeddable":true,"href":"https:\/\/www.europesays.com\/fr\/wp-json\/wp\/v2\/media\/365620"}],"wp:attachment":[{"href":"https:\/\/www.europesays.com\/fr\/wp-json\/wp\/v2\/media?parent=365619"}],"wp:term":[{"taxonomy":"category","embeddable":true,"href":"https:\/\/www.europesays.com\/fr\/wp-json\/wp\/v2\/categories?post=365619"},{"taxonomy":"post_tag","embeddable":true,"href":"https:\/\/www.europesays.com\/fr\/wp-json\/wp\/v2\/tags?post=365619"}],"curies":[{"name":"wp","href":"https:\/\/api.w.org\/{rel}","templated":true}]}}