{"id":365621,"date":"2025-09-04T12:04:10","date_gmt":"2025-09-04T12:04:10","guid":{"rendered":"https:\/\/www.europesays.com\/fr\/365621\/"},"modified":"2025-09-04T12:04:10","modified_gmt":"2025-09-04T12:04:10","slug":"sur-quelle-chaine-et-a-quelle-heure-suivre-le-week-end-de-motogp-a-barcelone","status":"publish","type":"post","link":"https:\/\/www.europesays.com\/fr\/365621\/","title":{"rendered":"Sur quelle cha\u00eene et \u00e0 quelle heure suivre le week-end de MotoGP \u00e0 Barcelone ?"},"content":{"rendered":"<p>Ce week-end, direction Montmelo, pr\u00e8s de Barcelone, pour vivre le <a href=\"https:\/\/www.20minutes.fr\/sport\/moto-gp\/\" class=\"c-link c-link--is-underlined\" target=\"_blank\" rel=\"noopener\">Moto GP<\/a> de <a href=\"https:\/\/www.20minutes.fr\/monde\/catalogne\/\" class=\"c-link c-link--is-underlined\" target=\"_blank\" rel=\"noopener\">Catalogne<\/a>. Du 5 au 7 septembre, sur le mythique circuit de Barcelone-Catalunya, les pilotes s&rsquo;appr\u00eatent \u00e0 vivre l&rsquo;un des week-end les plus embl\u00e9matiques de la saison. Pour ce 15e Grand Prix de la saison, Marc Marquez (Ducati) fera-t-il un pas de plus vers le titre de champion du monde ? Les conditions de course devraient \u00eatre optimales.<\/p>\n<p class=\"mb-xxl@xs color-ultramarine font-weight-semi-bold@xs font-source-serif-pro heading-s@xs\">L\u2019acc\u00e8s \u00e0 ce contenu a \u00e9t\u00e9 bloqu\u00e9 afin de respecter votre choix de consentement<\/p>\n<p class=\"mb-m@xs text-l@xs\">En cliquant sur\u00ab J\u2019accepte \u00bb, vous acceptez le d\u00e9p\u00f4t de cookies par des services externes et aurez ainsi acc\u00e8s aux contenus de nos partenaires.<\/p>\n<p class=\"mb-xl@xs text-s@xs\">Plus d\u2019informations sur la page<a href=\"https:\/\/www.20minutes.fr\/gestion-cookies\" class=\"mx-xxs@xs color-ultramarine\" target=\"_blank\" rel=\"noopener\">Politique de gestion des cookies<\/a><\/p>\n<p>J\u2019accepte\u00c0 quelle heure et sur quelle cha\u00eene suivre le week-end du MotoGP de Catalogne<\/p>\n<p>Les sessions du Grand Prix de Catalogne 2025 seront retransmises en direct sur Canal+ Sport 360. Les essais, les qualifications et le sprint seront diffus\u00e9s en clair ou sur Canal+ Sport pour les abonn\u00e9s. Pour ce qui est des courses Moto3, Moto2 et MotoGP dimanche, il faudra \u00eatre abonn\u00e9 \u00e0 Canal + 360.<\/p>\n<p>Le programme du week-end de MotoGP de Catalogne 2025Vendredi 5 septembre\t<\/p>\n<ul>\n<li>Essais Libres 1 : 10h45 &#8211; 11h30<\/li>\n<li>Essais : 15h00 &#8211; 16h00<\/li>\n<\/ul>\n<p>Samedi 6 septembre\t<\/p>\n<ul>\n<li>Essais Libres 2 10h10 &#8211; 10h40<\/li>\n<li>Qualifications\t10h50 &#8211; 11h30<\/li>\n<li>Course sprint\t15h00\t <\/li>\n<\/ul>\n<p>Dimanche 7 septembre\t<\/p>\n<ul>\n<li>Warm-up\t9h40 &#8211; 9h50<\/li>\n<li>Course\t14h00<\/li>\n<\/ul>\n<p>Au vu de son manque d&rsquo;adh\u00e9rence, le circuit de <a href=\"https:\/\/www.20minutes.fr\/dossier\/barcelone\" class=\"c-link c-link--is-underlined\" target=\"_blank\" rel=\"noopener\">Barcelone<\/a>-Catalunya peut r\u00e9server bien des surprises. Surtout lorsque l&rsquo;on sait que Marc Marquez, grand favori pour le titre de champion du monde, le craint. Les deux derni\u00e8res victoires \u00e0 Montmelo sont revenues \u00e0 P. Bagnaia.<\/p>\n<p><\/p>\n","protected":false},"excerpt":{"rendered":"Ce week-end, direction Montmelo, pr\u00e8s de Barcelone, pour vivre le Moto GP de Catalogne. Du 5 au 7&hellip;\n","protected":false},"author":2,"featured_media":365622,"comment_status":"","ping_status":"","sticky":false,"template":"","format":"standard","meta":{"footnotes":""},"categories":[1413],"tags":[1976,1680,1011,27,1741,1457,6033,1456,517,60],"class_list":{"0":"post-365621","1":"post","2":"type-post","3":"status-publish","4":"format-standard","5":"has-post-thumbnail","7":"category-moto","8":"tag-auto-moto","9":"tag-fabio-quartararo","10":"tag-fr","11":"tag-france","12":"tag-johann-zarco","13":"tag-moto","14":"tag-moto-gp","15":"tag-motocycle","16":"tag-sport","17":"tag-sports"},"share_on_mastodon":{"url":"https:\/\/pubeurope.com\/@fr\/115145937112262339","error":""},"_links":{"self":[{"href":"https:\/\/www.europesays.com\/fr\/wp-json\/wp\/v2\/posts\/365621","targetHints":{"allow":["GET"]}}],"collection":[{"href":"https:\/\/www.europesays.com\/fr\/wp-json\/wp\/v2\/posts"}],"about":[{"href":"https:\/\/www.europesays.com\/fr\/wp-json\/wp\/v2\/types\/post"}],"author":[{"embeddable":true,"href":"https:\/\/www.europesays.com\/fr\/wp-json\/wp\/v2\/users\/2"}],"replies":[{"embeddable":true,"href":"https:\/\/www.europesays.com\/fr\/wp-json\/wp\/v2\/comments?post=365621"}],"version-history":[{"count":0,"href":"https:\/\/www.europesays.com\/fr\/wp-json\/wp\/v2\/posts\/365621\/revisions"}],"wp:featuredmedia":[{"embeddable":true,"href":"https:\/\/www.europesays.com\/fr\/wp-json\/wp\/v2\/media\/365622"}],"wp:attachment":[{"href":"https:\/\/www.europesays.com\/fr\/wp-json\/wp\/v2\/media?parent=365621"}],"wp:term":[{"taxonomy":"category","embeddable":true,"href":"https:\/\/www.europesays.com\/fr\/wp-json\/wp\/v2\/categories?post=365621"},{"taxonomy":"post_tag","embeddable":true,"href":"https:\/\/www.europesays.com\/fr\/wp-json\/wp\/v2\/tags?post=365621"}],"curies":[{"name":"wp","href":"https:\/\/api.w.org\/{rel}","templated":true}]}}