{"id":365627,"date":"2025-09-04T12:07:10","date_gmt":"2025-09-04T12:07:10","guid":{"rendered":"https:\/\/www.europesays.com\/fr\/365627\/"},"modified":"2025-09-04T12:07:10","modified_gmt":"2025-09-04T12:07:10","slug":"trent-alexander-arnold-regle-ses-comptes","status":"publish","type":"post","link":"https:\/\/www.europesays.com\/fr\/365627\/","title":{"rendered":"Trent Alexander-Arnold r\u00e8gle ses comptes"},"content":{"rendered":"<p>Trent Alexander-Arnold ne se laisse pas<br \/>\nperturber par les premi\u00e8res critiques qui lui sont adress\u00e9es depuis<br \/>\nson arriv\u00e9e au Real Madrid en juin.<\/p>\n<p>L\u2019international anglais a os\u00e9 renoncer \u00e0 un renouvellement de<br \/>\ncontrat avec son club d\u2019enfance, Liverpool, pour entamer un nouveau<br \/>\nchapitre \u00e0 Madrid.<\/p>\n<p>Alors qu\u2019il semblait en bonne voie pour un transfert gratuit<br \/>\nchez les Merengues, son contrat avec Liverpool expirant en juin,<br \/>\nles champions de Premier League ont finalement obtenu une indemnit\u00e9<br \/>\nde transfert de 10 millions de livres sterling.<\/p>\n<p>L\u2019empressement du Real Madrid \u00e0 vouloir que Trent soit<br \/>\ndisponible pour la Coupe du Monde des Clubs de la FIFA a \u00e9t\u00e9<br \/>\nexploit\u00e9 par Liverpool et a provoqu\u00e9 des frictions lors de ses<br \/>\nd\u00e9buts dans la capitale espagnole.<\/p>\n<p>Une solide performance aux \u00c9tats-Unis a \u00e9t\u00e9 suivie d\u2019un d\u00e9but<br \/>\nmitig\u00e9 en Liga, Dani Carvajal le poursuivant pour une place de<br \/>\ntitulaire.<\/p>\n<p>Cela a suscit\u00e9 des critiques n\u00e9gatives concernant sa performance<br \/>\ndans l\u2019\u00e9quipe de Xabi Alonso, Thomas Tuchel l\u2019ayant \u00e9galement<br \/>\n\u00e9cart\u00e9 pour l\u2019\u00e9quipe d\u2019Angleterre ce mois-ci.<\/p>\n<p><a href=\"https:\/\/www.football365.fr\/wp-content\/uploads\/se\/2025\/06\/ICONSPORT_263165_0009-1.jpg\" rel=\"nofollow noopener\" target=\"_blank\"><br \/>\n<img loading=\"lazy\" decoding=\"async\" aria-describedby=\"caption-attachment-10244236\" class=\"wp-image-10244236 size-full\" src=\"https:\/\/www.europesays.com\/fr\/wp-content\/uploads\/2025\/09\/ICONSPORT_263165_0009-1.jpg\" alt=\"\" width=\"1280\" height=\"670\"  \/><br \/>\n<\/a><\/p>\n<p id=\"caption-attachment-10244236\" class=\"wp-caption-text\">Trent<br \/>\nexplique sa d\u00e9cision de quitter Liverpool<\/p>\n<p>Malgr\u00e9 sa bataille contre Carvajal et la pression croissante \u00e0<br \/>\nMadrid, Trent reste serein et insiste sur le fait que quitter<br \/>\nLiverpool \u00e9tait la bonne d\u00e9cision.<\/p>\n<p>Trent Alexander-Arnold explique tout<\/p>\n<p>\u00ab\u00a0Ce fut l\u2019une des d\u00e9cisions les plus difficiles de ma<br \/>\nvie. Liverpool est ma maison\u00a0; c\u2019est l\u00e0 que je suis devenu.<br \/>\nMais Madrid semblait \u00eatre la bonne d\u00e9cision, au bon<br \/>\nmoment\u00a0\u00bb, a-t-il d\u00e9clar\u00e9 lors d\u2019une interview avec GQ<br \/>\nEspagne.<\/p>\n<p>\u00ab\u00a0C\u2019\u00e9tait de l\u2019ambition et une envie personnelle de<br \/>\nchangement. Me mettre au d\u00e9fi dans un nouvel environnement. Bien<br \/>\ns\u00fbr, l\u2019h\u00e9ritage du Real Madrid est ind\u00e9niable. Mais plus que cela,<br \/>\nce qui m\u2019a attir\u00e9, c\u2019\u00e9tait mon ambition et le d\u00e9sir de me tester<br \/>\ndans un nouvel environnement.<\/p>\n<p>\u00ab\u00a0C\u2019est un d\u00e9fi, mais je le rel\u00e8ve. Jouer au Bernab\u00e9u<br \/>\nest sacr\u00e9. On sent le poids du maillot, mais c\u2019est ce qui vous<br \/>\npousse \u00e0 tout donner.\u00bb<\/p>\n<p>Trent, absent pour l\u2019Angleterre ces prochaines semaines, devrait<br \/>\nfaire son retour pour le d\u00e9placement du Real Madrid en Liga contre<br \/>\nla Real Sociedad le 13\u00a0septembre.<\/p>\n<p>EN BREF<\/p>\n<ul class=\"bloc_resume_post_list\">\n<li>Trent Alexander-Arnold a quitt\u00e9 Liverpool pour rejoindre le<br \/>\nReal Madrid, son contrat avec Liverpool expirant en juin.<\/li>\n<li>Liverpool a obtenu 10 millions de livres sterling de transfert,<br \/>\nle Real Madrid souhaitant Trent pour la Coupe du Monde des Clubs de<br \/>\nla FIFA.<\/li>\n<li>Malgr\u00e9 des d\u00e9buts difficiles en Liga, Trent reste confiant dans<br \/>\nsa d\u00e9cision de rejoindre Madrid pour relever de nouveaux<br \/>\nd\u00e9fis.<\/li>\n<\/ul>\n","protected":false},"excerpt":{"rendered":"Trent Alexander-Arnold ne se laisse pas perturber par les premi\u00e8res critiques qui lui sont adress\u00e9es depuis son arriv\u00e9e&hellip;\n","protected":false},"author":2,"featured_media":365628,"comment_status":"","ping_status":"","sticky":false,"template":"","format":"standard","meta":{"footnotes":""},"categories":[1410],"tags":[63,1011,27,60],"class_list":{"0":"post-365627","1":"post","2":"type-post","3":"status-publish","4":"format-standard","5":"has-post-thumbnail","7":"category-football","8":"tag-football","9":"tag-fr","10":"tag-france","11":"tag-sports"},"share_on_mastodon":{"url":"https:\/\/pubeurope.com\/@fr\/115145949204992619","error":""},"_links":{"self":[{"href":"https:\/\/www.europesays.com\/fr\/wp-json\/wp\/v2\/posts\/365627","targetHints":{"allow":["GET"]}}],"collection":[{"href":"https:\/\/www.europesays.com\/fr\/wp-json\/wp\/v2\/posts"}],"about":[{"href":"https:\/\/www.europesays.com\/fr\/wp-json\/wp\/v2\/types\/post"}],"author":[{"embeddable":true,"href":"https:\/\/www.europesays.com\/fr\/wp-json\/wp\/v2\/users\/2"}],"replies":[{"embeddable":true,"href":"https:\/\/www.europesays.com\/fr\/wp-json\/wp\/v2\/comments?post=365627"}],"version-history":[{"count":0,"href":"https:\/\/www.europesays.com\/fr\/wp-json\/wp\/v2\/posts\/365627\/revisions"}],"wp:featuredmedia":[{"embeddable":true,"href":"https:\/\/www.europesays.com\/fr\/wp-json\/wp\/v2\/media\/365628"}],"wp:attachment":[{"href":"https:\/\/www.europesays.com\/fr\/wp-json\/wp\/v2\/media?parent=365627"}],"wp:term":[{"taxonomy":"category","embeddable":true,"href":"https:\/\/www.europesays.com\/fr\/wp-json\/wp\/v2\/categories?post=365627"},{"taxonomy":"post_tag","embeddable":true,"href":"https:\/\/www.europesays.com\/fr\/wp-json\/wp\/v2\/tags?post=365627"}],"curies":[{"name":"wp","href":"https:\/\/api.w.org\/{rel}","templated":true}]}}