{"id":365629,"date":"2025-09-04T12:08:10","date_gmt":"2025-09-04T12:08:10","guid":{"rendered":"https:\/\/www.europesays.com\/fr\/365629\/"},"modified":"2025-09-04T12:08:10","modified_gmt":"2025-09-04T12:08:10","slug":"a-venise-les-larmes-de-valeria-bruni-tedeschi-au-bras-de-sa-maman-marisa","status":"publish","type":"post","link":"https:\/\/www.europesays.com\/fr\/365629\/","title":{"rendered":"\u00c0 Venise, les larmes de Valeria Bruni-Tedeschi au bras de sa maman Marisa"},"content":{"rendered":"<p>Les photographes du Palazzo del Cinema ont vu double ce mercredi 3\u00a0septembre, lorsque <a href=\"https:\/\/www.parismatch.com\/bio\/valeria-bruni-tedeschi\" target=\"_blank\" rel=\"nofollow noopener\">Valeria Bruni-Tedeschi<\/a> et sa maman, Marisa Borini, ont pris place sur le tapis rouge de cette 82e \u00e9dition de la <a href=\"https:\/\/www.parismatch.com\/dossiers\/mostra-de-venise\" target=\"_blank\" rel=\"nofollow noopener\">Mostra de Venise<\/a>. L\u2019identique regard bleut\u00e9 vers l\u2019horizon, le m\u00eame sourire empli d\u2019\u00e9motion et <a href=\"https:\/\/www.parismatch.com\/culture\/cinema\/valeria-bruni-tedeschi-le-sens-de-la-famille-247414\" target=\"_blank\" rel=\"nofollow noopener\">l\u2019\u00e9l\u00e9gance caract\u00e9ristique de la famille<\/a>, le duo m\u00e8re-fille a \u00e9mu Venise.<\/p>\n<p>Venue pr\u00e9senter le film \u00ab\u00a0Duse\u00a0\u00bb r\u00e9alis\u00e9 par Pietro Marcello, Valeria a convi\u00e9 sa maman de 95\u00a0ans \u00e0 la projection. \u00c0 son bras, l\u2019actrice n\u2019a pas pu retenir ses larmes de joie, boulevers\u00e9e par ce pr\u00e9cieux instant de partage. V\u00eatue d\u2019une longue robe rose poudr\u00e9 \u00e0 bretelles fines sign\u00e9e Armani, <a href=\"https:\/\/www.parismatch.com\/bio\/carla-bruni-sarkozy\" target=\"_blank\" rel=\"nofollow noopener\">la s\u0153ur a\u00een\u00e9e de Carla Bruni<\/a> avait opt\u00e9 pour une coiffure relev\u00e9e et un maquillage l\u00e9ger. De son c\u00f4t\u00e9, Marisa a ressorti une robe port\u00e9e trois ans plus t\u00f4t lors de la 75e \u00e9dition du Festival de Cannes lorsque <a href=\"https:\/\/www.parismatch.com\/Culture\/Cinema\/Les-Amandiers-de-Valeria-Bruni-Tesdeschi-la-critique-1807325\" target=\"_blank\" rel=\"nofollow noopener\">sa fille pr\u00e9sentait son film \u00ab\u00a0Les Amandiers\u00a0\u00bb.<\/a><\/p>\n<p>    La suite apr\u00e8s cette publicit\u00e9<\/p>\n<p>Carla Bruni f\u00e9licite sa s\u0153ur<\/p>\n<p>Sur son compte Instagram, Carla Bruni s\u2019est empress\u00e9e de soutenir sa s\u0153ur\u00a0: \u00ab\u00a0Dix minutes de standing ovation pour le magnifique film sur la Duse. Qui d\u2019autre qu\u2019une \u00e9norme actrice comme ma s\u0153ur\u00a0Valeria Bruni-Tedeschi\u00a0pourrait jouer notre fabuleuse Duse\u00a0? Bravo Vale je suis fi\u00e8re de toi\u00a0!\u00a0\u00bb En illustration de ces mots d\u2019encouragement, <a href=\"https:\/\/www.parismatch.com\/People\/chalet-de-luxe-rando-et-fromages-carla-bruni-partage-ses-vacances-a-la-montagne-avec-nicolas-sarkozy-255253\" target=\"_blank\" rel=\"nofollow noopener\">l\u2019\u00e9pouse de Nicolas Sarkozy<\/a> a publi\u00e9 une vid\u00e9o de la fin de la projection o\u00f9 l\u2019on voit Valeria enlacer sa maman sous un tonnerre d\u2019applaudissements.<\/p>\n","protected":false},"excerpt":{"rendered":"Les photographes du Palazzo del Cinema ont vu double ce mercredi 3\u00a0septembre, lorsque Valeria Bruni-Tedeschi et sa maman,&hellip;\n","protected":false},"author":2,"featured_media":365630,"comment_status":"","ping_status":"","sticky":false,"template":"","format":"standard","meta":{"footnotes":""},"categories":[1359],"tags":[58,59,1011,27,973],"class_list":{"0":"post-365629","1":"post","2":"type-post","3":"status-publish","4":"format-standard","5":"has-post-thumbnail","7":"category-people","8":"tag-divertissement","9":"tag-entertainment","10":"tag-fr","11":"tag-france","12":"tag-people"},"share_on_mastodon":{"url":"https:\/\/pubeurope.com\/@fr\/115145953015316175","error":""},"_links":{"self":[{"href":"https:\/\/www.europesays.com\/fr\/wp-json\/wp\/v2\/posts\/365629","targetHints":{"allow":["GET"]}}],"collection":[{"href":"https:\/\/www.europesays.com\/fr\/wp-json\/wp\/v2\/posts"}],"about":[{"href":"https:\/\/www.europesays.com\/fr\/wp-json\/wp\/v2\/types\/post"}],"author":[{"embeddable":true,"href":"https:\/\/www.europesays.com\/fr\/wp-json\/wp\/v2\/users\/2"}],"replies":[{"embeddable":true,"href":"https:\/\/www.europesays.com\/fr\/wp-json\/wp\/v2\/comments?post=365629"}],"version-history":[{"count":0,"href":"https:\/\/www.europesays.com\/fr\/wp-json\/wp\/v2\/posts\/365629\/revisions"}],"wp:featuredmedia":[{"embeddable":true,"href":"https:\/\/www.europesays.com\/fr\/wp-json\/wp\/v2\/media\/365630"}],"wp:attachment":[{"href":"https:\/\/www.europesays.com\/fr\/wp-json\/wp\/v2\/media?parent=365629"}],"wp:term":[{"taxonomy":"category","embeddable":true,"href":"https:\/\/www.europesays.com\/fr\/wp-json\/wp\/v2\/categories?post=365629"},{"taxonomy":"post_tag","embeddable":true,"href":"https:\/\/www.europesays.com\/fr\/wp-json\/wp\/v2\/tags?post=365629"}],"curies":[{"name":"wp","href":"https:\/\/api.w.org\/{rel}","templated":true}]}}