{"id":365633,"date":"2025-09-04T12:10:16","date_gmt":"2025-09-04T12:10:16","guid":{"rendered":"https:\/\/www.europesays.com\/fr\/365633\/"},"modified":"2025-09-04T12:10:16","modified_gmt":"2025-09-04T12:10:16","slug":"johanna-luyssen-les-fragments-dhelene-julliard","status":"publish","type":"post","link":"https:\/\/www.europesays.com\/fr\/365633\/","title":{"rendered":"Johanna Luyssen, \u00ab\u00a0Les fragments d&rsquo;H\u00e9l\u00e8ne\u00a0\u00bb (Julliard)"},"content":{"rendered":"<p><strong>Vie et mort d&rsquo;une femme invisible.<\/strong> Rappel des faits. Le 16 novembre 1980, dans son appartement de l&rsquo;\u00c9cole normale sup\u00e9rieure, apr\u00e8s plus de trente ans de vie plus ou moins commune, le philosophe Louis Althusser \u00e9trangle sa femme, H\u00e9l\u00e8ne Rytmann. Aujourd&rsquo;hui on parlerait sans doute de f\u00e9minicide ; \u00e0 l&rsquo;\u00e9poque il n&rsquo;en fut gu\u00e8re question, juste de l&rsquo;identit\u00e9 et de la personnalit\u00e9 du meurtrier, grande figure de la philosophie marxiste de ces ann\u00e9es-l\u00e0, connu du Tout-Paris qui avait alors quelque pr\u00e9tention \u00e0 l&rsquo;usage de la pens\u00e9e et au maniement des concepts. \u00c0 tel point qu&rsquo;Althusser, en proie depuis longtemps \u00e0 de graves troubles psychologiques comme quasiment personne ne l&rsquo;ignorait, appara\u00eetra presque comme la victime dans cette affaire. Au terme d&rsquo;une instruction excessivement rapide et ayant b\u00e9n\u00e9fici\u00e9 du soutien unanime de l&rsquo;intelligentsia, il sera d\u00e9clar\u00e9 p\u00e9nalement irresponsable. Quant \u00e0 la vraie victime, elle restera remarquablement absente des pens\u00e9es comme du souvenir (si ce n&rsquo;est quelques mentions ici ou l\u00e0, presque toutes absolument et scandaleusement misogynes) comme finalement elle l&rsquo;avait \u00e9t\u00e9 sa vie durant.<\/p>\n<p>C&rsquo;est la raison pour laquelle Les fragments d&rsquo;H\u00e9l\u00e8ne, le livre que la journaliste Johanna Luyssen consacre \u00e0 cette femme en quelque sorte invisible (ou invisibilis\u00e9e), est aussi juste et n\u00e9cessaire. Elle \u00e9crit\u00a0: \u00ab\u00a0Je sais bien ce qui est au c\u0153ur de ma d\u00e9marche d&rsquo;\u00e9criture, elle est transparente et terriblement actuelle. Il s&rsquo;agit de rendre visible une femme qui se trouve au croisement de tant d&rsquo;invisibilisations\u00a0: femme, mais aussi\u00a0: femme juive du xxe si\u00e8cle, mais aussi\u00a0: femme r\u00e9sistante, mais aussi\u00a0: \u00e9pouse du grand homme. Il s&rsquo;agit, en somme, de faire jaillir la lumi\u00e8re d&rsquo;H\u00e9l\u00e8ne.\u00a0\u00bb Elle s&rsquo;y emploie sans faillir, n&rsquo;omettant rien de cette ombre angoissante qui pesa sur toute la vie d&rsquo;H\u00e9l\u00e8ne Rytmann et qui avant d&rsquo;\u00eatre celle de la trag\u00e9die fut d&rsquo;abord celle de la tristesse&#8230; Parce que les existences, surtout celle-l\u00e0, ne se r\u00e9duisent jamais au fait divers qui les conclut, Johanna Luyssen, avec une belle empathie, peut-\u00eatre m\u00eame avec sororit\u00e9, redonne toute sa place \u00e0 cette femme parmi d&rsquo;autres, assistante de Jean Renoir, r\u00e9sistante, communiste fervente et l\u00e2ch\u00e9e par le Parti, chercheuse en sciences sociales, s\u0153ur d&rsquo;un grand propri\u00e9taire de salles de cin\u00e9ma surnomm\u00e9 \u00ab\u00a0l&#8217;empereur de Montparnasse\u00a0\u00bb et, donc, femme d&rsquo;Althusser. Donc et entre autres&#8230;<\/p>\n<p>Johanna Luyssen<br \/>Les fragments d&rsquo;H\u00e9l\u00e8ne<br \/>Julliard<br \/>Tirage: 6 000 ex.<br \/>Prix: 21 \u20ac ; 192 p.<br \/>ISBN: 9782260056713<\/p>\n","protected":false},"excerpt":{"rendered":"Vie et mort d&rsquo;une femme invisible. Rappel des faits. Le 16 novembre 1980, dans son appartement de l&rsquo;\u00c9cole&hellip;\n","protected":false},"author":2,"featured_media":365634,"comment_status":"","ping_status":"","sticky":false,"template":"","format":"standard","meta":{"footnotes":""},"categories":[1357],"tags":[1379,58,59,1011,27,1380],"class_list":{"0":"post-365633","1":"post","2":"type-post","3":"status-publish","4":"format-standard","5":"has-post-thumbnail","7":"category-livres","8":"tag-books","9":"tag-divertissement","10":"tag-entertainment","11":"tag-fr","12":"tag-france","13":"tag-livres"},"share_on_mastodon":{"url":"https:\/\/pubeurope.com\/@fr\/115145960599902462","error":""},"_links":{"self":[{"href":"https:\/\/www.europesays.com\/fr\/wp-json\/wp\/v2\/posts\/365633","targetHints":{"allow":["GET"]}}],"collection":[{"href":"https:\/\/www.europesays.com\/fr\/wp-json\/wp\/v2\/posts"}],"about":[{"href":"https:\/\/www.europesays.com\/fr\/wp-json\/wp\/v2\/types\/post"}],"author":[{"embeddable":true,"href":"https:\/\/www.europesays.com\/fr\/wp-json\/wp\/v2\/users\/2"}],"replies":[{"embeddable":true,"href":"https:\/\/www.europesays.com\/fr\/wp-json\/wp\/v2\/comments?post=365633"}],"version-history":[{"count":0,"href":"https:\/\/www.europesays.com\/fr\/wp-json\/wp\/v2\/posts\/365633\/revisions"}],"wp:featuredmedia":[{"embeddable":true,"href":"https:\/\/www.europesays.com\/fr\/wp-json\/wp\/v2\/media\/365634"}],"wp:attachment":[{"href":"https:\/\/www.europesays.com\/fr\/wp-json\/wp\/v2\/media?parent=365633"}],"wp:term":[{"taxonomy":"category","embeddable":true,"href":"https:\/\/www.europesays.com\/fr\/wp-json\/wp\/v2\/categories?post=365633"},{"taxonomy":"post_tag","embeddable":true,"href":"https:\/\/www.europesays.com\/fr\/wp-json\/wp\/v2\/tags?post=365633"}],"curies":[{"name":"wp","href":"https:\/\/api.w.org\/{rel}","templated":true}]}}