{"id":365635,"date":"2025-09-04T12:11:19","date_gmt":"2025-09-04T12:11:19","guid":{"rendered":"https:\/\/www.europesays.com\/fr\/365635\/"},"modified":"2025-09-04T12:11:19","modified_gmt":"2025-09-04T12:11:19","slug":"le-parler-vrai-de-nicolas-sarkozy-sur-emmanuel-macron-je-ne-lui-conseille-rien-car-de-toute-facon-il-fera-le-contraire-on-se-vouvoie-parce-que-je-me-mefie-de-la-fausse-proximite-regardez","status":"publish","type":"post","link":"https:\/\/www.europesays.com\/fr\/365635\/","title":{"rendered":"Le parler-vrai de Nicolas Sarkozy sur Emmanuel Macron : \u00ab\u00a0Je ne lui conseille rien car, de toute fa\u00e7on, il fera le contraire. On se vouvoie parce que je me m\u00e9fie de la fausse proximit\u00e9\u00a0\u00bb &#8211; Regardez"},"content":{"rendered":"<p>Ce sont des d\u00e9clarations qui font r\u00e9agir sur les r\u00e9seaux sociaux. Lors d&rsquo;une conf\u00e9rence organis\u00e9e mardi \u00e0 Bruxelles, Nicolas Sarkozy s&rsquo;est exprim\u00e9 et a \u00e9voqu\u00e9 Emmanuel Macron et la situation politique en France.<\/p>\n<p>\u00ab\u00a0D&rsquo;abord, on se vouvoie [avec Emmanuel Macron] parce que je me m\u00e9fie de la fausse proximit\u00e9. Il m&rsquo;a appel\u00e9 il y a quelques jours. Le Pr\u00e9sident m&rsquo;a dit, quand je d\u00e9jeunais avec lui, &lsquo;vraiment pr\u00e9sident, d\u00eetes moi ce qu&rsquo;il faudrait faire&rsquo;. Je lui ai r\u00e9pondu : &lsquo;Je ne vous le dirai pas, parce que vous ferez le contraire\u00a0\u00bb, a confi\u00e9 Nicolas Sarkozy.<\/p>\n<p>Et de pr\u00e9ciser au chef de l&rsquo;Etat : \u00ab\u00a0Vous me demandez mon avis depuis huit ans et vous faites syst\u00e9matiquement le contraire. Vous vous trompez sur mon caract\u00e8re\u00a0\u00bb.<\/p>\n<p>\u00ab\u00a0Je lui ai dit : Bayrou va tomber et vous allez vouloir nommer un Premier ministre. Les m\u00eames causes produiront les m\u00eames effets et vous allez perdre encore trois mois. Plus vous attendez et plus la pression sur votre d\u00e9mission sera importante. Donc, il faut faire la dissolution\u00a0\u00bb.<\/p>\n<p>Pour Nicolas Sarkozy, Emmanuel Macron \u00ab\u00a0fera la dissolution parce qu&rsquo;il ne pourra pas faire autrement\u00a0\u00bb. \u00ab\u00a0Je le dis parce que les choses se passeront comme \u00e7a. A la fin de notre rencontre, il m&rsquo;a dit : &lsquo;Je crois que vous avez raison&rsquo;. Alors l\u00e0, j&rsquo;\u00e9tais s\u00fbr qu&rsquo;il allait faire le contraire !\u00a0\u00bb, a conclu l&rsquo;ex-pr\u00e9sident.<\/p>\n<p>.<\/p>\n<blockquote class=\"twitter-tweet\">\n<p lang=\"fr\" dir=\"ltr\">ALERTE VID\u00c9O Sarkozy r\u00e8gle ses comptes : il explique avoir coach\u00e9 Macron pendant des ann\u00e9es\u2026 pour le voir syst\u00e9matiquement faire l\u2019inverse de ses conseils. <a href=\"https:\/\/t.co\/cJNoO55uUN\">pic.twitter.com\/cJNoO55uUN<\/a><\/p>\n<p>\u2014 Jon De Lorraine (@jon_delorraine) <a href=\"https:\/\/twitter.com\/jon_delorraine\/status\/1963333196076199983?ref_src=twsrc%5Etfw\" target=\"_blank\" rel=\"noopener\">September 3, 2025<\/a><\/p><\/blockquote>\n<p>\u00a0<\/p>\n<p>\u00a0<\/p>\n<p>          <script async src=\"https:\/\/platform.twitter.com\/widgets.js\" charset=\"utf-8\"><\/script><\/p>\n","protected":false},"excerpt":{"rendered":"Ce sont des d\u00e9clarations qui font r\u00e9agir sur les r\u00e9seaux sociaux. Lors d&rsquo;une conf\u00e9rence organis\u00e9e mardi \u00e0 Bruxelles,&hellip;\n","protected":false},"author":2,"featured_media":365636,"comment_status":"","ping_status":"","sticky":false,"template":"","format":"standard","meta":{"footnotes":""},"categories":[1356],"tags":[58,1073,59,1011,27,3091,316,252,1364],"class_list":{"0":"post-365635","1":"post","2":"type-post","3":"status-publish","4":"format-standard","5":"has-post-thumbnail","7":"category-television","8":"tag-divertissement","9":"tag-emmanuel-macron","10":"tag-entertainment","11":"tag-fr","12":"tag-france","13":"tag-nicolas-sarkozy","14":"tag-politique","15":"tag-television","16":"tag-tv"},"share_on_mastodon":{"url":"https:\/\/pubeurope.com\/@fr\/115145964563480643","error":""},"_links":{"self":[{"href":"https:\/\/www.europesays.com\/fr\/wp-json\/wp\/v2\/posts\/365635","targetHints":{"allow":["GET"]}}],"collection":[{"href":"https:\/\/www.europesays.com\/fr\/wp-json\/wp\/v2\/posts"}],"about":[{"href":"https:\/\/www.europesays.com\/fr\/wp-json\/wp\/v2\/types\/post"}],"author":[{"embeddable":true,"href":"https:\/\/www.europesays.com\/fr\/wp-json\/wp\/v2\/users\/2"}],"replies":[{"embeddable":true,"href":"https:\/\/www.europesays.com\/fr\/wp-json\/wp\/v2\/comments?post=365635"}],"version-history":[{"count":0,"href":"https:\/\/www.europesays.com\/fr\/wp-json\/wp\/v2\/posts\/365635\/revisions"}],"wp:featuredmedia":[{"embeddable":true,"href":"https:\/\/www.europesays.com\/fr\/wp-json\/wp\/v2\/media\/365636"}],"wp:attachment":[{"href":"https:\/\/www.europesays.com\/fr\/wp-json\/wp\/v2\/media?parent=365635"}],"wp:term":[{"taxonomy":"category","embeddable":true,"href":"https:\/\/www.europesays.com\/fr\/wp-json\/wp\/v2\/categories?post=365635"},{"taxonomy":"post_tag","embeddable":true,"href":"https:\/\/www.europesays.com\/fr\/wp-json\/wp\/v2\/tags?post=365635"}],"curies":[{"name":"wp","href":"https:\/\/api.w.org\/{rel}","templated":true}]}}