{"id":365637,"date":"2025-09-04T12:12:16","date_gmt":"2025-09-04T12:12:16","guid":{"rendered":"https:\/\/www.europesays.com\/fr\/365637\/"},"modified":"2025-09-04T12:12:16","modified_gmt":"2025-09-04T12:12:16","slug":"louane-devoile-son-nouveau-single-et-annonce-un-nouvel-album","status":"publish","type":"post","link":"https:\/\/www.europesays.com\/fr\/365637\/","title":{"rendered":"Louane d\u00e9voile son nouveau single et annonce un nouvel album !"},"content":{"rendered":"<p><img decoding=\"async\" src=\"https:\/\/www.europesays.com\/fr\/wp-content\/uploads\/2025\/09\/photo_1747400194.jpg\" class=\"textcenter img-content\" loading=\"lazy\"\/>Abaca<br \/>\n<br \/>\nLouane connait une ann\u00e9e 2025 des plus intenses. En mai dernier, la chanteuse a repr\u00e9sent\u00e9 la France \u00e0 l&rsquo;Eurovision, terminant <a href=\"https:\/\/www.chartsinfrance.net\/actualite\/news-132596.html\" target=\"_blank\" class=\"spip_out\" rel=\"nofollow noopener\">septi\u00e8me du classement final<\/a> avec sa chanson <a href=\"https:\/\/www.chartsinfrance.net\/actualite\/news-132517.html\" target=\"_blank\" class=\"spip_out\" rel=\"nofollow noopener\">\u00ab\u00a0maman\u00a0\u00bb<\/a>. Depuis, elle n&rsquo;a pas arr\u00eat\u00e9 en sortant des <a href=\"https:\/\/www.chartsinfrance.net\/actualite\/news-132675.html\" target=\"_blank\" class=\"spip_out\" rel=\"nofollow noopener\">duos avec Joe Jonas<\/a> ou <a href=\"https:\/\/www.chartsinfrance.net\/Louane\/news-132885.html\" target=\"_blank\" class=\"spip_out\" rel=\"nofollow noopener\">le groupe The Servant<\/a>, tout en \u00e9crivant et composant <a href=\"https:\/\/www.chartsinfrance.net\/Louane\/news-132910.html\" target=\"_blank\" class=\"spip_out\" rel=\"nofollow noopener\">le titre \u00ab\u00a0Regarde-moi\u00a0\u00bb<\/a> pour Carla Dona, ancienne candidate de la \u00ab\u00a0Star Academy\u00a0\u00bb. Le tout avant sa grande tourn\u00e9e \u00ab\u00a0Solo Tour\u00a0\u00bb qui d\u00e9marrera le 25 septembre puis sillonnera la France, avec notamment un concert \u00e0 l&rsquo;Accor Arena le 20 f\u00e9vrier 2026. Suite \u00e0 l&rsquo;Eurovision, Louane chantera \u00e9galement dans plusieurs villes d&rsquo;Europe !<\/p>\n<p>Le player Dailymotion est en train de se charger&#8230;<\/p>\n<p>Un nouvel album arrive !<br \/>\nComme si cela ne suffisait pas, Louane continue de plancher sur des nouvelles chansons, annon\u00e7ant ainsi l&rsquo;arriv\u00e9e imminente d&rsquo;un single in\u00e9dit. \u00ab Promis on vous termine \u00e7a aujourd&rsquo;hui \u00bb \u00e9crit sur Instagram celle qui a <a href=\"https:\/\/www.chartsinfrance.net\/Louane\/news-133279.html\" target=\"_blank\" class=\"spip_out\" rel=\"nofollow noopener\">chant\u00e9 au mariage de deux fans<\/a> cet \u00e9t\u00e9, en publiant des photos prises en studio entour\u00e9e du musicien Timoth\u00e9e Marceau, de l&rsquo;auteur et producteur Marso, mais aussi de Jim Zelechowski, directeur artistique chez son label Island Def Jam. Entre deux clich\u00e9s, Louane cache m\u00eame un extrait de ce titre qui s&rsquo;annonce \u00e9lectro-pop et abordant une rupture. \u00ab Tu m&rsquo;as trop souvent dit \/ Que t&rsquo;aimais mes yeux \/ Que t&rsquo;aimais nos nuits \/ Maintenant j&rsquo;ai l&rsquo;air d&rsquo;une folle \/ Mon mascara d\u00e9colle \/ Tu m&rsquo;y as fait croire \u00bb peut-on entendre.<\/p>\n<blockquote class=\"instagram-media\" data-instgrm-permalink=\"https:\/\/www.instagram.com\/p\/DOEQy21jeDw\/?utm_source=ig_embed&amp;utm_campaign=loading\" data-instgrm-version=\"14\" style=\" background:#FFF; border:0; border-radius:3px; box-shadow:0 0 1px 0 rgba(0,0,0,0.5),0 1px 10px 0 rgba(0,0,0,0.15); margin: 1px; max-width:540px; min-width:326px; padding:0; width:99.375%; width:-webkit-calc(100% - 2px); width:calc(100% - 2px);\"\/>\n<p>Un court extrait qui fait d\u00e9j\u00e0 grimper l&rsquo;enthousiasme des fans sur les r\u00e9seaux sociaux. \u00ab Sympa l&rsquo;extrait, h\u00e2te d&rsquo;entendre le reste \u00bb, \u00ab omg l&rsquo;extrait !!!!!!! \u00bb, \u00ab Canon \u00bb, \u00ab Je l&rsquo;aime d\u00e9j\u00e0 \u00bb, \u00ab Je suis d\u00e9j\u00e0 fan \u00bb peut-on lire parmi les commentaires. D&rsquo;autant que dans son \u00e9quipe, tout le monde semble conquis par ce nouveau titre. \u00ab Je pense que le single est \u00e9nerv\u00e9 de fou \u00bb assure l&rsquo;un de ses collaborateurs, tandis que Louane fait une belle r\u00e9v\u00e9lation dans une story : \u00ab Je vous promets, on se saigne pour le prochain&#8230; album ? \u00bb. Il fera ainsi suite \u00e0 \u00ab\u00a0Solo\u00a0\u00bb, publi\u00e9 en octobre 2024 et emmen\u00e9 par les titres <a href=\"https:\/\/www.chartsinfrance.net\/Louane\/news-129254.html\" target=\"_blank\" class=\"spip_out\" rel=\"nofollow noopener\">\u00ab\u00a0La pluie\u00a0\u00bb<\/a> ou \u00ab\u00a0Soleil\u00a0\u00bb en duo avec Florian Rossi, son compagnon.<\/p>\n<p><script async src=\"\/\/www.instagram.com\/embed.js\"><\/script><\/p>\n","protected":false},"excerpt":{"rendered":"Abaca Louane connait une ann\u00e9e 2025 des plus intenses. En mai dernier, la chanteuse a repr\u00e9sent\u00e9 la France&hellip;\n","protected":false},"author":2,"featured_media":113526,"comment_status":"","ping_status":"","sticky":false,"template":"","format":"standard","meta":{"footnotes":""},"categories":[1355],"tags":[58,59,1011,27,1361,873],"class_list":{"0":"post-365637","1":"post","2":"type-post","3":"status-publish","4":"format-standard","5":"has-post-thumbnail","7":"category-musique","8":"tag-divertissement","9":"tag-entertainment","10":"tag-fr","11":"tag-france","12":"tag-music","13":"tag-musique"},"share_on_mastodon":{"url":"https:\/\/pubeurope.com\/@fr\/115145968884101077","error":""},"_links":{"self":[{"href":"https:\/\/www.europesays.com\/fr\/wp-json\/wp\/v2\/posts\/365637","targetHints":{"allow":["GET"]}}],"collection":[{"href":"https:\/\/www.europesays.com\/fr\/wp-json\/wp\/v2\/posts"}],"about":[{"href":"https:\/\/www.europesays.com\/fr\/wp-json\/wp\/v2\/types\/post"}],"author":[{"embeddable":true,"href":"https:\/\/www.europesays.com\/fr\/wp-json\/wp\/v2\/users\/2"}],"replies":[{"embeddable":true,"href":"https:\/\/www.europesays.com\/fr\/wp-json\/wp\/v2\/comments?post=365637"}],"version-history":[{"count":0,"href":"https:\/\/www.europesays.com\/fr\/wp-json\/wp\/v2\/posts\/365637\/revisions"}],"wp:featuredmedia":[{"embeddable":true,"href":"https:\/\/www.europesays.com\/fr\/wp-json\/wp\/v2\/media\/113526"}],"wp:attachment":[{"href":"https:\/\/www.europesays.com\/fr\/wp-json\/wp\/v2\/media?parent=365637"}],"wp:term":[{"taxonomy":"category","embeddable":true,"href":"https:\/\/www.europesays.com\/fr\/wp-json\/wp\/v2\/categories?post=365637"},{"taxonomy":"post_tag","embeddable":true,"href":"https:\/\/www.europesays.com\/fr\/wp-json\/wp\/v2\/tags?post=365637"}],"curies":[{"name":"wp","href":"https:\/\/api.w.org\/{rel}","templated":true}]}}