{"id":365643,"date":"2025-09-04T12:16:11","date_gmt":"2025-09-04T12:16:11","guid":{"rendered":"https:\/\/www.europesays.com\/fr\/365643\/"},"modified":"2025-09-04T12:16:11","modified_gmt":"2025-09-04T12:16:11","slug":"la-maison-ou-il-reside-proche-de-douchy","status":"publish","type":"post","link":"https:\/\/www.europesays.com\/fr\/365643\/","title":{"rendered":"la maison o\u00f9 il r\u00e9side proche de Douchy"},"content":{"rendered":"\n<p>Le nom d\u2019Alain-Fabien Delon ne se r\u00e9sume plus seulement \u00e0 sa carri\u00e8re ou \u00e0 ses apparitions publiques. Le plus jeune fils d\u2019Alain Delon se retrouve en premi\u00e8re ligne d\u2019une bataille judiciaire autour du testament de son p\u00e8re, disparu en ao\u00fbt 2024. Alors qu\u2019il conteste certains ajouts r\u00e9alis\u00e9s en 2022 et 2023, c\u2019est dans un autre registre plus intime qu\u2019il s\u2019exprime aujourd\u2019hui : son attachement \u00e0 Douchy, ce domaine du Loiret qui \u00e9tait \u00e0 la fois un refuge, un d\u00e9cor d\u2019enfance et d\u00e9sormais un lieu charg\u00e9 de m\u00e9moire.<\/p>\n<p>    Alain-Fabien Delon face \u00e0 l\u2019h\u00e9ritage de Douchy <\/p>\n<p>Si les audiences pr\u00e9vues en 2026 alimenteront sans doute les <strong>tensions familiales<\/strong>, <a href=\"https:\/\/www.lejournaldelamaison.fr\/le-journal-de-la-maison\/reportages-maisons\/maisons-reportages-maisons\/alain-fabien-delon-laura-bensedoun-couple-installe-dans-maison-secrete-pres-douchy-507208.html\" rel=\"nofollow noopener\" target=\"_blank\">Alain-Fabien Delon pr\u00e9f\u00e8re rappeler<\/a> que Douchy reste avant tout une histoire de souvenirs et de transmission. Dans cette vaste propri\u00e9t\u00e9 acquise par son p\u00e8re et Mireille Darc en 1971, il dit avoir grandi libre, entour\u00e9 d\u2019animaux, de nature et d\u2019une organisation sans faille. \u00ab\u00a0J\u2019ai <strong>plein de souvenirs d\u2019enfance ici<\/strong>, avec mon p\u00e8re. Il y avait des chevaux, des cochons, une organisation, tout \u00e9tait beau, entretenu\u00a0\u00bb, confie-t-il. Ces instants d\u2019insouciance contrastent aujourd\u2019hui avec le poids des h\u00e9ritages mat\u00e9riels et affectifs.<\/p>\n<p>Lorsque son p\u00e8re s\u2019est \u00e9teint en ao\u00fbt 2024, <a href=\"https:\/\/www.lejournaldelamaison.fr\/le-journal-de-la-maison\/reportages-maisons\/alain-delon-chateau-maison-loiret-douchy-467589.html\" rel=\"nofollow noopener\" target=\"_blank\">Douchy a pris une dimension<\/a> encore plus symbolique. C\u2019est l\u00e0 que le jeune homme et sa compagne Laura ont<strong> con\u00e7u leur premier enfant<\/strong>, venu au monde au printemps dernier. Un hasard ou un signe, selon ses propres mots, qui <strong>conf\u00e8re au lieu une double port\u00e9e<\/strong> : celle d\u2019une fin et d\u2019un commencement. \u00ab\u00a0J\u00a0\u00bbaurais tant aim\u00e9 que mon p\u00e8re le sache. Et \u00e7a avait du sens. Ici, \u00e0 Douchy, au moment o\u00f9 une vie partait, une autre se concevait\u00a0\u00bb, expliquait-il dans les colonnes de Paris Match il y a quelques mois.<\/p>\n<p>    Une maison voisine de Douchy ch\u00e8re \u00e0 Alain-Fabien Delon <\/p>\n<p>Pourtant, malgr\u00e9 cet attachement visc\u00e9ral, Alain-Fabien Delon n\u2019a pas souhait\u00e9 s\u2019installer imm\u00e9diatement <strong>dans la demeure principale<\/strong>. Trop lourde de souvenirs, trop impr\u00e9gn\u00e9e de l\u2019ombre paternelle, elle lui rappelle encore<strong> trop cruellement l\u2019absence<\/strong>. \u00ab\u00a0Ce n\u2019est pas tant la pr\u00e9sence des objets ou les photos de papa qui me hantent, ce sont les souvenirs douloureux. Je crois qu\u2019il va me falloir du temps pour les effacer et imaginer mon gosse courir ici\u00a0\u00bb, admettait-il r\u00e9cemment. Avec Laura, il a donc choisi de poser ses valises <a href=\"https:\/\/www.lejournaldelamaison.fr\/le-journal-de-la-maison\/reportages-maisons\/maisons-bord-de-mer\/laura-smet-tombee-sous-charme-cap-ferret-incroyable-maison-deux-minutes-pied-mer-520558.html\" rel=\"nofollow noopener\" target=\"_blank\">dans une maison voisine<\/a>, construite par sa m\u00e8re Rosalie van Breemen.<\/p>\n<p>Cette d\u00e9cision n\u2019efface pas son <a href=\"https:\/\/www.lejournaldelamaison.fr\/le-journal-de-la-maison\/reportages-maisons\/maisons-campagne\/julia-vignali-kad-merad-vraiment-essaye-faire-revivre-ferme-abandonnee-magnifique-maison-bourgogne-havre-paix-ressourcent-loin-paris-520439.html\" rel=\"nofollow noopener\" target=\"_blank\">projet de quitter un jour Paris<\/a>, o\u00f9 il vit encore. \u00ab\u00a0Je partage le d\u00e9sir de ne pas \u00e9lever notre enfant \u00e0 Paris, m\u00eame si c&rsquo;est ici qu&rsquo;il va na\u00eetre et passer sa premi\u00e8re ann\u00e9e pour plein de bonnes raisons et parce que j&rsquo;ai <strong>encore des choses \u00e0 r\u00e9gler<\/strong>\u00ab\u00a0, partageait-il. Le couple, d\u00e9sormais parents, imagine donc \u00e0 moyen terme une<strong> vie hors de la capitale<\/strong>, dans un cadre plus apais\u00e9, sans pour autant se couper du domaine familial.<\/p>\n<blockquote class=\"instagram-media \" style=\"background: #ffffff;border: 0;margin: 1px;width: 100%;padding: 0;max-width: 500px;\" data-instgrm-permalink=\"https:\/\/www.instagram.com\/p\/DHWlEecO6sN\/\" data-instgrm-version=\"14\"\/><p>    Alain-Fabien Delon confront\u00e9 au poids de l&rsquo;h\u00e9ritage de Douchy <\/p>\n<p>Douchy, avec ses hectares de champs et ses d\u00e9pendances, conserve un charme puissant, mais aussi ses contraintes. <strong>Entretenir une telle propri\u00e9t\u00e9<\/strong> demande des moyens financiers et une pr\u00e9sence r\u00e9guli\u00e8re. \u00ab\u00a0Voir \u00e0 pr\u00e9sent ces endroits o\u00f9 j\u2019ai gambad\u00e9 libre et insouciant partir en ruine me d\u00e9sole. La maison a vieilli et s\u2019est remplie de fant\u00f4mes\u00a0\u00bb, a-t-il constat\u00e9, <a href=\"https:\/\/www.lejournaldelamaison.fr\/le-journal-de-la-maison\/reportages-maisons\/juliette-binoche-des-fauteuils-rouges-en-velours-un-miroir-marocain-sa-demeure-secrete-pres-de-paris-est-digne-dun-decor-de-cinema-520335.html\" rel=\"nofollow noopener\" target=\"_blank\">\u00e9voquant une demeure splendide<\/a>, mais<strong> fragilis\u00e9e par le temps<\/strong>. Aux beaux jours, le domaine garde son \u00e9clat, mais l\u2019hiver rend l\u2019endroit plus aust\u00e8re : \u00ab\u00a0Douchy au printemps, en \u00e9t\u00e9, c\u2019est magique. Tu as les champs, les for\u00eats, les piscines, tu peux faire ce que tu veux. Mais l\u2019hiver, quand il fait nuit t\u00f4t, que les sangliers r\u00f4dent, que tu es seul au milieu de la for\u00eat, \u00e7a peut vite devenir suffocant\u00a0\u00bb.<\/p>\n<p>Aujourd\u2019hui, Alain-Fabien Delon se retrouve donc entre deux r\u00e9alit\u00e9s : <strong>celle d\u2019un combat judiciaire<\/strong> autour du patrimoine de son p\u00e8re, et celle, plus intime, d\u2019un attachement sinc\u00e8re \u00e0 un lieu o\u00f9 il souhaite, t\u00f4t ou tard, <strong>voir grandir son enfant<\/strong>. Entre souvenirs heureux, blessures r\u00e9centes et espoir d\u2019avenir, <a href=\"https:\/\/www.lejournaldelamaison.fr\/le-journal-de-la-maison\/reportages-maisons\/alain-fabien-delon-brise-le-silence-sur-letat-desastreux-du-domaine-de-douchy-propriete-de-son-pere-475828.html\" rel=\"nofollow noopener\" target=\"_blank\">Douchy demeure au c\u0153ur de son histoire<\/a> personnelle.<\/p>\n<p>                <script async src=\"\/\/www.instagram.com\/embed.js\"><\/script><\/p>\n","protected":false},"excerpt":{"rendered":"Le nom d\u2019Alain-Fabien Delon ne se r\u00e9sume plus seulement \u00e0 sa carri\u00e8re ou \u00e0 ses apparitions publiques. Le&hellip;\n","protected":false},"author":2,"featured_media":365644,"comment_status":"","ping_status":"","sticky":false,"template":"","format":"standard","meta":{"footnotes":""},"categories":[8],"tags":[58,59,1011,27],"class_list":{"0":"post-365643","1":"post","2":"type-post","3":"status-publish","4":"format-standard","5":"has-post-thumbnail","7":"category-divertissement","8":"tag-divertissement","9":"tag-entertainment","10":"tag-fr","11":"tag-france"},"share_on_mastodon":{"url":"https:\/\/pubeurope.com\/@fr\/115145984273249882","error":""},"_links":{"self":[{"href":"https:\/\/www.europesays.com\/fr\/wp-json\/wp\/v2\/posts\/365643","targetHints":{"allow":["GET"]}}],"collection":[{"href":"https:\/\/www.europesays.com\/fr\/wp-json\/wp\/v2\/posts"}],"about":[{"href":"https:\/\/www.europesays.com\/fr\/wp-json\/wp\/v2\/types\/post"}],"author":[{"embeddable":true,"href":"https:\/\/www.europesays.com\/fr\/wp-json\/wp\/v2\/users\/2"}],"replies":[{"embeddable":true,"href":"https:\/\/www.europesays.com\/fr\/wp-json\/wp\/v2\/comments?post=365643"}],"version-history":[{"count":0,"href":"https:\/\/www.europesays.com\/fr\/wp-json\/wp\/v2\/posts\/365643\/revisions"}],"wp:featuredmedia":[{"embeddable":true,"href":"https:\/\/www.europesays.com\/fr\/wp-json\/wp\/v2\/media\/365644"}],"wp:attachment":[{"href":"https:\/\/www.europesays.com\/fr\/wp-json\/wp\/v2\/media?parent=365643"}],"wp:term":[{"taxonomy":"category","embeddable":true,"href":"https:\/\/www.europesays.com\/fr\/wp-json\/wp\/v2\/categories?post=365643"},{"taxonomy":"post_tag","embeddable":true,"href":"https:\/\/www.europesays.com\/fr\/wp-json\/wp\/v2\/tags?post=365643"}],"curies":[{"name":"wp","href":"https:\/\/api.w.org\/{rel}","templated":true}]}}