{"id":365645,"date":"2025-09-04T12:17:10","date_gmt":"2025-09-04T12:17:10","guid":{"rendered":"https:\/\/www.europesays.com\/fr\/365645\/"},"modified":"2025-09-04T12:17:10","modified_gmt":"2025-09-04T12:17:10","slug":"galaxy-s25-fe-samsung-rempile-pour-une-nouvelle-declinaison-abordable-de-ses-smartphones-phares","status":"publish","type":"post","link":"https:\/\/www.europesays.com\/fr\/365645\/","title":{"rendered":"Galaxy S25 FE : Samsung rempile pour une nouvelle d\u00e9clinaison \u00ab\u00a0abordable\u00a0\u00bb de ses smartphones phares"},"content":{"rendered":"<p>                    <a aria-label=\"Samsung Galaxy S25 FE\" href=\"https:\/\/www.lesnumeriques.com\/telephone-portable\/samsung-galaxy-s25-fe-p75758.html\" rel=\"nofollow noopener\" target=\"_blank\">Samsung Galaxy S25 FE<\/a><\/p>\n<p>                                                <a href=\"https:\/\/www.lesnumeriques.com\/telephone-portable\/samsung-galaxy-s25-fe-p75758.html\" title=\"Samsung Galaxy S25 FE\" rel=\"nofollow noopener\" target=\"_blank\"><\/p>\n<p>            <img loading=\"lazy\" decoding=\"async\" src=\"data:image\/svg+xml,%3Csvg xmlns='http:\/\/www.w3.org\/2000\/svg'%3E%3C\/svg%3E\" draggable=\"false\" width=\"452\" height=\"254\" class=\"ed__title-xxs\" alt=\"Samsung Galaxy S25 FE\"\/><\/p>\n<p>                <\/a><\/p>\n<p>            En l&rsquo;absence d&rsquo;offres d\u00e9couvrez<\/p>\n<p>                Voir plus d&rsquo;offres\n        <\/p>\n<p>\n\tLes liens pr\u00e9sent\u00e9s ci-dessus pourraient ne pas fonctionner en pr\u00e9sence d&rsquo;un bloqueur de publicit\u00e9s.\n<\/p>\n<p class=\"ed__a-p ed__bdy__l\">C\u2019est la saison ! Samsung nous a habitu\u00e9s \u00e0 d\u00e9cliner sa s\u00e9rie de smartphones phares lanc\u00e9s en janvier &#8211; les Galaxy S, donc &#8211; en une mouture estampill\u00e9e FE \u00e0 l&rsquo;automne suivant. Cette mention, appliqu\u00e9e r\u00e9cemment aux <a href=\"https:\/\/www.lesnumeriques.com\/ecouteurs-sans-fil\/galaxy-buds3-fe-une-alternative-moins-chere-aux-buds3-pro-pas-vraiment-avec-ce-prix-devoile-n240875.html\" title=\"Galaxy Buds3 FE : une alternative moins ch\u00e8re aux Buds3 Pro ? Pas vraiment, avec ce prix d\u00e9voil\u00e9\" rel=\"nofollow noopener\" target=\"_blank\">Galaxy Buds 3<\/a>, s\u2019invite dans la famille Galaxy S25. Une cuv\u00e9e r\u00e9ussie que le Galaxy S25 FE vient compl\u00e9ter, jouant sur un positionnement tarifaire que la marque souhaite plus avantageux pour se d\u00e9marquer. C\u2019est bien l\u2019objectif des produits FE, pour Fan Edition : proposer l\u2019essentiel de l\u2019appareil classique qu\u2019ils d\u00e9clinent \u00e0 prix plus contenu.<\/p>\n<p class=\"ed__a-p ed__bdy__l\"><img loading=\"lazy\" decoding=\"async\" src=\"data:image\/svg+xml,%3Csvg xmlns='http:\/\/www.w3.org\/2000\/svg'%3E%3C\/svg%3E\" draggable=\"false\" width=\"3385\" height=\"2548\" class=\"ed__title-xxs\" alt=\"Samsung Galaxy S25 FE\" style=\"background-color: #f2f2f2; aspect-ratio:3385\/2548;\"\/><\/p>\n<p>            Publicit\u00e9, votre contenu continue ci-dessous<\/p>\n<p>        Publicit\u00e9<\/p>\n<p class=\"ed__a-p ed__bdy__l\">Le Galaxy S25 FE ressemble fort \u00e0 un jumeau du <a href=\"https:\/\/www.lesnumeriques.com\/telephone-portable\/samsung-s25-plus-p76226\/test.html\" title=\"Samsung Galaxy S25+\u00a0: une mise \u00e0 niveau plus puissante et endurante\" rel=\"nofollow noopener\" target=\"_blank\">Galaxy S25+<\/a>, du moins en termes de format. Tr\u00e8s proches l\u2019un de l\u2019autre, ils profitent tous les deux d\u2019un \u00e9cran de 6,7 pouces, mais aussi de trois modules photo align\u00e9s \u00e0 la verticale et int\u00e9gr\u00e9s directement \u00e0 leur coque, les deux terminaux sont appel\u00e9s \u00e0 se faire concurrence. FE oblige, le dernier-n\u00e9 du sud-cor\u00e9en est un peu plus grand : il mesure 161,3 x 76,6 x 7,4 mm, face aux 158,4 x 75,8 x 7,3 mm du Galaxy S25+, mais p\u00e8se un poids identique de 190 grammes. Il conserve les points forts de son homologue : un ch\u00e2ssis en aluminium Armor et une certification d\u2019\u00e9tanch\u00e9it\u00e9 IP68. En revanche, Samsung troque sa protection d\u2019\u00e9cran Gorilla Glass Victus 2 contre du Gorilla Glass Victus+.<\/p>\n<p class=\"ed__a-p ed__bdy__l\">Mod\u00e8le FE oblige, des compromis mat\u00e9riels sont visibles. Le Galaxy S25 FE propose une d\u00e9finition Full HD+ et sa dalle Amoled n\u2019est pas LTPO (son taux de rafra\u00eechissement varie entre 60 et 120 Hz). Sa luminosit\u00e9 maximale est annonc\u00e9e \u00e0 1900 cd\/m\u00b2, soit 700 cd\/m\u00b2 de moins qu\u2019un Galaxy S25+.<\/p>\n<p>            Publicit\u00e9, votre contenu continue ci-dessous<\/p>\n<p>        Publicit\u00e9<\/p>\n<p class=\"ed__a-p ed__bdy__l\"><img loading=\"lazy\" decoding=\"async\" src=\"data:image\/svg+xml,%3Csvg xmlns='http:\/\/www.w3.org\/2000\/svg'%3E%3C\/svg%3E\" draggable=\"false\" width=\"3000\" height=\"2259\" class=\"ed__title-xxs\" alt=\"Samsung Galaxy S25 FE\" style=\"background-color: #f2f2f2; aspect-ratio:3000\/2259;\"\/><\/p>\n<p>Un Galaxy S25 avec une puce Exynos<\/p>\n<p class=\"ed__a-p ed__bdy__l\">C\u2019est toutefois du c\u00f4t\u00e9 de la puissance que la diff\u00e9rence s\u2019annonce le plus marquante. Le smartphone est muni de la puce Exynos 2400, \u00e0 la diff\u00e9rence des Galaxy S25, tous \u00e9quip\u00e9s du Snapdragon 8 Elite de Qualcomm. Il b\u00e9n\u00e9ficie donc de la m\u00eame puce que les <a href=\"https:\/\/www.lesnumeriques.com\/telephone-portable\/samsung-galaxy-s24-p74160\/test.html\" title=\"Samsung Galaxy S24 : l&#039;option compacte\" rel=\"nofollow noopener\" target=\"_blank\">Galaxy S24<\/a> et <a href=\"https:\/\/www.lesnumeriques.com\/telephone-portable\/samsung-galaxy-s24-p74508\/test.html\" title=\"Samsung Galaxy S24+ : le retour de l&#039;Exynos\" rel=\"nofollow noopener\" target=\"_blank\">S24+<\/a> de 2024, et progresse compar\u00e9 au Galaxy S24 FE (Exynos 2400e). Samsung accompagne la puce de 8 Go de m\u00e9moire vive, d\u2019une chambre \u00e0 vapeur agrandie compar\u00e9e \u00e0 celle du <a href=\"https:\/\/www.lesnumeriques.com\/telephone-portable\/samsung-galaxy-s24-fe-p74898\/test.html\" title=\"Samsung Galaxy S24\u00a0FE\u00a0: une \u00e9dition aboutie pour amateurs de grand format\" rel=\"nofollow noopener\" target=\"_blank\">Galaxy S24 FE<\/a>, et propose une batterie de 4 900 mAh pour soutenir l\u2019ensemble. La sortie des <a href=\"https:\/\/www.lesnumeriques.com\/telephone-portable\/google-pixel-10-pro-xl-p76982\/test.html\" title=\"Google Pixel\u00a010 Pro XL\u00a0: le retour du roi de la photo\" rel=\"nofollow noopener\" target=\"_blank\">Pixel 10 de Google<\/a> a mis en lumi\u00e8re cette norme : le smartphone est compatible avec la charge sans-fil Qi2 magn\u00e9tique, \u00e0 un d\u00e9tail pr\u00e8s\u2026 puisqu\u2019une coque ad hoc est n\u00e9cessaire pour aimanter un chargeur Qi2 (\u00e0 15 W). En filaire, le smartphone accepte jusqu\u2019\u00e0 45 W.<\/p>\n<p class=\"ed__a-p ed__bdy__l\"><img loading=\"lazy\" decoding=\"async\" src=\"data:image\/svg+xml,%3Csvg xmlns='http:\/\/www.w3.org\/2000\/svg'%3E%3C\/svg%3E\" draggable=\"false\" width=\"3000\" height=\"2259\" class=\"ed__title-xxs\" alt=\"Samsung Galaxy S25 FE\" style=\"background-color: #f2f2f2; aspect-ratio:3000\/2259;\"\/><\/p>\n<p class=\"ed__a-p ed__bdy__l\">Samsung ne d\u00e9laisse pas l&rsquo;intelligence artificielle sur ce dernier produit, puisque les fonctions habituelles li\u00e9es \u00e0 One UI 8 et Android 16 sont pr\u00e9sentes : la Now Bar (activit\u00e9s en cours) et le Now Brief (r\u00e9capitulatif d&rsquo;informations contextuelles) sont inclus, comme ils le sont sur les Galaxy S25 et sur les r\u00e9cents Galaxy Z Flip 7 et Z Fold 7. Gemini Live est \u00e9galement de la partie, de m\u00eame que la plupart des fonctions habituelles au sud-cor\u00e9en (traduction instantan\u00e9e, aide \u00e0 l&rsquo;\u00e9criture, etc.). La puce Exynos 2400 autorise en outre l&rsquo;am\u00e9lioration des performances photo, toujours assur\u00e9e par un bloc incluant un capteur principal de 50 Mpx (optique grand-angle f\/1,8), un second de 12 Mpx (ultra grand-angle f\/2,2) et un troisi\u00e8me de 8 Mpx (t\u00e9l\u00e9objectif x3, f\/2,4).<\/p>\n<p class=\"ed__a-p ed__bdy__l\"><img loading=\"lazy\" decoding=\"async\" src=\"data:image\/svg+xml,%3Csvg xmlns='http:\/\/www.w3.org\/2000\/svg'%3E%3C\/svg%3E\" draggable=\"false\" width=\"2481\" height=\"1868\" class=\"ed__title-xxs\" alt=\"Samsung Galaxy S25 FE\" style=\"background-color: #f2f2f2; aspect-ratio:2481\/1868;\"\/><\/p>\n<p>Un prix tout proche du Galaxy S25+<\/p>\n<p class=\"ed__a-p ed__bdy__l\">Le Galaxy S25 FE a beau \u00eatre un smartphone complet, se pose logiquement la question de son positionnement tarifaire. Il est en effet annonc\u00e9 \u00e0 partir de 749 \u20ac, soit peu ou pour le prix d&rsquo;un Galaxy S25+ en promotion \u00e0 l&rsquo;heure actuelle, m\u00eame si l&rsquo;on se doute que des promotions ne tarderont pas \u00e0 le rendre un peu plus abordable. Pr\u00e9cisons que l&rsquo;appareil sera \u00e9galement propos\u00e9 en 256 Go et 512 Go, aux prix respectifs de 809 et 929 \u20ac.<\/p>\n<p>            Publicit\u00e9, votre contenu continue ci-dessous<\/p>\n<p>        Publicit\u00e9<\/p>\n<p class=\"ed__a-p ed__bdy__l\">Les Num\u00e9riques s\u2019installe \u00e0 Beaugrenelle Paris pour <a href=\"https:\/\/www.lesnumeriques.com\/evenement\/les-jours-les-plus-tech-2025.html\" rel=\"nofollow noopener\" target=\"_blank\">Les Jours Les Plus Tech<\/a> : d\u00e9monstrations de produits, conseils d\u2019usage ou d\u2019achat, \u00e9changes avec nos journalistes\u2026D\u00e9couvrez le programme complet <a href=\"https:\/\/www.lesnumeriques.com\/evenement\/les-jours-les-plus-tech-2025.html\" rel=\"nofollow noopener\" target=\"_blank\">ici<\/a>.<\/p>\n","protected":false},"excerpt":{"rendered":"Samsung Galaxy S25 FE En l&rsquo;absence d&rsquo;offres d\u00e9couvrez Voir plus d&rsquo;offres Les liens pr\u00e9sent\u00e9s ci-dessus pourraient ne pas&hellip;\n","protected":false},"author":2,"featured_media":365646,"comment_status":"","ping_status":"","sticky":false,"template":"","format":"standard","meta":{"footnotes":""},"categories":[7],"tags":[1011,27,43,40,41,39,42,44],"class_list":{"0":"post-365645","1":"post","2":"type-post","3":"status-publish","4":"format-standard","5":"has-post-thumbnail","7":"category-sciences-et-technologies","8":"tag-fr","9":"tag-france","10":"tag-science","11":"tag-science-and-technology","12":"tag-sciences","13":"tag-sciences-et-technologies","14":"tag-technologies","15":"tag-technology"},"share_on_mastodon":{"url":"https:\/\/pubeurope.com\/@fr\/115145988107883813","error":""},"_links":{"self":[{"href":"https:\/\/www.europesays.com\/fr\/wp-json\/wp\/v2\/posts\/365645","targetHints":{"allow":["GET"]}}],"collection":[{"href":"https:\/\/www.europesays.com\/fr\/wp-json\/wp\/v2\/posts"}],"about":[{"href":"https:\/\/www.europesays.com\/fr\/wp-json\/wp\/v2\/types\/post"}],"author":[{"embeddable":true,"href":"https:\/\/www.europesays.com\/fr\/wp-json\/wp\/v2\/users\/2"}],"replies":[{"embeddable":true,"href":"https:\/\/www.europesays.com\/fr\/wp-json\/wp\/v2\/comments?post=365645"}],"version-history":[{"count":0,"href":"https:\/\/www.europesays.com\/fr\/wp-json\/wp\/v2\/posts\/365645\/revisions"}],"wp:featuredmedia":[{"embeddable":true,"href":"https:\/\/www.europesays.com\/fr\/wp-json\/wp\/v2\/media\/365646"}],"wp:attachment":[{"href":"https:\/\/www.europesays.com\/fr\/wp-json\/wp\/v2\/media?parent=365645"}],"wp:term":[{"taxonomy":"category","embeddable":true,"href":"https:\/\/www.europesays.com\/fr\/wp-json\/wp\/v2\/categories?post=365645"},{"taxonomy":"post_tag","embeddable":true,"href":"https:\/\/www.europesays.com\/fr\/wp-json\/wp\/v2\/tags?post=365645"}],"curies":[{"name":"wp","href":"https:\/\/api.w.org\/{rel}","templated":true}]}}