{"id":365649,"date":"2025-09-04T12:19:10","date_gmt":"2025-09-04T12:19:10","guid":{"rendered":"https:\/\/www.europesays.com\/fr\/365649\/"},"modified":"2025-09-04T12:19:10","modified_gmt":"2025-09-04T12:19:10","slug":"un-quart-seulement-des-detenus-de-gaza-sont-identifies-comme-combattants-par-les-services-de-renseignements-militaires-israeliens-selon-une-enquete-du-guardian","status":"publish","type":"post","link":"https:\/\/www.europesays.com\/fr\/365649\/","title":{"rendered":"un quart seulement des d\u00e9tenus de Gaza sont identifi\u00e9s comme combattants par les services de renseignements militaires isra\u00e9liens, selon une enqu\u00eate du \u00ab\u00a0Guardian\u00a0\u00bb"},"content":{"rendered":"<p>   \u00ab\u00a0Il n\u2019y a pas de famine \u00e0 Gaza\u00a0\u00bb, affirme l\u2019arm\u00e9e isra\u00e9lienne             <\/p>\n<p class=\"post__live-container--answer-text post__space-node\">L\u2019arm\u00e9e isra\u00e9lienne r\u00e9cuse formellement les conclusions des experts du Cadre int\u00e9gr\u00e9 de classification de la s\u00e9curit\u00e9 alimentaire (IPC), un consortium d\u2019organisations non gouvernementales et d\u2019organisations internationales sous le couvert des Nations unies (ONU), qui ont alert\u00e9 sur une situation de famine pour 500\u00a0000 des 2,1\u00a0millions d\u2019habitants de la bande de Gaza.<\/p>\n<p class=\"post__live-container--answer-text post__space-node\">\u00ab\u00a0Il n\u2019y a pas de famine \u00e0 Gaza\u00a0\u00bb, a d\u00e9clar\u00e9 mercredi 3\u00a0septembre \u00e0 Tel-Aviv un officier sup\u00e9rieur du coordinateur des activit\u00e9s gouvernementales dans les territoires (Cogat), que l\u2019arm\u00e9e a demand\u00e9 \u00e0 pr\u00e9senter comme une \u00ab\u00a0source officielle\u00a0\u00bb.<\/p>\n<p class=\"post__live-container--answer-text post__space-node\">Cette source a contest\u00e9 la fiabilit\u00e9 des sources et des m\u00e9thodes utilis\u00e9es par l\u2019IPC. Aucune donn\u00e9e pr\u00e9cise n\u2019est n\u00e9anmoins fournie par le Cogat sur la malnutrition \u00e0 Gaza, document\u00e9e par des ONG et des organisations internationales pr\u00e9sentes sur place. L\u2019arm\u00e9e interdit par ailleurs aux journalistes de se rendre dans l\u2019enclave depuis le d\u00e9but de la riposte \u00e0 l\u2019attaque terroriste du Hamas le 7\u00a0octobre\u00a02023.<\/p>\n<p class=\"post__live-container--answer-text post__space-node\">Depuis le d\u00e9but d\u2019ao\u00fbt, Isra\u00ebl insiste sur l\u2019augmentation du nombre de camions autoris\u00e9s \u00e0 entrer dans la bande de Gaza et reporte sur les Nations unies et les ONG les difficult\u00e9s de distribution. Entre mars et mai, un blocus total de l\u2019enclave par l\u2019arm\u00e9e a emp\u00each\u00e9 toute livraison.<\/p>\n<p class=\"post__live-container--answer-text post__space-node\">Depuis la fin de mai, la Gaza humanitarian Foundation (GHF) avait repris une partie des livraisons dans des conditions particuli\u00e8rement chaotiques \u2013 plus de 2\u00a0000 personnes ont \u00e9t\u00e9 tu\u00e9es en allant chercher de l\u2019aide, la plupart, selon l\u2019ONU, en raison de tirs isra\u00e9liens, ce que conteste l\u2019arm\u00e9e.<\/p>\n<p class=\"post__live-container--answer-text post__space-node\">Deux nouveaux centres de distribution devraient s\u2019ajouter aux trois existants, selon le Cogat, qui affirme aussi pr\u00e9parer l\u2019ouverture d\u2019une \u00ab\u00a0aire humanitaire\u00a0\u00bb dans le sud de l\u2019enclave, sans pr\u00e9cision \u00e0 ce stade.<\/p>\n<p>         Luc Bronner (Tel-Aviv &#8211; envoy\u00e9 sp\u00e9cial)  <\/p>\n","protected":false},"excerpt":{"rendered":"\u00ab\u00a0Il n\u2019y a pas de famine \u00e0 Gaza\u00a0\u00bb, affirme l\u2019arm\u00e9e isra\u00e9lienne L\u2019arm\u00e9e isra\u00e9lienne r\u00e9cuse formellement les conclusions des&hellip;\n","protected":false},"author":2,"featured_media":365650,"comment_status":"","ping_status":"","sticky":false,"template":"","format":"standard","meta":{"footnotes":""},"categories":[5],"tags":[11,1011,27,14,12,28],"class_list":{"0":"post-365649","1":"post","2":"type-post","3":"status-publish","4":"format-standard","5":"has-post-thumbnail","7":"category-international","8":"tag-actualites","9":"tag-fr","10":"tag-france","11":"tag-international","12":"tag-news","13":"tag-world"},"share_on_mastodon":{"url":"https:\/\/pubeurope.com\/@fr\/115145996032739161","error":""},"_links":{"self":[{"href":"https:\/\/www.europesays.com\/fr\/wp-json\/wp\/v2\/posts\/365649","targetHints":{"allow":["GET"]}}],"collection":[{"href":"https:\/\/www.europesays.com\/fr\/wp-json\/wp\/v2\/posts"}],"about":[{"href":"https:\/\/www.europesays.com\/fr\/wp-json\/wp\/v2\/types\/post"}],"author":[{"embeddable":true,"href":"https:\/\/www.europesays.com\/fr\/wp-json\/wp\/v2\/users\/2"}],"replies":[{"embeddable":true,"href":"https:\/\/www.europesays.com\/fr\/wp-json\/wp\/v2\/comments?post=365649"}],"version-history":[{"count":0,"href":"https:\/\/www.europesays.com\/fr\/wp-json\/wp\/v2\/posts\/365649\/revisions"}],"wp:featuredmedia":[{"embeddable":true,"href":"https:\/\/www.europesays.com\/fr\/wp-json\/wp\/v2\/media\/365650"}],"wp:attachment":[{"href":"https:\/\/www.europesays.com\/fr\/wp-json\/wp\/v2\/media?parent=365649"}],"wp:term":[{"taxonomy":"category","embeddable":true,"href":"https:\/\/www.europesays.com\/fr\/wp-json\/wp\/v2\/categories?post=365649"},{"taxonomy":"post_tag","embeddable":true,"href":"https:\/\/www.europesays.com\/fr\/wp-json\/wp\/v2\/tags?post=365649"}],"curies":[{"name":"wp","href":"https:\/\/api.w.org\/{rel}","templated":true}]}}