{"id":365651,"date":"2025-09-04T12:20:12","date_gmt":"2025-09-04T12:20:12","guid":{"rendered":"https:\/\/www.europesays.com\/fr\/365651\/"},"modified":"2025-09-04T12:20:12","modified_gmt":"2025-09-04T12:20:12","slug":"le-couple-ouvre-un-nouveau-chapitre-de-sa-vie","status":"publish","type":"post","link":"https:\/\/www.europesays.com\/fr\/365651\/","title":{"rendered":"le couple ouvre un nouveau chapitre de sa vie"},"content":{"rendered":"<p>Par <a class=\"author_recette\" id=\"author_name\" href=\"https:\/\/www.nextplz.fr\/auteur\/laura-angelo\" rel=\"nofollow noopener\" target=\"_blank\">Laura<br \/>\nD\u2019Angelo<\/a> &#8211;<br \/>\nPubli\u00e9 le 04 Sep 2025 \u00e0<br \/>\n12:30<\/p>\n<p class=\"article-intro excerpt\">Emmanuel et Brigitte Macron ont<br \/>\npris une grande d\u00e9cision. Le couple pr\u00e9sidentiel a d\u00e9cid\u00e9 de<br \/>\ntourner la page.<\/p>\n<p>La rentr\u00e9e 2025 ne d\u00e9marre pas sous les meilleurs auspices pour<br \/>\nEmmanuel Macron sur le plan politique. Le pr\u00e9sident doit composer<br \/>\navec le vote de confiance de Fran\u00e7ois Bayrou, un \u00e9pisode qui<br \/>\nassombrit son retour sur le devant de la sc\u00e8ne.<\/p>\n<p>La<br \/>\nvilla Mon\u00e9jan, une page qui se tourne pour les Macron<\/p>\n<p>\u00c0 titre personnel, des changements sont aussi \u00e0 noter. Avec<br \/>\n<a href=\"https:\/\/www.nextplz.fr\/people\/503790-la-verite-emmanuel-macron-tranche-enfin-sur-letat-civil-de-brigitte-cela-a-pris-une-telle-ampleur-que-nous-devions-reagir\" rel=\"nofollow noopener\" target=\"_blank\"><br \/>\nson \u00e9pouse Brigitte Macron<\/a>, il vient d\u2019ouvrir un nouveau<br \/>\nchapitre en tournant la page d\u2019une <strong>demeure symbolique au<br \/>\nTouquet.<\/strong> C\u2019est l\u00e0 que Brigitte Macron poss\u00e9dait la villa<br \/>\nMon\u00e9jan, h\u00e9rit\u00e9e en 2014. Mais cette maison n\u2019est plus \u00e0 eux. En<br \/>\neffet, elle a \u00e9t\u00e9 vendue le 28 avril dernier pour <strong>3,6<br \/>\nmillions d\u2019euros<\/strong> (hors frais d\u2019agence et de notaire). Une<br \/>\nop\u00e9ration qui s\u2019av\u00e8re tr\u00e8s rentable, puisque le bien avait \u00e9t\u00e9<br \/>\nestim\u00e9 \u00e0 1,2 million d\u2019euros il y a dix ans. Certains<br \/>\nprofessionnels locaux, interrog\u00e9s par Paris Match,<br \/>\navancent une fourchette plus modeste de \u00ab\u00a02 millions \u00e0 2,4<br \/>\nmillions, pas plus\u00a0\u00bb.<\/p>\n<p>L&rsquo;ancienne maison de Brigitte Macron va \u00eatre transform\u00e9e du tout au<br \/>\ntout<\/p>\n<p>Quoi qu\u2019il en soit, le promoteur Patrick Pawletta, patron<br \/>\nd\u2019Oxial, a saut\u00e9 sur l\u2019occasion. En rachetant la villa Mon\u00e9jan,<br \/>\nPatrick Pawletta ne compte pas en faire une r\u00e9sidence priv\u00e9e.<br \/>\nL\u2019homme d\u2019affaires a expliqu\u00e9 vouloir tirer parti de son<br \/>\nemplacement strat\u00e9gique, au c\u0153ur du \u00ab\u00a0triangle d\u2019or\u00a0\u00bb de la station<br \/>\nbaln\u00e9aire. Son objectif : <strong>transformer la b\u00e2tisse en espace<br \/>\ncommercial<\/strong> destin\u00e9 \u00e0 accueillir des enseignes de luxe,<br \/>\njusqu\u2019ici absentes du Touquet-Plage. Une r\u00e9orientation qui risque<br \/>\nde modifier le visage de ce quartier tr\u00e8s fr\u00e9quent\u00e9, et qui<br \/>\nconfirme la valeur symbolique et \u00e9conomique de cette adresse. Un<br \/>\nnouveau foyer face \u00e0 la mer Pour autant, Brigitte et Emmanuel<br \/>\nMacron ne coupent pas leurs liens avec le Touquet.<\/p>\n<p>Emmanuel et Brigitte Macron ont d\u00e9j\u00e0 achet\u00e9 un nouveau bien au<br \/>\nTouquet<\/p>\n<p>Quelques semaines plus t\u00f4t, le couple a acquis <strong>une<br \/>\nnouvelle maison face \u00e0 la mer.<\/strong> Selon nos confr\u00e8res, il<br \/>\ns\u2019agit d\u2019une villa en briques rouges de <strong>290 m\u00b2 avec<br \/>\njardin,<\/strong> situ\u00e9e directement en bord de plage. L\u2019achat a \u00e9t\u00e9<br \/>\nr\u00e9alis\u00e9 via une SCI cr\u00e9\u00e9e en f\u00e9vrier 2025, baptis\u00e9e Bremselati.<br \/>\n<a href=\"https:\/\/www.nextplz.fr\/people\/505671-une-autorite-un-cote-maternel-danciens-eleves-de-brigitte-macron-deballent-tout-sur-ses-agissements-en-classe\" rel=\"nofollow noopener\" target=\"_blank\"><br \/>\nBrigitte Macron, ancienne professeure<\/a>, en est la g\u00e9rante, aux<br \/>\nc\u00f4t\u00e9s de ses trois enfants et de son \u00e9poux. Le Figaro pr\u00e9cise qu\u2019un<br \/>\npermis de construire pour agrandir la propri\u00e9t\u00e9 a d\u00e9j\u00e0 \u00e9t\u00e9 d\u00e9pos\u00e9,<br \/>\nprovoquant les premi\u00e8res r\u00e9actions dans le voisinage. Une volont\u00e9<br \/>\nde tranquillit\u00e9 Si le prix de cette nouvelle villa reste<br \/>\nconfidentiel, une chose est s\u00fbre : le couple pr\u00e9sidentiel cherchait<br \/>\n\u00e0 gagner en tranquillit\u00e9.<\/p>\n","protected":false},"excerpt":{"rendered":"Par Laura D\u2019Angelo &#8211; Publi\u00e9 le 04 Sep 2025 \u00e0 12:30 Emmanuel et Brigitte Macron ont pris une&hellip;\n","protected":false},"author":2,"featured_media":365652,"comment_status":"","ping_status":"","sticky":false,"template":"","format":"standard","meta":{"footnotes":""},"categories":[4],"tags":[11,1011,27,12,25],"class_list":{"0":"post-365651","1":"post","2":"type-post","3":"status-publish","4":"format-standard","5":"has-post-thumbnail","7":"category-france","8":"tag-actualites","9":"tag-fr","10":"tag-france","11":"tag-news","12":"tag-republique-francaise"},"share_on_mastodon":{"url":"https:\/\/pubeurope.com\/@fr\/115145999910474657","error":""},"_links":{"self":[{"href":"https:\/\/www.europesays.com\/fr\/wp-json\/wp\/v2\/posts\/365651","targetHints":{"allow":["GET"]}}],"collection":[{"href":"https:\/\/www.europesays.com\/fr\/wp-json\/wp\/v2\/posts"}],"about":[{"href":"https:\/\/www.europesays.com\/fr\/wp-json\/wp\/v2\/types\/post"}],"author":[{"embeddable":true,"href":"https:\/\/www.europesays.com\/fr\/wp-json\/wp\/v2\/users\/2"}],"replies":[{"embeddable":true,"href":"https:\/\/www.europesays.com\/fr\/wp-json\/wp\/v2\/comments?post=365651"}],"version-history":[{"count":0,"href":"https:\/\/www.europesays.com\/fr\/wp-json\/wp\/v2\/posts\/365651\/revisions"}],"wp:featuredmedia":[{"embeddable":true,"href":"https:\/\/www.europesays.com\/fr\/wp-json\/wp\/v2\/media\/365652"}],"wp:attachment":[{"href":"https:\/\/www.europesays.com\/fr\/wp-json\/wp\/v2\/media?parent=365651"}],"wp:term":[{"taxonomy":"category","embeddable":true,"href":"https:\/\/www.europesays.com\/fr\/wp-json\/wp\/v2\/categories?post=365651"},{"taxonomy":"post_tag","embeddable":true,"href":"https:\/\/www.europesays.com\/fr\/wp-json\/wp\/v2\/tags?post=365651"}],"curies":[{"name":"wp","href":"https:\/\/api.w.org\/{rel}","templated":true}]}}