{"id":365653,"date":"2025-09-04T12:21:11","date_gmt":"2025-09-04T12:21:11","guid":{"rendered":"https:\/\/www.europesays.com\/fr\/365653\/"},"modified":"2025-09-04T12:21:11","modified_gmt":"2025-09-04T12:21:11","slug":"face-a-la-maree-descendante-de-la-denatalite-une-note-appelle-a-travailler-plus-et-automatiser-davantage","status":"publish","type":"post","link":"https:\/\/www.europesays.com\/fr\/365653\/","title":{"rendered":"Face \u00e0 la \u00abmar\u00e9e descendante\u00bb de la d\u00e9natalit\u00e9, une note appelle \u00e0 \u00abtravailler plus et automatiser davantage\u00bb"},"content":{"rendered":"<p>Dans un document publi\u00e9 jeudi, le Haut-commissariat au plan estime notamment que la France \u00abgagnerait\u00bb \u00e0 \u00abse doter d\u2019une strat\u00e9gie d\u2019immigration de travail\u00bb.<\/p>\n<p class=\"fig-paragraph\">La baisse de la\u00a0<a href=\"http:\/\/www.lefigaro.fr\/international\/chine-pour-stimuler-la-natalite-le-gouvernement-versera-des-allocations-aux-parents-20250728\" target=\"_blank\" data-fig-type=\"NewsFlash\" rel=\"noopener\" data-gtm-custom-categorie=\"navigation\" data-gtm-custom-action=\"crossclick\" data-gtm-custom-label=\"Contextuel\" data-gtm-event=\"customEventSPE\" data-fig-domain=\"LEFIGARO\">natalit\u00e9<\/a>\u00a0en France est \u00abune mar\u00e9e descendante\u00bb qui va n\u00e9cessiter de \u00abtravailler plus et d&rsquo;automatiser davantage\u00bb et de se doter d&rsquo;une \u00abstrat\u00e9gie d&rsquo;immigration de travail\u00bb, selon le Haut-commissariat \u00e0 la Strat\u00e9gie et au plan. Dans une note publi\u00e9e jeudi, cet organisme rattach\u00e9 \u00e0 Matignon revient sur les derniers chiffres de l&rsquo;Insee qui ont fait \u00e9tat, en mai et pour la premi\u00e8re fois depuis la fin de la Seconde Guerre mondiale, d&rsquo;un solde naturel de population n\u00e9gatif sur 12 mois glissants.<\/p>\n<p class=\"fig-paragraph\">\u00abLa baisse continue et marqu\u00e9e des naissances depuis plus d&rsquo;une dizaine d&rsquo;ann\u00e9es fait basculer la France dans un nouveau r\u00e9gime d\u00e9mographique qui bouscule les perspectives \u00e9conomiques \u00e0 moyen terme\u00bb, rel\u00e8ve l&rsquo;\u00e9conomiste Maxime Sbaihi dans cette note. \u00abAu-del\u00e0 des maternit\u00e9s, la d\u00e9natalit\u00e9 est une mar\u00e9e descendante qui se fait d\u00e9j\u00e0 ressentir sur les bancs des \u00e9coles et des coll\u00e8ges, elle atteint aujourd&rsquo;hui les lyc\u00e9es, demain l&rsquo;enseignement sup\u00e9rieur et bient\u00f4t le march\u00e9 du travail\u00bb, ajoute-t-il.<\/p>\n<p>                                    <a class=\"fig-a11y-skip a11y-hidden\" href=\"#fig-a11y-skip-main-inarticle\"><br \/>\n        Passer la publicit\u00e9<br \/>\n    <\/a><\/p>\n<p class=\"fig-paragraph\">Dans le d\u00e9tail, les \u00e9coles primaires ont ainsi perdu plus d&rsquo;un demi-million d&rsquo;\u00e9l\u00e8ves sur les dix derni\u00e8res ann\u00e9es et elles devraient en perdre 284.000 suppl\u00e9mentaires d&rsquo;ici 2028, portant la baisse totale des effectifs \u00e0 13% depuis 2015, peut-on lire. La d\u00e9natalit\u00e9 devrait de la m\u00eame mani\u00e8re impacter les effectifs de l&rsquo;enseignement sup\u00e9rieur \u00e0 partir de 2029, avec une baisse plus prononc\u00e9e \u00e0 partir de 2033.<\/p>\n<p>Une mar\u00e9e descendante qui va se faire ressentir sur le march\u00e9 du travail<\/p>\n<p class=\"fig-paragraph\">Sans surprise, l&rsquo;impact de la \u00abmar\u00e9e descendante\u00bb va \u00e9galement se faire ressentir sur le march\u00e9 du travail. La population active continue certes de cro\u00eetre mais \u00ab\u00e0 un rythme toujours plus faible, ce qui annonce une d\u00e9croissance sur la prochaine d\u00e9cennie, \u00e0 politique inchang\u00e9e\u00bb, \u00e9crit l&rsquo;\u00e9conomiste. Face \u00e0 ces constats, la France dispose de plusieurs leviers \u00abpour adapter son \u00e9conomie \u00e0 une d\u00e9mographie pass\u00e9e de vent porteur \u00e0 vent contraire\u00a0: travailler plus, automatiser davantage, accueillir mieux\u00bb.<\/p>\n<p class=\"fig-paragraph\">Sur le premier point, la note du Haut-commissariat au plan met en avant une \u00abmarge de hausse non n\u00e9gligeable du taux d&rsquo;activit\u00e9 et d&rsquo;allongement du temps de travail sur toute la dur\u00e9e de la vie.\u00bb Le d\u00e9veloppement de la robotique dans certains secteurs permettrait quant \u00e0 lui \u00abd&rsquo;amortir le choc\u00bb et de compenser une partie de la p\u00e9nurie de main-d\u2019\u0153uvre. Enfin, la France \u00abgagnerait\u00bb \u00e0 \u00abse doter d&rsquo;une strat\u00e9gie d&rsquo;immigration de travail\u00bb, estime Maxime Sbaihi qui prend pour exemple certains pays voisins qui ont \u00abchoisi de compenser un solde naturel n\u00e9gatif par un solde migratoire positif en recrutant \u00e0 l&rsquo;\u00e9tranger selon des crit\u00e8res \u00e9conomiques correspondant\u00bb \u00e0 leurs besoins nationaux.<\/p>\n","protected":false},"excerpt":{"rendered":"Dans un document publi\u00e9 jeudi, le Haut-commissariat au plan estime notamment que la France \u00abgagnerait\u00bb \u00e0 \u00abse doter&hellip;\n","protected":false},"author":2,"featured_media":365654,"comment_status":"","ping_status":"","sticky":false,"template":"","format":"standard","meta":{"footnotes":""},"categories":[2],"tags":[11,1011,27,26608,12,3847],"class_list":{"0":"post-365653","1":"post","2":"type-post","3":"status-publish","4":"format-standard","5":"has-post-thumbnail","7":"category-actualites","8":"tag-actualites","9":"tag-fr","10":"tag-france","11":"tag-natalite","12":"tag-news","13":"tag-travail"},"share_on_mastodon":{"url":"https:\/\/pubeurope.com\/@fr\/115146003839700892","error":""},"_links":{"self":[{"href":"https:\/\/www.europesays.com\/fr\/wp-json\/wp\/v2\/posts\/365653","targetHints":{"allow":["GET"]}}],"collection":[{"href":"https:\/\/www.europesays.com\/fr\/wp-json\/wp\/v2\/posts"}],"about":[{"href":"https:\/\/www.europesays.com\/fr\/wp-json\/wp\/v2\/types\/post"}],"author":[{"embeddable":true,"href":"https:\/\/www.europesays.com\/fr\/wp-json\/wp\/v2\/users\/2"}],"replies":[{"embeddable":true,"href":"https:\/\/www.europesays.com\/fr\/wp-json\/wp\/v2\/comments?post=365653"}],"version-history":[{"count":0,"href":"https:\/\/www.europesays.com\/fr\/wp-json\/wp\/v2\/posts\/365653\/revisions"}],"wp:featuredmedia":[{"embeddable":true,"href":"https:\/\/www.europesays.com\/fr\/wp-json\/wp\/v2\/media\/365654"}],"wp:attachment":[{"href":"https:\/\/www.europesays.com\/fr\/wp-json\/wp\/v2\/media?parent=365653"}],"wp:term":[{"taxonomy":"category","embeddable":true,"href":"https:\/\/www.europesays.com\/fr\/wp-json\/wp\/v2\/categories?post=365653"},{"taxonomy":"post_tag","embeddable":true,"href":"https:\/\/www.europesays.com\/fr\/wp-json\/wp\/v2\/tags?post=365653"}],"curies":[{"name":"wp","href":"https:\/\/api.w.org\/{rel}","templated":true}]}}