{"id":365655,"date":"2025-09-04T12:22:17","date_gmt":"2025-09-04T12:22:17","guid":{"rendered":"https:\/\/www.europesays.com\/fr\/365655\/"},"modified":"2025-09-04T12:22:17","modified_gmt":"2025-09-04T12:22:17","slug":"les-bars-emblematiques-au-transe-fer-on-sert-de-la-qualite-en-quantite-a-prix-abordable-depuis-25-ans","status":"publish","type":"post","link":"https:\/\/www.europesays.com\/fr\/365655\/","title":{"rendered":"Les bars embl\u00e9matiques. Au Transe-Fer, on sert de la qualit\u00e9 en quantit\u00e9 \u00e0 prix abordable depuis 25 ans"},"content":{"rendered":"<p>Erik Seive a commenc\u00e9 son apprentissage chez le P\u00e8re Broche \u00e0 La Rotonde \u00e0 la fin des ann\u00e9es 1970, il avait alors 14 ans. Il partait de Lichemiaille, o\u00f9 il habitait, \u00e0 5\u00a0heures du matin pour \u00eatre \u00e0 l\u2019heure au travail. \u00ab\u00a0C\u2019est l\u00e0 que j\u2019ai pris go\u00fbt \u00e0 ce m\u00e9tier. \u00c0 la maison j\u2019\u00e9tais toujours en train de cuisiner. J\u2019\u00e9tais tout gamin lorsque mes grands-parents m\u2019ont offert un livre de cuisine pour apprendre \u00e0 cuisiner et je faisais des clafoutis et diff\u00e9rents desserts\u00a0\u00bb, raconte-t-il.<\/p>\n<p>Depuis 2004 le bar s\u2019appelle Le Transe-Fer<\/p>\n<p>Son CAP de p\u00e2tissier en poche, il poursuit au Chambon-Feugerolles puis au Puy. \u00ab\u00a0\u00c0 l\u2019\u00e9poque, le Code du travail c\u2019\u00e9tait z\u00e9ro. On attaquait \u00e0 5\u00a0heures du matin jusqu\u2019\u00e0 midi puis de 14\u00a0heures \u00e0 17 heures.\u00a0\u00bb Dans les ann\u00e9es 1980, les choses deviennent plus&#8230;<\/p>\n","protected":false},"excerpt":{"rendered":"Erik Seive a commenc\u00e9 son apprentissage chez le P\u00e8re Broche \u00e0 La Rotonde \u00e0 la fin des ann\u00e9es&hellip;\n","protected":false},"author":2,"featured_media":365656,"comment_status":"","ping_status":"","sticky":false,"template":"","format":"standard","meta":{"footnotes":""},"categories":[9653],"tags":[1111,11,2430,4406,33,7539,1777,674,1011,27,12,25,4001,14024,14025],"class_list":{"0":"post-365655","1":"post","2":"type-post","3":"status-publish","4":"format-standard","5":"has-post-thumbnail","7":"category-saint-etienne","8":"tag-actu","9":"tag-actualites","10":"tag-auvergne-rhone-alpes","11":"tag-commerce-et-services","12":"tag-economie","13":"tag-edition-loire-sud","14":"tag-eu","15":"tag-europe","16":"tag-fr","17":"tag-france","18":"tag-news","19":"tag-republique-francaise","20":"tag-saint-etienne","21":"tag-unieux","22":"tag-unieux-bassin"},"share_on_mastodon":{"url":"https:\/\/pubeurope.com\/@fr\/115146007800340553","error":""},"_links":{"self":[{"href":"https:\/\/www.europesays.com\/fr\/wp-json\/wp\/v2\/posts\/365655","targetHints":{"allow":["GET"]}}],"collection":[{"href":"https:\/\/www.europesays.com\/fr\/wp-json\/wp\/v2\/posts"}],"about":[{"href":"https:\/\/www.europesays.com\/fr\/wp-json\/wp\/v2\/types\/post"}],"author":[{"embeddable":true,"href":"https:\/\/www.europesays.com\/fr\/wp-json\/wp\/v2\/users\/2"}],"replies":[{"embeddable":true,"href":"https:\/\/www.europesays.com\/fr\/wp-json\/wp\/v2\/comments?post=365655"}],"version-history":[{"count":0,"href":"https:\/\/www.europesays.com\/fr\/wp-json\/wp\/v2\/posts\/365655\/revisions"}],"wp:featuredmedia":[{"embeddable":true,"href":"https:\/\/www.europesays.com\/fr\/wp-json\/wp\/v2\/media\/365656"}],"wp:attachment":[{"href":"https:\/\/www.europesays.com\/fr\/wp-json\/wp\/v2\/media?parent=365655"}],"wp:term":[{"taxonomy":"category","embeddable":true,"href":"https:\/\/www.europesays.com\/fr\/wp-json\/wp\/v2\/categories?post=365655"},{"taxonomy":"post_tag","embeddable":true,"href":"https:\/\/www.europesays.com\/fr\/wp-json\/wp\/v2\/tags?post=365655"}],"curies":[{"name":"wp","href":"https:\/\/api.w.org\/{rel}","templated":true}]}}