{"id":365657,"date":"2025-09-04T12:23:11","date_gmt":"2025-09-04T12:23:11","guid":{"rendered":"https:\/\/www.europesays.com\/fr\/365657\/"},"modified":"2025-09-04T12:23:11","modified_gmt":"2025-09-04T12:23:11","slug":"saint-etienne-au-mont-en-fete-ce-week-end","status":"publish","type":"post","link":"https:\/\/www.europesays.com\/fr\/365657\/","title":{"rendered":"Saint-Etienne-au-Mont en F\u00eate ce week-end"},"content":{"rendered":"\n<p><a href=\"https:\/\/www.facebook.com\/profile.php?id=100067237894460\" rel=\"noopener\" target=\"_blank\" title=\"Saint-\u00c9tienne-au-Mont en F\u00eate\"><strong>Saint-\u00c9tienne-au-Mont en F\u00eate<\/strong><\/a> un week-end festif, populaire et interg\u00e9n\u00e9rationnel, alliant culture, artisanat, musique, jeux et animations pour tous les \u00e2ges ce week-end aux abord de la M\u00e9diath\u00e8que. Ca commence ce samedi \u00e0 14:00 et \u00e7a se termine dimanche \u00e0 17:00 avec le Tribute Goldman. Notre invit\u00e9 : <strong>Baptiste Leclerc<\/strong> responsable M\u00e9diath\u00e8que de <a href=\"https:\/\/www.saintetienneaumont.com\/\" rel=\"noopener\" target=\"_blank\" title=\"Saint-Etienne-au-Mont\"><strong>Saint-Etienne-au-Mont<\/strong><\/a>. L&rsquo;Antenne est \u00e0 Vous chaque jour vers 12:40 sur <strong>Delta FM<\/strong>.<\/p>\n","protected":false},"excerpt":{"rendered":"Saint-\u00c9tienne-au-Mont en F\u00eate un week-end festif, populaire et interg\u00e9n\u00e9rationnel, alliant culture, artisanat, musique, jeux et animations pour tous&hellip;\n","protected":false},"author":2,"featured_media":365658,"comment_status":"","ping_status":"","sticky":false,"template":"","format":"standard","meta":{"footnotes":""},"categories":[9653],"tags":[50009,1111,11,1063,50007,1477,2430,50006,251,14637,1777,674,50008,24056,1011,27,5668,330,16582,873,12,50011,25,4001,26857,50010,50012,50005,50004],"class_list":{"0":"post-365657","1":"post","2":"type-post","3":"status-publish","4":"format-standard","5":"has-post-thumbnail","7":"category-saint-etienne","8":"tag-activites-pour-tous-ages","9":"tag-actu","10":"tag-actualites","11":"tag-animations","12":"tag-antenne-est-a-vous","13":"tag-artisanat","14":"tag-auvergne-rhone-alpes","15":"tag-baptiste-leclerc","16":"tag-culture","17":"tag-delta-fm","18":"tag-eu","19":"tag-europe","20":"tag-evenement-local","21":"tag-fete-populaire","22":"tag-fr","23":"tag-france","24":"tag-intergenerationnel","25":"tag-jeux","26":"tag-mediatheque","27":"tag-musique","28":"tag-news","29":"tag-programme-week-end","30":"tag-republique-francaise","31":"tag-saint-etienne","32":"tag-saint-etienne-au-mont","33":"tag-saint-etienne-au-mont-en-fete","34":"tag-spectacles-musicaux","35":"tag-tribute-goldman","36":"tag-week-end-festif"},"share_on_mastodon":{"url":"https:\/\/pubeurope.com\/@fr\/115146011744073997","error":""},"_links":{"self":[{"href":"https:\/\/www.europesays.com\/fr\/wp-json\/wp\/v2\/posts\/365657","targetHints":{"allow":["GET"]}}],"collection":[{"href":"https:\/\/www.europesays.com\/fr\/wp-json\/wp\/v2\/posts"}],"about":[{"href":"https:\/\/www.europesays.com\/fr\/wp-json\/wp\/v2\/types\/post"}],"author":[{"embeddable":true,"href":"https:\/\/www.europesays.com\/fr\/wp-json\/wp\/v2\/users\/2"}],"replies":[{"embeddable":true,"href":"https:\/\/www.europesays.com\/fr\/wp-json\/wp\/v2\/comments?post=365657"}],"version-history":[{"count":0,"href":"https:\/\/www.europesays.com\/fr\/wp-json\/wp\/v2\/posts\/365657\/revisions"}],"wp:featuredmedia":[{"embeddable":true,"href":"https:\/\/www.europesays.com\/fr\/wp-json\/wp\/v2\/media\/365658"}],"wp:attachment":[{"href":"https:\/\/www.europesays.com\/fr\/wp-json\/wp\/v2\/media?parent=365657"}],"wp:term":[{"taxonomy":"category","embeddable":true,"href":"https:\/\/www.europesays.com\/fr\/wp-json\/wp\/v2\/categories?post=365657"},{"taxonomy":"post_tag","embeddable":true,"href":"https:\/\/www.europesays.com\/fr\/wp-json\/wp\/v2\/tags?post=365657"}],"curies":[{"name":"wp","href":"https:\/\/api.w.org\/{rel}","templated":true}]}}