{"id":365659,"date":"2025-09-04T12:24:20","date_gmt":"2025-09-04T12:24:20","guid":{"rendered":"https:\/\/www.europesays.com\/fr\/365659\/"},"modified":"2025-09-04T12:24:20","modified_gmt":"2025-09-04T12:24:20","slug":"voici-les-commercants-qui-y-participent","status":"publish","type":"post","link":"https:\/\/www.europesays.com\/fr\/365659\/","title":{"rendered":"voici les commer\u00e7ants qui y participent"},"content":{"rendered":"<p>            Par<br \/>\n        <strong><br \/>\n            <a href=\"https:\/\/actu.fr\/auteur\/pierre-emile-bouchy-actu-fr\" title=\"Consulter tous les articles de Paul-Emile Bouchy\" rel=\"nofollow noopener\" target=\"_blank\">Paul-Emile Bouchy<\/a><br \/>\n        <\/strong><\/p>\n<p>        Publi\u00e9 le<\/p>\n<p>            4 sept. 2025 \u00e0 13h09        <\/p>\n<p>Apr\u00e8s<a href=\"https:\/\/actu.fr\/grand-est\/nancy_54395\/bon-plan-la-grande-braderie-en-centre-ville-de-nancy-approche-voici-les-commercants-participants_62822875.html\" rel=\"nofollow noopener\" target=\"_blank\"> la grande braderie commer\u00e7ante qui a eu lieu d\u00e9but juillet<\/a>, les commer\u00e7ants seront \u00e0 nouveau de sortie dans le centre-ville de <a href=\"https:\/\/actu.fr\/grand-est\/nancy_54395\" rel=\"nofollow noopener\" target=\"_blank\">Nancy<\/a> (Meurthe-et-Moselle) <strong>ce vendredi\u00a05 et samedi 6\u00a0septembre<\/strong>.<\/p>\n<p class=\" wall-content\">On fait le point sur les participants et sur les nombreuses animations propos\u00e9es.<\/p>\n<p>Plus de 100 commer\u00e7ants dans les rues de Nancy<\/p>\n<p class=\" wall-content\">Organis\u00e9 par l\u2019association des Vitrines de Nancy, cet \u00e9v\u00e8nement sera l\u2019occasion pour les commer\u00e7ants de <strong>sortir leurs produits de leur enseigne et proposer des promotions<\/strong>.<\/p>\n<p class=\" wall-content\">Des <strong>artisans lorrains feront aussi d\u00e9couvrir leurs produits<\/strong> au d\u00e9tour des rues Gambetta, des Dominicains, du Pont-Mouja et Saint-Jean.<\/p>\n<p class=\" wall-content\">Voici la liste des participants\u2009:<\/p>\n<ul class=\" wall-content\">\n<li>A taaable** \u2013 30 rue du Pont Mouja<\/li>\n<li>Anaria &amp; Co \u2013 18 rue Raugraff<\/li>\n<li>Anne Plumes \u2013 21 rue Gambetta<\/li>\n<li>Anthony \u2013 4 rue Gambetta<\/li>\n<li>Antonelle \u2013 29 rue Saint-Georges<\/li>\n<li>Arthur \u2013 1 rue du Pont Mouja<\/li>\n<li>BA&amp;SH \u2013 9 rue Gambetta<\/li>\n<li>Bocage \u2013 41Bis rue Saint-Jean<\/li>\n<li>Borayale \u2013 11 rue des Ponts<\/li>\n<li>Boulet \u2013 51 Grande Rue<\/li>\n<li>Boulet \u2013 10 rue Gambetta<\/li>\n<li>Boulet \u2013 28 rue Gambetta<\/li>\n<li>Calzedonia \u2013 55 rue Saint-Jean<\/li>\n<li>Carr\u00e9 Blanc \u2013 19 rue Gambetta<\/li>\n<li>Chrome \u2013 12 rue Gambetta<\/li>\n<li>Cyrillus \u2013 8 rue des Dominicains<\/li>\n<li>Damart \u2013 31 rue des Dominicains<\/li>\n<li>Des Petits Hauts \u2013 20 rue Gambetta<\/li>\n<li>Du Pareil Au M\u00eame \u2013 57 rue Saint-Jean<\/li>\n<li>Eden Park \u2013 53 rue des Dominicains<\/li>\n<li>\u00c9l\u00e9gamment V\u00f4tre \u2013 9 rue d\u2019Amerval<\/li>\n<li>\u00c9lisa Lingerie** \u2013 3 rue Gambetta<\/li>\n<li>\u00c9ram \u2013 41Bis rue Saint-Jean<\/li>\n<li>Eric Bompard \u2013 17 rue des Dominicains<\/li>\n<li>Green Planet \u2013 1 rue des Carmes<\/li>\n<li>GrinChild \u2013 rue des Dominicains<\/li>\n<li>GSELL \u2013 26\/28 rue Saint-Jean<\/li>\n<li>Haas \u2013 55 rue des Dominicains<\/li>\n<li>I. Code \u2013 3 rue Saint-Dizier<\/li>\n<li>Indies \u2013 2 rue Gambetta<\/li>\n<li>IKKS Junior \u2013 18 rue des Dominicains<\/li>\n<li>IKKS Men \u2013 36 rue des Dominicains<\/li>\n<li>IKKS Women \u2013 5 rue Gambetta<\/li>\n<li>Iris Galerie \u2013 32 rue des Dominicains<\/li>\n<li>Isa laBulla* \u2013 Rue des Dominicains<\/li>\n<li>Jacadi \u2013 12\/14 rue des Dominicains<\/li>\n<li>Jalla \u2013 23 rue Saint-Dizier<\/li>\n<li>Jass Clothes Design \u2013 6 rue d\u2019Amerval<\/li>\n<li>Jeff de Bruges \u2013 27 rue Saint-Georges<\/li>\n<li>Jo\u00eblle SAP \u2013 Rue des Dominicains<\/li>\n<li>Kusmi Tea \u2013 17 rue Saint-Jean<\/li>\n<li>La Chaussuria \u2013 21 rue du Pont Mouja<\/li>\n<li>La Galerie de l\u2019Atelier \u2013 41 Grande Rue<\/li>\n<li>La Reserve \u2013 89 Grande Rue<\/li>\n<li>La Suite\u2026 \u2013 21Bis rue Saint-Dizier<\/li>\n<li>Lacoste \u2013 46 rue des Dominicains<\/li>\n<li>Latitude \u2013 17 rue des Ponts<\/li>\n<li>Le Petit Lunetier \u2013 59 rue des Dominicains<\/li>\n<li>Les Ann\u00e9es Modernes \u2013 19 Grande Rue<\/li>\n<li>Les Glorieuses \u2013 rue des Dominicains<\/li>\n<li>Les P\u2019tits Stan \u2013 22 rue du Pont Mouja<\/li>\n<li>Les Petites P\u00e9pites \u2013 11 rue d\u2019Amerval<\/li>\n<li>Les Vitrines de Nancy \u2013 rue des Dominicains<\/li>\n<li>Linvosges \u2013 21 rue Saint-Dizier<\/li>\n<li>Ltur \u2013 46 rue Saint-Jean<\/li>\n<li>L\u2019Univers \u2013 56 Grande Rue<\/li>\n<li>LUSH** \u2013 17 rue Saint-Jean<\/li>\n<li>Maille Shop \u2013 14 rue Notre Dame<\/li>\n<li>Max Mara \u2013 24 rue Saint-Dizier<\/li>\n<li>Maxod \u2013 19 rue des Ponts<\/li>\n<li>Mise Au Green \u2013 45 rue des Dominicains<\/li>\n<li>Mon Cercle Sacr\u00e9** \u2013 Rue des Dominicains<\/li>\n<li>Mood \u2013 30 rue du Pont Mouja<\/li>\n<li>Okaidi \u2013 45 rue Saint-Jean<\/li>\n<li>Orange \u2013 45 rue Saint-Jean<\/li>\n<li>Passage Bleu \u2013 14 rue Notre Dame<\/li>\n<li>Peegy Sage \u2013 12 rue Saint-Georges<\/li>\n<li>Perles Fleurs Ciseaux* \u2013 Rue du Pont Mouja<\/li>\n<li>Pylones** \u2013 30 rue des Dominicains<\/li>\n<li>Rebond \u2013 rue Saint-Jean<\/li>\n<li>Rep\u00e8re Concept Store \u2013 27 rue de la Visitation<\/li>\n<li>RougeGorge \u2013 40 rue Saint-Jean<\/li>\n<li>Soon \u2013 25 rue du Pont Mouja<\/li>\n<li>Sorbet Citron** \u2013 76 Grande Rue<\/li>\n<li>SUPERHUIT \u2013 8 rue d\u2019Amerval<\/li>\n<li>SYM\u00c9ON \u2013 15 rue Saint-Dizier<\/li>\n<li>Terre de F\u00e9es \u2013 8 rue Gambetta<\/li>\n<li>Tolub** \u2013 11 rue Gambetta<\/li>\n<li>V\u00eat Ethic \u2013 109Bis rue Saint-Dizier<\/li>\n<li>Ver\u2019Autre Chose \u2013 14 rue du Pont Mouja<\/li>\n<li>Weil \u2013 24Bis rue Gambetta<\/li>\n<li>Yellowkorner \u2013 16 rue des Dominicains<\/li>\n<li>Yves Rocher \u2013 4 rue Saint-Georges<\/li>\n<li>Zapa \u2013 17 rue Saint-Dizier<\/li>\n<li>Zig Zag Cr\u00e9ations* \u2013 Rue des Dominicains<\/li>\n<\/ul>\n<p class=\" wall-content\">Pr\u00e8s de l\u2019office de tourisme, des <strong>animations gratuites<\/strong> seront propos\u00e9es comme <strong>un stand de maquillage <\/strong>d\u00e9di\u00e9 aux enfants, une <strong>d\u00e9ambulation festive<\/strong> par N\u00e9o Samba \u00e9 Vida\u00a0et un grand jeu pour remporter des ch\u00e8ques cadeaux.<\/p>\n<p class=\" wall-content\">* d\u00e9ballage uniquement le vendredi 5\u00a0septembre<br \/>** d\u00e9ballage uniquement le samedi 6\u00a0septembre<\/p>\n<p class=\" wall-content\">Personnalisez votre actualit\u00e9 en ajoutant vos villes et m\u00e9dias en favori avec <a href=\"https:\/\/moncompte.actu.fr\" title=\"D\u00e9couvez Mon Actu\" rel=\"nofollow noopener\" data-trk=\"{&quot;cta&quot;:{&quot;action&quot;:&quot;https:\\\/\\\/moncompte.actu.fr&quot;,&quot;category&quot;:&quot;mon compte&quot;,&quot;from&quot;:&quot;article footer&quot;,&quot;name&quot;:&quot;Mon actu&quot;,&quot;type&quot;:&quot;cta&quot;}}\" target=\"_blank\">Mon Actu<\/a>.<\/p>\n","protected":false},"excerpt":{"rendered":"Par Paul-Emile Bouchy Publi\u00e9 le 4 sept. 2025 \u00e0 13h09 Apr\u00e8s la grande braderie commer\u00e7ante qui a eu&hellip;\n","protected":false},"author":2,"featured_media":116118,"comment_status":"","ping_status":"","sticky":false,"template":"","format":"standard","meta":{"footnotes":""},"categories":[9635],"tags":[1111,11,11226,1777,674,1011,27,775,1702,12,25,104],"class_list":{"0":"post-365659","1":"post","2":"type-post","3":"status-publish","4":"format-standard","5":"has-post-thumbnail","7":"category-nancy","8":"tag-actu","9":"tag-actualites","10":"tag-bons-plans-a-nancy","11":"tag-eu","12":"tag-europe","13":"tag-fr","14":"tag-france","15":"tag-grand-est","16":"tag-nancy","17":"tag-news","18":"tag-republique-francaise","19":"tag-societe"},"share_on_mastodon":{"url":"https:\/\/pubeurope.com\/@fr\/115146015555041277","error":""},"_links":{"self":[{"href":"https:\/\/www.europesays.com\/fr\/wp-json\/wp\/v2\/posts\/365659","targetHints":{"allow":["GET"]}}],"collection":[{"href":"https:\/\/www.europesays.com\/fr\/wp-json\/wp\/v2\/posts"}],"about":[{"href":"https:\/\/www.europesays.com\/fr\/wp-json\/wp\/v2\/types\/post"}],"author":[{"embeddable":true,"href":"https:\/\/www.europesays.com\/fr\/wp-json\/wp\/v2\/users\/2"}],"replies":[{"embeddable":true,"href":"https:\/\/www.europesays.com\/fr\/wp-json\/wp\/v2\/comments?post=365659"}],"version-history":[{"count":0,"href":"https:\/\/www.europesays.com\/fr\/wp-json\/wp\/v2\/posts\/365659\/revisions"}],"wp:featuredmedia":[{"embeddable":true,"href":"https:\/\/www.europesays.com\/fr\/wp-json\/wp\/v2\/media\/116118"}],"wp:attachment":[{"href":"https:\/\/www.europesays.com\/fr\/wp-json\/wp\/v2\/media?parent=365659"}],"wp:term":[{"taxonomy":"category","embeddable":true,"href":"https:\/\/www.europesays.com\/fr\/wp-json\/wp\/v2\/categories?post=365659"},{"taxonomy":"post_tag","embeddable":true,"href":"https:\/\/www.europesays.com\/fr\/wp-json\/wp\/v2\/tags?post=365659"}],"curies":[{"name":"wp","href":"https:\/\/api.w.org\/{rel}","templated":true}]}}