{"id":365660,"date":"2025-09-04T12:26:09","date_gmt":"2025-09-04T12:26:09","guid":{"rendered":"https:\/\/www.europesays.com\/fr\/365660\/"},"modified":"2025-09-04T12:26:09","modified_gmt":"2025-09-04T12:26:09","slug":"water-polo-remi-garsau-un-nanceien-dadoption-aux-commandes-du-grand-nancy-ac","status":"publish","type":"post","link":"https:\/\/www.europesays.com\/fr\/365660\/","title":{"rendered":"Water-polo. R\u00e9mi Garsau, un Nanc\u00e9ien d\u2019adoption aux commandes du Grand Nancy AC"},"content":{"rendered":"<blockquote class=\"question\"><p>Qu\u2019est ce qui vous a motiv\u00e9 \u00e0 devenir le nouvel entra\u00eeneur du GNAC pour la saison 2025-2026\u00a0?<\/p><\/blockquote>\n<p>Plusieurs choses. D\u00e9j\u00e0, le d\u00e9fi sportif. C\u2019est la premi\u00e8re fois, depuis que j\u2019entra\u00eene, que je prends un club en \u00c9lite f\u00e9minine. J\u2019ai entra\u00een\u00e9 en Nationale 2, \u00e0 Noisy-le-Sec (Seine-Saint-Denis), la saison derni\u00e8re et j\u2019avais envie de voir plus haut. Et deuxi\u00e8mement, parce que ma femme est originaire de Nancy, notre fils est n\u00e9 ici et toute ma belle-famille y r\u00e9side. J\u2019ai des attaches particuli\u00e8res dans cette ville et ce d\u00e9fi r\u00e9unissait l\u2019utile \u00e0 l\u2019agr\u00e9able.<\/p>\n<blockquote class=\"question\"><p>Quelles sont vos attentes pour ce nouvel exercice\u00a0?<\/p><\/blockquote>\n<p>En venant ici, l\u2019id\u00e9e est \u00e9videmment de franchir un palier avec le club. Le GNAC progresse d\u2019ann\u00e9e en ann\u00e9e, elles ont fini vice-championnes de France la saison pr\u00e9c\u00e9dente et l\u2019objectif est aussi de surfer sur cette vague. Pour cela, il faudra que je leur impose mon style de jeu \u00e9videmment. J\u2019aimerais que chacune soit \u00e0 200\u00a0%, peu importe l\u2019adversaire ou le r\u00e9sultat.<\/p>\n<blockquote class=\"question\"><p>En quoi prendre en charge une \u00e9quipe f\u00e9minine peut changer votre mani\u00e8re de fonctionner\u00a0?<\/p><\/blockquote>\n<p>Je n\u2019ai pas envie de dire que cela va tout changer. C\u2019est diff\u00e9rent forc\u00e9ment surtout dans la gestion du groupe. Mais j\u2019ai la chance d\u2019avoir ma femme (L\u00e9a Bachelier) qui a jou\u00e9 pendant pr\u00e8s de 15 ans dans le milieu professionnel. Je ne suis donc pas totalement \u00e9tranger \u00e0 cela. C\u2019est un d\u00e9fi particulier mais exaltant.<\/p>\n<blockquote class=\"question\"><p>Du 26 ou 28\u00a0septembre, le GNAC a rendez-vous avec la Ligue des Champions. Quelles sont les ambitions pour cette comp\u00e9tition\u00a0?<\/p><\/blockquote>\n<p>On veut voir cela comme une vraie opportunit\u00e9 de travailler pour la suite de la saison. L\u2019Euro Cup sera plus \u00e0 notre port\u00e9e et notre niveau. Mais c\u2019est un week-end qui va nous permettre aussi de prendre nos marques avant d\u2019affronter Taverny que l\u2019on retrouvera \u00e0 l\u2019occasion de la premi\u00e8re journ\u00e9e de championnat (4\u00a0octobre).<\/p>\n","protected":false},"excerpt":{"rendered":"Qu\u2019est ce qui vous a motiv\u00e9 \u00e0 devenir le nouvel entra\u00eeneur du GNAC pour la saison 2025-2026\u00a0? Plusieurs&hellip;\n","protected":false},"author":2,"featured_media":365661,"comment_status":"","ping_status":"","sticky":false,"template":"","format":"standard","meta":{"footnotes":""},"categories":[9635],"tags":[1111,11,1704,1777,674,107,1701,1011,27,775,1702,1703,12,25,517,1700,15103,7488],"class_list":{"0":"post-365660","1":"post","2":"type-post","3":"status-publish","4":"format-standard","5":"has-post-thumbnail","7":"category-nancy","8":"tag-actu","9":"tag-actualites","10":"tag-edition-nancy-et-agglomeration","11":"tag-eu","12":"tag-europe","13":"tag-fil-info","14":"tag-fil-info-sport","15":"tag-fr","16":"tag-france","17":"tag-grand-est","18":"tag-nancy","19":"tag-nancy-ville-54b","20":"tag-news","21":"tag-republique-francaise","22":"tag-sport","23":"tag-sport-lorrain","24":"tag-sports-nautiques","25":"tag-water-polo"},"share_on_mastodon":{"url":"https:\/\/pubeurope.com\/@fr\/115146023525837968","error":""},"_links":{"self":[{"href":"https:\/\/www.europesays.com\/fr\/wp-json\/wp\/v2\/posts\/365660","targetHints":{"allow":["GET"]}}],"collection":[{"href":"https:\/\/www.europesays.com\/fr\/wp-json\/wp\/v2\/posts"}],"about":[{"href":"https:\/\/www.europesays.com\/fr\/wp-json\/wp\/v2\/types\/post"}],"author":[{"embeddable":true,"href":"https:\/\/www.europesays.com\/fr\/wp-json\/wp\/v2\/users\/2"}],"replies":[{"embeddable":true,"href":"https:\/\/www.europesays.com\/fr\/wp-json\/wp\/v2\/comments?post=365660"}],"version-history":[{"count":0,"href":"https:\/\/www.europesays.com\/fr\/wp-json\/wp\/v2\/posts\/365660\/revisions"}],"wp:featuredmedia":[{"embeddable":true,"href":"https:\/\/www.europesays.com\/fr\/wp-json\/wp\/v2\/media\/365661"}],"wp:attachment":[{"href":"https:\/\/www.europesays.com\/fr\/wp-json\/wp\/v2\/media?parent=365660"}],"wp:term":[{"taxonomy":"category","embeddable":true,"href":"https:\/\/www.europesays.com\/fr\/wp-json\/wp\/v2\/categories?post=365660"},{"taxonomy":"post_tag","embeddable":true,"href":"https:\/\/www.europesays.com\/fr\/wp-json\/wp\/v2\/tags?post=365660"}],"curies":[{"name":"wp","href":"https:\/\/api.w.org\/{rel}","templated":true}]}}