{"id":365662,"date":"2025-09-04T12:27:10","date_gmt":"2025-09-04T12:27:10","guid":{"rendered":"https:\/\/www.europesays.com\/fr\/365662\/"},"modified":"2025-09-04T12:27:10","modified_gmt":"2025-09-04T12:27:10","slug":"les-mobilisations-du-10-septembre-se-preparent-dans-le-var-et-les-alpes-maritimes","status":"publish","type":"post","link":"https:\/\/www.europesays.com\/fr\/365662\/","title":{"rendered":"Les mobilisations du 10 septembre se pr\u00e9parent dans le Var et les Alpes-Maritimes"},"content":{"rendered":"<p>Au parc des Lices, \u00e0 Toulon, une quarantaine de personnes s\u2019est retrouv\u00e9e en fin d\u2019apr\u00e8s-midi ce mercredi 3 septembre. Le but : coordonner les <strong>actions qui seront men\u00e9es le 10 dans le cadre du mouvement \u00ab\u00a0Bloquons tout\u00a0\u00bb <\/strong>n\u00e9 sur les r\u00e9seaux sociaux. Apr\u00e8s plusieurs prises de parole, parfois vives, autour de l\u2019<strong>inflation, du pouvoir d\u2019achat et du r\u00f4le des patrons<\/strong>, les discussions ont converg\u00e9 vers l<strong>\u2019organisation de blocages<\/strong>. Routes, parkings et zones commerciales figurent parmi les cibles principales.<\/p>\n<p>Un plan d\u2019action en gestation \u00e0 Toulon\u00a0<\/p>\n<p>\u00ab Il faut une mobilisation massive et coordonn\u00e9e \u00bb, insistent plusieurs participants, m\u00eame si un certain flou demeure encore quant au d\u00e9roul\u00e9 de la journ\u00e9e. Isabelle, gilet jaune depuis 2018, confie s\u2019interroger sur la forme que prendra concr\u00e8tement le mouvement. Dans le Var, les protestataires \u00e9voquent d\u00e9j\u00e0 le<strong> lyc\u00e9e Dumont-d\u2019Urville, le rond-point du p\u00e9age de Bandol ainsi que les parkings du centre commercial Avenue 83<\/strong> comme points n\u00e9vralgiques.<\/p>\n<p>Des actions pr\u00e9vues aussi dans les Alpes-Maritimes<\/p>\n<p>La mobilisation d\u00e9passe le cadre toulonnais. Une assembl\u00e9e populaire est aussi pr\u00e9vue vendredi 5 septembre \u00e0 18 heures \u00e0 Flayosc.\u00a0<\/p>\n<p>Dans les Alpes-Maritimes, le collectif \u00ab\u00a0Bloquons tout\u00a0\u00bb appelle \u00e9galement \u00e0 rejoindre le mouvement. A Nice, plusieurs points strat\u00e9giques sont dans le viseur : <strong>la place Mass\u00e9na, les acc\u00e8s principaux de l\u2019a\u00e9roport Nice C\u00f4te d\u2019Azur ainsi que les alentours du Palais des Expositions<\/strong>. A mesure que la date du 10 septembre approche, les organisateurs esp\u00e8rent transformer ces discussions locales en une d\u00e9monstration de force.<\/p>\n","protected":false},"excerpt":{"rendered":"Au parc des Lices, \u00e0 Toulon, une quarantaine de personnes s\u2019est retrouv\u00e9e en fin d\u2019apr\u00e8s-midi ce mercredi 3&hellip;\n","protected":false},"author":2,"featured_media":365663,"comment_status":"","ping_status":"","sticky":false,"template":"","format":"standard","meta":{"footnotes":""},"categories":[9619],"tags":[1111,11,1777,674,1011,27,12,882,25,2310],"class_list":{"0":"post-365662","1":"post","2":"type-post","3":"status-publish","4":"format-standard","5":"has-post-thumbnail","7":"category-toulon","8":"tag-actu","9":"tag-actualites","10":"tag-eu","11":"tag-europe","12":"tag-fr","13":"tag-france","14":"tag-news","15":"tag-provence-alpes-cote-dazur","16":"tag-republique-francaise","17":"tag-toulon"},"share_on_mastodon":{"url":"https:\/\/pubeurope.com\/@fr\/115146027490567221","error":""},"_links":{"self":[{"href":"https:\/\/www.europesays.com\/fr\/wp-json\/wp\/v2\/posts\/365662","targetHints":{"allow":["GET"]}}],"collection":[{"href":"https:\/\/www.europesays.com\/fr\/wp-json\/wp\/v2\/posts"}],"about":[{"href":"https:\/\/www.europesays.com\/fr\/wp-json\/wp\/v2\/types\/post"}],"author":[{"embeddable":true,"href":"https:\/\/www.europesays.com\/fr\/wp-json\/wp\/v2\/users\/2"}],"replies":[{"embeddable":true,"href":"https:\/\/www.europesays.com\/fr\/wp-json\/wp\/v2\/comments?post=365662"}],"version-history":[{"count":0,"href":"https:\/\/www.europesays.com\/fr\/wp-json\/wp\/v2\/posts\/365662\/revisions"}],"wp:featuredmedia":[{"embeddable":true,"href":"https:\/\/www.europesays.com\/fr\/wp-json\/wp\/v2\/media\/365663"}],"wp:attachment":[{"href":"https:\/\/www.europesays.com\/fr\/wp-json\/wp\/v2\/media?parent=365662"}],"wp:term":[{"taxonomy":"category","embeddable":true,"href":"https:\/\/www.europesays.com\/fr\/wp-json\/wp\/v2\/categories?post=365662"},{"taxonomy":"post_tag","embeddable":true,"href":"https:\/\/www.europesays.com\/fr\/wp-json\/wp\/v2\/tags?post=365662"}],"curies":[{"name":"wp","href":"https:\/\/api.w.org\/{rel}","templated":true}]}}