{"id":365664,"date":"2025-09-04T12:28:10","date_gmt":"2025-09-04T12:28:10","guid":{"rendered":"https:\/\/www.europesays.com\/fr\/365664\/"},"modified":"2025-09-04T12:28:10","modified_gmt":"2025-09-04T12:28:10","slug":"mort-suspecte-dun-policier-a-toulon-retrouve-mains-et-pieds-entraves","status":"publish","type":"post","link":"https:\/\/www.europesays.com\/fr\/365664\/","title":{"rendered":"Mort suspecte d\u2019un policier \u00e0 Toulon, retrouv\u00e9 mains et pieds entrav\u00e9s"},"content":{"rendered":"<p><strong>Le corps d\u2019un policier a \u00e9t\u00e9 d\u00e9couvert ce mercredi 3 septembre dans une crique \u00e0 <a href=\"https:\/\/www.epochtimes.fr\/t-toulon\" rel=\"nofollow noopener\" target=\"_blank\">Toulon<\/a> (Var). L\u2019affaire suscite de nombreuses interrogations car le procureur privil\u00e9gie l\u2019hypoth\u00e8se du suicide, alors que l\u2019agent portait une cagoule sur la t\u00eate, avait les mains et les pieds entrav\u00e9s.<\/strong><\/p>\n<p>Un fonctionnaire de police \u00e2g\u00e9 d\u2019une quarantaine d\u2019ann\u00e9es a \u00e9t\u00e9 retrouv\u00e9 sans vie, flottant dans l\u2019anse Magaud \u00e0 Toulon. Il portait une cagoule sur la t\u00eate, ses mains \u00e9taient menott\u00e9es dans son dos et ses pieds entrav\u00e9s par des colliers de serrage en plastique, comme le rapporte <a href=\"https:\/\/www.francebleu.fr\/infos\/faits-divers-justice\/le-corps-d-un-homme-menotte-retrouve-flottant-dans-l-anse-magaud-a-toulon-6005470\" rel=\"nofollow noopener\" target=\"_blank\">Ici Provence<\/a>. Des effets personnels li\u00e9s \u00e0 sa profession ont \u00e9galement \u00e9t\u00e9 d\u00e9couverts sur la rive.<\/p>\n<p><strong>Une sc\u00e8ne particuli\u00e8rement troublante<\/strong><\/p>\n<p>Les circonstances de la d\u00e9couverte du corps de ce policier, originaire de Toulon mais affect\u00e9 \u00e0 l\u2019Office anti-stup\u00e9fiants de Nanterre selon <a href=\"https:\/\/www.bfmtv.com\/var\/un-policier-retrouve-mort-avec-les-pieds-et-mains-entraves-a-toulon-la-these-du-suicide-privilegiee_AN-202509030542.html\" rel=\"nofollow noopener\" target=\"_blank\">BFMTV<\/a>, laissent \u00e0 penser qu\u2019il s\u2019agit d\u2019un acte criminel. Cependant, malgr\u00e9 l\u2019\u00e9tranget\u00e9 de la sc\u00e8ne, le procureur de la R\u00e9publique de Toulon, Samuel Finielz, indique \u00e0 la\u00a0cha\u00eene d\u2019information en continu que \u00ab\u202fde nombreux autres \u00e9l\u00e9ments permettent aussi de penser qu\u2019il aurait mis fin \u00e0 ses jours\u202f\u00bb.<\/p>\n<p>Ici Provence pr\u00e9cise \u00e9galement que sur la plage, les enqu\u00eateurs ont retrouv\u00e9 la carte professionnelle du policier, son brassard, son arme, ainsi qu\u2019une lettre.<\/p>\n<p><strong>Le policier se serait entrav\u00e9 lui-m\u00eame<\/strong><\/p>\n<p>L\u2019acc\u00e8s \u00e0 l\u2019anse Magaud depuis la corniche a \u00e9t\u00e9 interdit d\u00e8s le milieu de matin\u00e9e ce mercredi, apr\u00e8s la d\u00e9couverte du corps. Les forces de l\u2019ordre, elles, sont rest\u00e9es sur place tout au long de la matin\u00e9e, tandis qu\u2019une m\u00e9decin l\u00e9giste est intervenue pour proc\u00e9der aux premi\u00e8res constatations.<\/p>\n<p>Les premi\u00e8res analyses indiquent que la victime se serait elle-m\u00eame entrav\u00e9e avant de se jeter de la falaise, amenant ainsi le parquet \u00e0 privil\u00e9gier la piste du suicide.<\/p>\n<p>Une enqu\u00eate pour d\u00e9terminer les causes exactes du d\u00e9c\u00e8s a \u00e9t\u00e9 ouverte. Elle a \u00e9t\u00e9 confi\u00e9e \u00e0 la Direction interd\u00e9partementale de la police nationale du Var. Les r\u00e9sultats des expertises et de l\u2019autopsie seront d\u00e9terminants pour confirmer ou infirmer la piste privil\u00e9gi\u00e9e par le procureur.<\/p>\n<p><a class=\"btn-orange\" target=\"_blank\" href=\"https:\/\/www.epochtimes.fr\/donation\" rel=\"nofollow noopener\">Soutenez Epoch Times \u00e0 partir de 1\u20ac<\/a> Comment pouvez-vous nous aider \u00e0 vous tenir inform\u00e9s\u202f?<\/p>\n<p>Epoch Times est un m\u00e9dia libre et ind\u00e9pendant, ne recevant aucune aide publique et n\u2019appartenant \u00e0 aucun parti politique ou groupe financier. Depuis notre cr\u00e9ation, nous faisons face \u00e0 des attaques d\u00e9loyales pour faire taire nos informations portant notamment sur les questions de droits de l&rsquo;homme en Chine. C&rsquo;est pourquoi, nous comptons sur votre soutien pour d\u00e9fendre notre journalisme ind\u00e9pendant et pour continuer, gr\u00e2ce \u00e0 vous, \u00e0 faire conna\u00eetre la v\u00e9rit\u00e9.<\/p>\n","protected":false},"excerpt":{"rendered":"Le corps d\u2019un policier a \u00e9t\u00e9 d\u00e9couvert ce mercredi 3 septembre dans une crique \u00e0 Toulon (Var). L\u2019affaire&hellip;\n","protected":false},"author":2,"featured_media":365665,"comment_status":"","ping_status":"","sticky":false,"template":"","format":"standard","meta":{"footnotes":""},"categories":[9619],"tags":[1111,11,1777,674,1011,27,12,882,25,2310],"class_list":{"0":"post-365664","1":"post","2":"type-post","3":"status-publish","4":"format-standard","5":"has-post-thumbnail","7":"category-toulon","8":"tag-actu","9":"tag-actualites","10":"tag-eu","11":"tag-europe","12":"tag-fr","13":"tag-france","14":"tag-news","15":"tag-provence-alpes-cote-dazur","16":"tag-republique-francaise","17":"tag-toulon"},"share_on_mastodon":{"url":"https:\/\/pubeurope.com\/@fr\/115146031526642533","error":""},"_links":{"self":[{"href":"https:\/\/www.europesays.com\/fr\/wp-json\/wp\/v2\/posts\/365664","targetHints":{"allow":["GET"]}}],"collection":[{"href":"https:\/\/www.europesays.com\/fr\/wp-json\/wp\/v2\/posts"}],"about":[{"href":"https:\/\/www.europesays.com\/fr\/wp-json\/wp\/v2\/types\/post"}],"author":[{"embeddable":true,"href":"https:\/\/www.europesays.com\/fr\/wp-json\/wp\/v2\/users\/2"}],"replies":[{"embeddable":true,"href":"https:\/\/www.europesays.com\/fr\/wp-json\/wp\/v2\/comments?post=365664"}],"version-history":[{"count":0,"href":"https:\/\/www.europesays.com\/fr\/wp-json\/wp\/v2\/posts\/365664\/revisions"}],"wp:featuredmedia":[{"embeddable":true,"href":"https:\/\/www.europesays.com\/fr\/wp-json\/wp\/v2\/media\/365665"}],"wp:attachment":[{"href":"https:\/\/www.europesays.com\/fr\/wp-json\/wp\/v2\/media?parent=365664"}],"wp:term":[{"taxonomy":"category","embeddable":true,"href":"https:\/\/www.europesays.com\/fr\/wp-json\/wp\/v2\/categories?post=365664"},{"taxonomy":"post_tag","embeddable":true,"href":"https:\/\/www.europesays.com\/fr\/wp-json\/wp\/v2\/tags?post=365664"}],"curies":[{"name":"wp","href":"https:\/\/api.w.org\/{rel}","templated":true}]}}