{"id":365666,"date":"2025-09-04T12:29:10","date_gmt":"2025-09-04T12:29:10","guid":{"rendered":"https:\/\/www.europesays.com\/fr\/365666\/"},"modified":"2025-09-04T12:29:10","modified_gmt":"2025-09-04T12:29:10","slug":"j-6-avant-louverture-a-odysseum","status":"publish","type":"post","link":"https:\/\/www.europesays.com\/fr\/365666\/","title":{"rendered":"J-6 avant l&rsquo;ouverture \u00e0 Odysseum"},"content":{"rendered":"<p class=\"p2\">L\u2019arriv\u00e9e de Primark est toujours un \u00e9v\u00e9nement, et celui de Montpellier ne devrait pas faire exception. <strong>La grande ouverture est pr\u00e9vue pour le mardi 10 septembre \u00e0 10h<\/strong>. Des centaines de personnes sont attendues d\u00e8s les premi\u00e8res heures de la matin\u00e9e pour d\u00e9couvrir la vaste collection de v\u00eatements, accessoires et articles de maison \u00e0 des prix imbattables.<\/p>\n<p class=\"p2\">Pour marquer le coup, une inauguration officielle aura lieu en pr\u00e9sence de la directrice g\u00e9n\u00e9rale de Primark France et du maire de Montpellier, soulignant l\u2019importance de cette nouvelle implantation pour l\u2019attractivit\u00e9 du centre commercial et de la ville.<\/p>\n<blockquote class=\"twitter-tweet\" data-media-max-width=\"560\">\n<p dir=\"ltr\" lang=\"fr\">\ud83d\ude03L\u2019enseigne irlandaise se pr\u00e9pare \u00e0 ouvrir les portes de son 30\u00e8me magasin en France <a href=\"https:\/\/t.co\/IJAjY4kBQQ\" rel=\"nofollow\">https:\/\/t.co\/IJAjY4kBQQ<\/a><a href=\"https:\/\/twitter.com\/hashtag\/Montpellier?src=hash&amp;ref_src=twsrc%5Etfw\" rel=\"nofollow noopener\" target=\"_blank\">#Montpellier<\/a> <a href=\"https:\/\/twitter.com\/hashtag\/Primark?src=hash&amp;ref_src=twsrc%5Etfw\" rel=\"nofollow noopener\" target=\"_blank\">#Primark<\/a> <a href=\"https:\/\/twitter.com\/hashtag\/Odysseum?src=hash&amp;ref_src=twsrc%5Etfw\" rel=\"nofollow noopener\" target=\"_blank\">#Odysseum<\/a> <a href=\"https:\/\/t.co\/2cirBbQpys\" rel=\"nofollow\">pic.twitter.com\/2cirBbQpys<\/a><\/p>\n<p>\u2014 Claap Montpellier \ud83d\ude03 (@claapfr) <a href=\"https:\/\/twitter.com\/claapfr\/status\/1963571247511486651?ref_src=twsrc%5Etfw\" rel=\"nofollow noopener\" target=\"_blank\">September 4, 2025<\/a><\/p>\n<\/blockquote>\n<p>\t\t\t\t\t\t\t\t\t\t\t\t\t\t\t<script async src=\"https:\/\/platform.twitter.com\/widgets.js\" charset=\"utf-8\"><\/script><\/p>\n","protected":false},"excerpt":{"rendered":"L\u2019arriv\u00e9e de Primark est toujours un \u00e9v\u00e9nement, et celui de Montpellier ne devrait pas faire exception. La grande&hellip;\n","protected":false},"author":2,"featured_media":365667,"comment_status":"","ping_status":"","sticky":false,"template":"","format":"standard","meta":{"footnotes":""},"categories":[9599],"tags":[1111,11,1777,674,1011,27,2208,12,2680,25],"class_list":{"0":"post-365666","1":"post","2":"type-post","3":"status-publish","4":"format-standard","5":"has-post-thumbnail","7":"category-montpellier","8":"tag-actu","9":"tag-actualites","10":"tag-eu","11":"tag-europe","12":"tag-fr","13":"tag-france","14":"tag-montpellier","15":"tag-news","16":"tag-occitanie","17":"tag-republique-francaise"},"share_on_mastodon":{"url":"https:\/\/pubeurope.com\/@fr\/115146035615374624","error":""},"_links":{"self":[{"href":"https:\/\/www.europesays.com\/fr\/wp-json\/wp\/v2\/posts\/365666","targetHints":{"allow":["GET"]}}],"collection":[{"href":"https:\/\/www.europesays.com\/fr\/wp-json\/wp\/v2\/posts"}],"about":[{"href":"https:\/\/www.europesays.com\/fr\/wp-json\/wp\/v2\/types\/post"}],"author":[{"embeddable":true,"href":"https:\/\/www.europesays.com\/fr\/wp-json\/wp\/v2\/users\/2"}],"replies":[{"embeddable":true,"href":"https:\/\/www.europesays.com\/fr\/wp-json\/wp\/v2\/comments?post=365666"}],"version-history":[{"count":0,"href":"https:\/\/www.europesays.com\/fr\/wp-json\/wp\/v2\/posts\/365666\/revisions"}],"wp:featuredmedia":[{"embeddable":true,"href":"https:\/\/www.europesays.com\/fr\/wp-json\/wp\/v2\/media\/365667"}],"wp:attachment":[{"href":"https:\/\/www.europesays.com\/fr\/wp-json\/wp\/v2\/media?parent=365666"}],"wp:term":[{"taxonomy":"category","embeddable":true,"href":"https:\/\/www.europesays.com\/fr\/wp-json\/wp\/v2\/categories?post=365666"},{"taxonomy":"post_tag","embeddable":true,"href":"https:\/\/www.europesays.com\/fr\/wp-json\/wp\/v2\/tags?post=365666"}],"curies":[{"name":"wp","href":"https:\/\/api.w.org\/{rel}","templated":true}]}}