{"id":365668,"date":"2025-09-04T12:30:12","date_gmt":"2025-09-04T12:30:12","guid":{"rendered":"https:\/\/www.europesays.com\/fr\/365668\/"},"modified":"2025-09-04T12:30:12","modified_gmt":"2025-09-04T12:30:12","slug":"plus-de-bracelet-electronique-pour-haouas","status":"publish","type":"post","link":"https:\/\/www.europesays.com\/fr\/365668\/","title":{"rendered":"Plus de bracelet \u00e9lectronique pour Haouas"},"content":{"rendered":"<p class=\"date\">\n                                                            Paul Rouget, Media365 : publi\u00e9 le jeudi 04 septembre 2025 \u00e0 14h10\n                                                    <\/p>\n<p>Le pilier montpelli\u00e9rain Mohamed Haouas, condamn\u00e9 \u00e0 trois mois de prison ferme et qui portait un bracelet \u00e9lectronique depuis juillet, pourra l&rsquo;enlever d\u00e8s le 13 septembre suite \u00e0 une r\u00e9duction de peine.<\/p>\n<p>Une r\u00e9duction de peine pour Mohamed Haouas. <a href=\"https:\/\/sports.orange.fr\/rugby\/top-14\/article\/montpellier-haouas-peut-il-jouer-avec-son-bracelet-electronique-exclu-CNT000002i61Qb.html\" rel=\"nofollow noopener\" target=\"_blank\">Condamn\u00e9 en f\u00e9vrier dernier \u00e0 trois mois de prison ferme<\/a> pour conduite en \u00e9tat d&rsquo;\u00e9bri\u00e9t\u00e9 en d\u00e9cembre 2024, un nouveau d\u00e9rapage pour celui qui avait d\u00e9j\u00e0 un casier bien rempli, le pilier montpelli\u00e9rain, retrouv\u00e9 et ivre et endormi au volant de sa voiture dans le quartier de La Paillade, avec un taux d&rsquo;alcool\u00e9mie de 1,8g d&rsquo;alcool dans le sang, devait purger sa peine avec un bracelet \u00e9lectronique, qu&rsquo;il porte \u00e0 sa cheville depuis le d\u00e9but du mois de juillet.<\/p>\n<p>Mais L&rsquo;Equipe r\u00e9v\u00e8le que le joueur de 31 ans a donc b\u00e9n\u00e9fici\u00e9 d&rsquo;une r\u00e9duction de peine, de 20 jours, et qu&rsquo;il pourra enlever son bracelet \u00e9lectronique d\u00e8s le 13 septembre, alors qu&rsquo;il \u00e9tait cens\u00e9 le porter jusqu&rsquo;au 3 octobre. Avec son bracelet, il s&rsquo;est entra\u00een\u00e9 sans probl\u00e8me, et a m\u00eame particip\u00e9 aux deux rencontres de pr\u00e9paration du MHR, contre Pau (26-5) et Perpignan (34-24).<\/p>\n<p>L&rsquo;ancien international tricolore (16 s\u00e9lections entre 2020 et 2023) aura donc encore son bracelet pour l&rsquo;ouverture du championnat, samedi \u00e0 19h contre le RC Toulon au Septeo Stadium, dans le cadre de <a href=\"https:\/\/sports.orange.fr\/rugby\/top-14\/article\/top-14-tout-savoir-sur-la-saison-2025-2026-exclu-CNT000002ktnB5.html\" rel=\"nofollow noopener\" target=\"_blank\">la 1\u00e8re journ\u00e9e de Top 14<\/a>.<\/p>\n<p>Il va repasser au tribunal<\/p>\n<p>Il n&rsquo;en a toutefois pas fini avec la justice. En juin 2023, il avait \u00e9cop\u00e9 de 18 mois de prison, dont 9 ferme, pour violences conjugales, et a ensuite fait appel de ce jugement. Ce qui signifie qu&rsquo;il devra retourner au tribunal.<\/p>\n<p>L&rsquo;affaire avait fait grand bruit, car <a href=\"https:\/\/sports.orange.fr\/rugby\/coupe-du-monde\/article\/xv-de-france-galthie-a-annonce-a-haouas-qu-il-ne-fera-pas-la-coupe-du-monde-CNT0000024xDl1.html\" rel=\"nofollow noopener\" target=\"_blank\">Haouas avait frapp\u00e9 son \u00e9pouse dans un centre commercial de Montpellier<\/a>, devant de nombreux t\u00e9moins ainsi que les cam\u00e9ras de vid\u00e9osurveillance. Et ce car il l&rsquo;avait surprise&#8230; en train de fumer une cigarette.<\/p>\n<p>\u00ab\u00a0Elle a le droit de fumer, mais le probl\u00e8me, c&rsquo;est qu&rsquo;elle m&rsquo;a menti. Et je me suis dit que si elle peut mentir pour la cigarette, elle peut mentir pour autre chose\u00a0\u00bb, avait-il expliqu\u00e9 \u00e0 la barre, minimisant les coups port\u00e9s en parlant de \u00ab petit croche-pied\u00a0\u00bb et d&rsquo;une \u00ab\u00a0petite gifle, comme \u00e7a.\u00a0\u00bb<\/p>\n","protected":false},"excerpt":{"rendered":"Paul Rouget, Media365 : publi\u00e9 le jeudi 04 septembre 2025 \u00e0 14h10 Le pilier montpelli\u00e9rain Mohamed Haouas, condamn\u00e9&hellip;\n","protected":false},"author":2,"featured_media":365669,"comment_status":"","ping_status":"","sticky":false,"template":"","format":"standard","meta":{"footnotes":""},"categories":[9599],"tags":[1111,11,1777,674,1011,27,2208,12,2680,25],"class_list":{"0":"post-365668","1":"post","2":"type-post","3":"status-publish","4":"format-standard","5":"has-post-thumbnail","7":"category-montpellier","8":"tag-actu","9":"tag-actualites","10":"tag-eu","11":"tag-europe","12":"tag-fr","13":"tag-france","14":"tag-montpellier","15":"tag-news","16":"tag-occitanie","17":"tag-republique-francaise"},"share_on_mastodon":{"url":"https:\/\/pubeurope.com\/@fr\/115146039207886119","error":""},"_links":{"self":[{"href":"https:\/\/www.europesays.com\/fr\/wp-json\/wp\/v2\/posts\/365668","targetHints":{"allow":["GET"]}}],"collection":[{"href":"https:\/\/www.europesays.com\/fr\/wp-json\/wp\/v2\/posts"}],"about":[{"href":"https:\/\/www.europesays.com\/fr\/wp-json\/wp\/v2\/types\/post"}],"author":[{"embeddable":true,"href":"https:\/\/www.europesays.com\/fr\/wp-json\/wp\/v2\/users\/2"}],"replies":[{"embeddable":true,"href":"https:\/\/www.europesays.com\/fr\/wp-json\/wp\/v2\/comments?post=365668"}],"version-history":[{"count":0,"href":"https:\/\/www.europesays.com\/fr\/wp-json\/wp\/v2\/posts\/365668\/revisions"}],"wp:featuredmedia":[{"embeddable":true,"href":"https:\/\/www.europesays.com\/fr\/wp-json\/wp\/v2\/media\/365669"}],"wp:attachment":[{"href":"https:\/\/www.europesays.com\/fr\/wp-json\/wp\/v2\/media?parent=365668"}],"wp:term":[{"taxonomy":"category","embeddable":true,"href":"https:\/\/www.europesays.com\/fr\/wp-json\/wp\/v2\/categories?post=365668"},{"taxonomy":"post_tag","embeddable":true,"href":"https:\/\/www.europesays.com\/fr\/wp-json\/wp\/v2\/tags?post=365668"}],"curies":[{"name":"wp","href":"https:\/\/api.w.org\/{rel}","templated":true}]}}