{"id":36567,"date":"2025-04-19T13:15:21","date_gmt":"2025-04-19T13:15:21","guid":{"rendered":"https:\/\/www.europesays.com\/fr\/36567\/"},"modified":"2025-04-19T13:15:21","modified_gmt":"2025-04-19T13:15:21","slug":"65-000-euros-en-liquide-et-un-demi-kilo-de-cocaine-saisis-au-petit-bard","status":"publish","type":"post","link":"https:\/\/www.europesays.com\/fr\/36567\/","title":{"rendered":"65 000 euros en liquide et un demi-kilo de coca\u00efne saisis au Petit Bard"},"content":{"rendered":"<p>            Par<br \/>\n        <strong><br \/>\n            <a href=\"https:\/\/actu.fr\/auteur\/lea-pippinato\" title=\"Consulter tous les articles de L\u00e9a Pippinato\" rel=\"nofollow noopener\" target=\"_blank\">L\u00e9a Pippinato<\/a><br \/>\n        <\/strong><\/p>\n<p>        Publi\u00e9 le<\/p>\n<p>            18 avr. 2025 \u00e0 17h43        <\/p>\n<p><strong>Dans la nuit de ce jeudi 17 \u00e0 ce vendredi 18 avril 2025<\/strong>, aux alentours de 1h40, une patrouille de la brigade anti-criminalit\u00e9 (Bac) effectue un contr\u00f4le routier dans le quartier du Petit Bard, \u00e0 <strong>Montpellier<\/strong>. Trois personnes se trouvent \u00e0 bord du v\u00e9hicule : deux hommes \u00e2g\u00e9s de 23 ans et une femme de 29 ans. Le ton du contr\u00f4le change lorsqu\u2019une somme importante d\u2019argent liquide est d\u00e9couverte dans l\u2019habitacle. Le montant s\u2019\u00e9l\u00e8ve \u00e0 pr\u00e8s de 65 000 euros.<\/p>\n<p>    <a href=\"https:\/\/www.google.com\/maps\/embed?pb=!1m18!1m12!1m3!1d5776.98996345349!2d3.8318842971512193!3d43.61705573441503!2m3!1f0!2f0!3f0!3m2!1i1024!2i768!4f13.1!3m3!1m2!1s0x12b6ae8f2e9cbe8f%3A0x2f5b02ebaa63bf7e!2sPergola%20Petit-Bard%2C%2034080%20Montpellier!5e0!3m2!1sen!2sfr!4v1744990599982!5m2!1sen!2sfr\" title=\"Ouvrie le lien\" rel=\"nofollow noopener\" target=\"_blank\">Cliquez ici pour visualiser le contenu<\/a><\/p>\n<p class=\" wall-content\">La femme interpell\u00e9e habite le quartier. Lors d\u2019une perquisition men\u00e9e \u00e0 son domicile, les policiers nationaux y d\u00e9couvrent environ un demi-kilo de coca\u00efne. Les deux hommes, originaires de Haute-Savoie, ne r\u00e9sident pas sur place.<\/p>\n<p>Une affaire qui s\u2019\u00e9paissit<\/p>\n<p class=\" wall-content\">Peu apr\u00e8s, deux autres individus sont interpell\u00e9s \u00e0 proximit\u00e9 du domicile de la jeune femme. Ces personnes sont elles aussi plac\u00e9es en garde \u00e0 vue. Une seconde perquisition est engag\u00e9e. Celle-ci serait \u00e9galement positive, sans que le contenu exact ne soit encore r\u00e9v\u00e9l\u00e9. Pour les enqu\u00eateurs, il ne fait gu\u00e8re de doute que l\u2019affaire s\u2019articule autour d\u2019un trafic de produits stup\u00e9fiants. Cette nouvelle affaire intervient dans un contexte tendu \u00e0 Montpellier. Sur les seuls cinq jours pr\u00e9c\u00e9dents, <strong>entre le 11 et le 15 avril<\/strong>, la police nationale a interpell\u00e9 14 individus dans la cit\u00e9 G\u00e9ly, dont 4 mineurs. Sur ces 14 personnes, 11 ont \u00e9t\u00e9 pr\u00e9sent\u00e9es \u00e0 la justice. Trois mineurs seront convoqu\u00e9s devant le juge des enfants.<\/p>\n<p class=\" wall-content\">Suivez toute l\u2019actualit\u00e9 de vos villes et m\u00e9dias favoris en vous inscrivant \u00e0 <a href=\"https:\/\/moncompte.actu.fr\" title=\"D\u00e9couvez Mon Actu\" rel=\"nofollow noopener\" data-trk=\"{&quot;cta&quot;:{&quot;action&quot;:&quot;https:\\\/\\\/moncompte.actu.fr&quot;,&quot;category&quot;:&quot;mon compte&quot;,&quot;from&quot;:&quot;article footer&quot;,&quot;name&quot;:&quot;Mon actu&quot;,&quot;type&quot;:&quot;cta&quot;}}\" target=\"_blank\">Mon Actu<\/a>.<\/p>\n","protected":false},"excerpt":{"rendered":"Par L\u00e9a Pippinato Publi\u00e9 le 18 avr. 2025 \u00e0 17h43 Dans la nuit de ce jeudi 17 \u00e0&hellip;\n","protected":false},"author":2,"featured_media":36568,"comment_status":"","ping_status":"","sticky":false,"template":"","format":"standard","meta":{"footnotes":""},"categories":[9599],"tags":[1111,11,1052,1777,674,118,1011,27,2208,12,2680,1072,25],"class_list":{"0":"post-36567","1":"post","2":"type-post","3":"status-publish","4":"format-standard","5":"has-post-thumbnail","7":"category-montpellier","8":"tag-actu","9":"tag-actualites","10":"tag-drogue","11":"tag-eu","12":"tag-europe","13":"tag-faits-divers","14":"tag-fr","15":"tag-france","16":"tag-montpellier","17":"tag-news","18":"tag-occitanie","19":"tag-police","20":"tag-republique-francaise"},"share_on_mastodon":{"url":"https:\/\/pubeurope.com\/@fr\/114364817486387147","error":""},"_links":{"self":[{"href":"https:\/\/www.europesays.com\/fr\/wp-json\/wp\/v2\/posts\/36567","targetHints":{"allow":["GET"]}}],"collection":[{"href":"https:\/\/www.europesays.com\/fr\/wp-json\/wp\/v2\/posts"}],"about":[{"href":"https:\/\/www.europesays.com\/fr\/wp-json\/wp\/v2\/types\/post"}],"author":[{"embeddable":true,"href":"https:\/\/www.europesays.com\/fr\/wp-json\/wp\/v2\/users\/2"}],"replies":[{"embeddable":true,"href":"https:\/\/www.europesays.com\/fr\/wp-json\/wp\/v2\/comments?post=36567"}],"version-history":[{"count":0,"href":"https:\/\/www.europesays.com\/fr\/wp-json\/wp\/v2\/posts\/36567\/revisions"}],"wp:featuredmedia":[{"embeddable":true,"href":"https:\/\/www.europesays.com\/fr\/wp-json\/wp\/v2\/media\/36568"}],"wp:attachment":[{"href":"https:\/\/www.europesays.com\/fr\/wp-json\/wp\/v2\/media?parent=36567"}],"wp:term":[{"taxonomy":"category","embeddable":true,"href":"https:\/\/www.europesays.com\/fr\/wp-json\/wp\/v2\/categories?post=36567"},{"taxonomy":"post_tag","embeddable":true,"href":"https:\/\/www.europesays.com\/fr\/wp-json\/wp\/v2\/tags?post=36567"}],"curies":[{"name":"wp","href":"https:\/\/api.w.org\/{rel}","templated":true}]}}